{"id":3255,"date":"2007-01-09T13:49:21","date_gmt":"2007-01-09T11:49:21","guid":{"rendered":"http:\/\/www.ced.org.tr\/?p=3255"},"modified":"2007-01-09T13:49:21","modified_gmt":"2007-01-09T11:49:21","slug":"eczaci-kamuoyuna","status":"publish","type":"post","link":"http:\/\/www.ced.org.tr\/?p=3255","title":{"rendered":"ECZACI KAMUOYUNA"},"content":{"rendered":"<h2 align=\"left\">ECZACI KAMUOYUNA<span>&nbsp;&nbsp;&nbsp;&nbsp;&nbsp;&nbsp;&nbsp;&nbsp;&nbsp;&nbsp;&nbsp; <\/span><\/h2>\n<p class=\"MsoNormal\"><span style=\"font-size: 10pt; font-family: Tahoma\">Bug&uuml;n ila&ccedil;, eczac\u0131l\u0131k ve sa\u011fl\u0131k alan\u0131nda izlenen yanl\u0131\u015f politikalar nedeniyle pek &ccedil;ok belirsizli\u011fin var oldu\u011fu olduk&ccedil;a s\u0131k\u0131nt\u0131l\u0131 bir s&uuml;reci ya\u015f\u0131yoruz.&nbsp;<\/span><\/p>\n<p class=\"MsoNormal\"><span style=\"font-size: 10pt; font-family: Tahoma\">IMF dayatmalar\u0131n\u0131n bir sonucu olarak siyasi iktidarca g&uuml;ndeme getirilen yasalar, ila&ccedil; ve da\u011f\u0131t\u0131m tekellerini g&ouml;zeten d&uuml;zenlemeler, eczac\u0131lar\u0131n mesleki kazan\u0131mlar\u0131n\u0131 t&uuml;keten ila&ccedil; fiyat kararnameleri, g&uuml;n&uuml;nde yap\u0131lmayan &ouml;demeler nedeniyle kullan\u0131lmak zorunda kal\u0131nan banka kredileri, haks\u0131z kesintiler, hesab\u0131 sorulamayan uygulamalar eczane ekonomilerini h\u0131zla t&uuml;ketiyor.<\/span><\/p>\n<p class=\"MsoNormal\"><span style=\"font-size: 10pt; font-family: Tahoma\">Tek tarafl\u0131 olarak d&uuml;zenlenen ve eczac\u0131lara bir k&ouml;lelik anla\u015fmas\u0131 olarak sunulan, i&ccedil;erdi\u011fi pek &ccedil;ok antidemokratik h&uuml;k&uuml;mler nedeniyle demokratik bir &uuml;lke olma iddias\u0131n\u0131 bo\u015flukta b\u0131rakan yeni kamu ila&ccedil; al\u0131m protokol&uuml; bir di\u011fer &ouml;nemli sorunu olu\u015fturuyor.&nbsp;<\/span><\/p>\n<p class=\"MsoNormal\"><span style=\"font-size: 10pt; font-family: Tahoma\">Yeni ila&ccedil; al\u0131m protokol&uuml; ile g&uuml;ndeme getirilen avans uygulamas\u0131, dayat\u0131lmak istenen 75 g&uuml;nl&uuml;k al\u0131m s&uuml;resi eczanelerin &ccedil;o\u011funlu\u011funu zor durumda b\u0131rakacak, &ouml;nemli bir b&ouml;l&uuml;m&uuml;n&uuml; de iflas\u0131n e\u015fi\u011fine s&uuml;r&uuml;kleyecek kayg\u0131 verici geli\u015fmelerdir.&nbsp;<\/span><\/p>\n<p class=\"MsoNormal\"><span style=\"font-size: 10pt; font-family: Tahoma\">\u0130la&ccedil; tekellerinin kural tan\u0131maz, pervas\u0131zca uygulamalar\u0131, ila&ccedil; da\u011f\u0131t\u0131m tekellerinin sat\u0131\u015f ko\u015fullar\u0131yla ilgili yeni dayatmalar\u0131 eczaneler cephesinde ya\u015fanan s\u0131k\u0131nt\u0131l\u0131 s&uuml;recin kabul edilemez bir di\u011fer boyutunu olu\u015fturuyor.&nbsp;<\/span><\/p>\n<p class=\"MsoNormal\"><span style=\"font-size: 10pt; font-family: Tahoma\">6197 say\u0131l\u0131 yasa ile ilgili de\u011fi\u015fiklikler, sa\u011fl\u0131k politikalar\u0131nda oldu\u011fu gibi yapboza d&ouml;n&uuml;\u015ft&uuml;r&uuml;ld&uuml;. Eczac\u0131 odalar\u0131na verilen s&ouml;zler tutulmad\u0131. Serbest eczane alan\u0131n\u0131 ticaret alan\u0131na d&ouml;n&uuml;\u015ft&uuml;rmek isteyen sermaye &ccedil;evrelerinin bu s&uuml;re&ccedil;te etkin olma &ccedil;abalar\u0131n\u0131 g&ouml;r&uuml;yoruz. Eczac\u0131 odalar\u0131n\u0131n yetki ve sorumluluk almalar\u0131 bu ama&ccedil;la engellenmek isteniyor.&nbsp;<\/span><\/p>\n<p class=\"MsoNormal\"><span style=\"font-size: 10pt; font-family: Tahoma\">D&uuml;n SSK&rsquo;da ya\u015fanan kuyruklar\u0131 kendi politikalar\u0131na gerek&ccedil;e yapanlar, bug&uuml;n s&uuml;rekli de\u011fi\u015fen b&uuml;rokratik kurallar, protokol h&uuml;k&uuml;mleri nedeniyle eczane ile sa\u011fl\u0131k kurumlar\u0131 aras\u0131nda mekik dokuyan, git-geller ya\u015fayan yurtta\u015flar\u0131n sorunlar\u0131n\u0131 ise g&ouml;rmezden geliyor.&nbsp;<\/span><\/p>\n<p class=\"MsoNormal\"><span style=\"font-size: 10pt; font-family: Tahoma\">Sa\u011fl\u0131kl\u0131 ya\u015fam\u0131 de\u011fil, sa\u011fl\u0131kta tasarruf yapmay\u0131 temel ama&ccedil; edinen sa\u011fl\u0131k politikalar\u0131n\u0131n faturas\u0131 t&uuml;m&uuml;yle eczac\u0131n\u0131n ve halk\u0131n s\u0131rt\u0131na y&uuml;kleniyor.&nbsp;<\/span><\/p>\n<p class=\"MsoNormal\"><span style=\"font-size: 10pt; font-family: Tahoma\">Biz eczac\u0131lar b&uuml;rokratik kurallar\u0131 anlatmaktan, vatanda\u015flar ise dinlemekten yoruldu. B&uuml;rokrasi <\/span><\/p>\n<p class=\"MsoNormal\"><span style=\"font-size: 10pt; font-family: Tahoma\">eczac\u0131y\u0131, hekimi ve hastay\u0131 can\u0131ndan bezdirdi.&nbsp;<\/span><\/p>\n<p class=\"MsoNormal\"><span style=\"font-size: 10pt; font-family: Tahoma\">T&uuml;m bu olumsuzluklara ek olarak g&uuml;ndeme getirilen \u0130la&ccedil; Kurumu Yasa Tasar\u0131s\u0131yla 1262 say\u0131l\u0131 yasa y&uuml;r&uuml;rl&uuml;kten kald\u0131r\u0131l\u0131p re&ccedil;etesiz ila&ccedil;lar\u0131n eczane d\u0131\u015f\u0131nda sat\u0131lmas\u0131n\u0131n ve ila&ccedil;ta reklam\u0131n &ouml;n&uuml; a&ccedil;\u0131lmak isteniyor.&nbsp;<\/span><\/p>\n<p class=\"MsoNormal\"><span style=\"font-size: 10pt; font-family: Tahoma\">Sa\u011fl\u0131kl\u0131 ve insanca ya\u015famak hakk\u0131 bu &uuml;lkenin t&uuml;m yurtta\u015flar\u0131na tart\u0131\u015fmas\u0131z ve ko\u015fulsuz sa\u011flanmas\u0131 gereken bir hakt\u0131r. IMF&rsquo;nin dayatmalar\u0131yla bu hak s\u0131n\u0131rland\u0131r\u0131lamaz.<\/span><strong><span style=\"font-size: 11pt; font-family: Tahoma\"> <br \/><\/span><\/strong><\/p>\n<p class=\"MsoNormal\"><strong><span style=\"font-size: 11pt; font-family: Tahoma\">Yeter art\u0131k diyoruz. &Ouml;zverinin adresi ne eczac\u0131lard\u0131r ne de halk. Yanl\u0131\u015f politikalardan bir an &ouml;nce d&ouml;n&uuml;lmesini istiyoruz.<\/span><\/strong><\/p>\n<h1>14 OCAK PAZAR G&Uuml;N&Uuml; SAAT 12.00&rsquo;DE KADIK&Ouml;Y&rsquo;DEY\u0130Z <br \/><\/h1>\n<h2 align=\"center\">&Ccedil;A\u011eDA\u015e ECZACILAR DERNE\u011e\u0130<span style=\"font-family: Tahoma\"> <br \/><\/span><\/h2>\n","protected":false},"excerpt":{"rendered":"<p>ECZACI KAMUOYUNA&nbsp;&nbsp;&nbsp;&nbsp;&nbsp;&nbsp;&nbsp;&nbsp;&nbsp;&nbsp;&nbsp; Bug&uuml;n ila&ccedil;, eczac\u0131l\u0131k ve sa\u011fl\u0131k alan\u0131nda izlenen yanl\u0131\u015f politikalar nedeniyle pek &ccedil;ok belirsizli\u011fin var oldu\u011fu olduk&ccedil;a s\u0131k\u0131nt\u0131l\u0131 bir&#46;&#46;&#46;<\/p>\n","protected":false},"author":1,"featured_media":0,"comment_status":"closed","ping_status":"closed","sticky":false,"template":"","format":"standard","meta":{"_jetpack_memberships_contains_paid_content":false,"footnotes":""},"categories":[1],"tags":[],"class_list":["post-3255","post","type-post","status-publish","format-standard","hentry","category-ced"],"aioseo_notices":[],"jetpack_featured_media_url":"","jetpack_sharing_enabled":true,"jetpack-related-posts":[],"_links":{"self":[{"href":"http:\/\/www.ced.org.tr\/index.php?rest_route=\/wp\/v2\/posts\/3255","targetHints":{"allow":["GET"]}}],"collection":[{"href":"http:\/\/www.ced.org.tr\/index.php?rest_route=\/wp\/v2\/posts"}],"about":[{"href":"http:\/\/www.ced.org.tr\/index.php?rest_route=\/wp\/v2\/types\/post"}],"author":[{"embeddable":true,"href":"http:\/\/www.ced.org.tr\/index.php?rest_route=\/wp\/v2\/users\/1"}],"replies":[{"embeddable":true,"href":"http:\/\/www.ced.org.tr\/index.php?rest_route=%2Fwp%2Fv2%2Fcomments&post=3255"}],"version-history":[{"count":0,"href":"http:\/\/www.ced.org.tr\/index.php?rest_route=\/wp\/v2\/posts\/3255\/revisions"}],"wp:attachment":[{"href":"http:\/\/www.ced.org.tr\/index.php?rest_route=%2Fwp%2Fv2%2Fmedia&parent=3255"}],"wp:term":[{"taxonomy":"category","embeddable":true,"href":"http:\/\/www.ced.org.tr\/index.php?rest_route=%2Fwp%2Fv2%2Fcategories&post=3255"},{"taxonomy":"post_tag","embeddable":true,"href":"http:\/\/www.ced.org.tr\/index.php?rest_route=%2Fwp%2Fv2%2Ftags&post=3255"}],"curies":[{"name":"wp","href":"https:\/\/api.w.org\/{rel}","templated":true}]}}