{"id":3256,"date":"2007-01-09T13:54:13","date_gmt":"2007-01-09T11:54:13","guid":{"rendered":"http:\/\/www.ced.org.tr\/?p=3256"},"modified":"2007-01-09T13:54:13","modified_gmt":"2007-01-09T11:54:13","slug":"ne-istiyoruz","status":"publish","type":"post","link":"http:\/\/www.ced.org.tr\/?p=3256","title":{"rendered":"NE \u0130ST\u0130YORUZ?"},"content":{"rendered":"<div class=\"Section1\">\n<h1 align=\"center\"><span style=\"font-size: 22pt\">NE \u0130ST\u0130YORUZ<\/span><\/h1>\n<h1 style=\"text-align: center\" align=\"center\"><span style=\"font-size: 8pt\"><\/p>\n<hr \/>\n<p><\/span><\/h1>\n<p>1- <span style=\"font-size: 10.5pt; font-family: Tahoma\">Sa\u011fl\u0131kl\u0131 ya\u015fam hakk\u0131n\u0131n t&uuml;m bireylere e\u015fit ko\u015fullarda sa\u011flanmas\u0131n\u0131 istiyoruz.<\/span><\/p>\n<p><span style=\"font-size: 10.5pt; font-family: Tahoma\">2- <\/span><span style=\"font-size: 10.5pt; font-family: Tahoma\">\u0130la&ccedil; bulunabilir ve al\u0131nabilir olsun istiyoruz.<\/span><\/p>\n<\/div>\n<p><span style=\"font-size: 10.5pt; font-family: Tahoma\">3- Devletin finans y&uuml;k&uuml;n&uuml; s\u0131rt\u0131nda ta\u015f\u0131mak eczac\u0131n\u0131n g&ouml;rev ve sorumlulu\u011funda de\u011fildir. Bu durumun de\u011fi\u015fmesini istiyoruz.<\/span><\/p>\n<p>4- <span style=\"font-size: 10.5pt; font-family: Tahoma\">S&uuml;rekli de\u011fi\u015fen kurallar, yamal\u0131 boh&ccedil;aya d&ouml;nen s&ouml;zle\u015fmeler de\u011fil, ak\u0131ll\u0131ca planlanan kal\u0131c\u0131 s&ouml;zle\u015fmeler istiyoruz.<\/span><\/p>\n<p class=\"MsoNormal\">5- <span style=\"font-size: 10.5pt; font-family: Tahoma\">Avans de\u011fil, verdi\u011fimiz hizmetin eksiksiz kar\u015f\u0131l\u0131\u011f\u0131n\u0131 istiyoruz.<\/span><\/p>\n<div class=\"Section2\">\n<p class=\"MsoNormal\">&nbsp;<\/p>\n<\/div>\n<p class=\"MsoNormal\">6- <span style=\"font-size: 10.5pt; font-family: Tahoma\">&Ccedil;\u0131kar\u0131lan her yeni yasa ve y&ouml;netmelikle hak kayb\u0131na u\u011framaktan b\u0131kt\u0131k. Hak kayb\u0131n\u0131 &ouml;nleyecek yasal d&uuml;zenlemeler istiyoruz.<\/span><\/p>\n<p class=\"MsoNormal\">7- <span style=\"font-size: 10.5pt; font-family: Tahoma\">Meslek &ouml;rg&uuml;tlerimize yasalarla g&uuml;venceye al\u0131nm\u0131\u015f yetki ve sorumluluk verilmesini istiyoruz.<\/span><\/p>\n<p class=\"MsoNormal\">8- <span style=\"font-size: 10.5pt; font-family: Tahoma\">Eczac\u0131 olmak mesleki bir formasyondur. Meslek hakk\u0131m\u0131z\u0131 istiyoruz.<\/span><\/p>\n<p class=\"MsoNormal\">9- <span style=\"font-size: 10.5pt; font-family: Tahoma\">Sa\u011fl\u0131kta y\u0131k\u0131m\u0131n durdurulmas\u0131n\u0131 istiyoruz.<\/span><\/p>\n<p class=\"MsoNormal\">10- <span style=\"font-size: 10.5pt; font-family: Tahoma\">Eczac\u0131, hekim, m&uuml;hendis, &ouml;\u011fretmen, i\u015f&ccedil;i, emek&ccedil;i, emekli, bu &uuml;lkenin yurtta\u015flar\u0131 olarak sa\u011fl\u0131kl\u0131 ve insanca ya\u015famak istiyoruz.<\/span><\/p>\n<p class=\"MsoNormal\">11- <span style=\"font-size: 10.5pt; font-family: Tahoma\">Biz anlatmaktan halk dinlemekten yoruldu. Yeter art\u0131k diyoruz. \u0130stikrarl\u0131 ve kal\u0131c\u0131 ila&ccedil; politikalar\u0131 istiyoruz.<\/span><\/p>\n<p class=\"MsoNormal\">12- <span style=\"font-size: 10.5pt; font-family: Tahoma\">Provizyon sistemlerinden kaynaklanan hatalar\u0131n faturas\u0131 eczac\u0131lara y&uuml;klenemez. D&uuml;zg&uuml;n i\u015fleyen ve sorunsuz bir provizyon sistemi istiyoruz.<\/span><\/p>\n<p class=\"MsoNormal\"><span style=\"font-size: 10.5pt; font-family: Tahoma\">13- Bedelsiz kamula\u015ft\u0131rmalar\u0131n son bulmas\u0131n\u0131 ve eczanelerdeki y\u0131k\u0131m\u0131n durdurulmas\u0131n\u0131 istiyoruz.<\/span><\/p>\n<p class=\"MsoNormal\">14- <span style=\"font-size: 10.5pt; font-family: Tahoma\">\u0130la&ccedil;lar\u0131n fiyatland\u0131r\u0131lmas\u0131na ili\u015fkin kararlarla ya da referans fiyat uygulamas\u0131yla g&uuml;ndeme gelen ila&ccedil; fiyat d&uuml;\u015f&uuml;\u015fleri sonucu eczac\u0131lar\u0131n u\u011frad\u0131klar\u0131 hak kay\u0131plar\u0131n\u0131 &ouml;nleyecek, eczane ekonomilerini koruyacak yasal d&uuml;zenlemeler istiyoruz.<\/span><\/p>\n<p style=\"margin-left: 18pt; text-indent: -18pt\" class=\"MsoNormal\">15- <span style=\"font-size: 10.5pt; font-family: Tahoma\">Kademeli iskonto uygulamas\u0131n\u0131n yeniden d&uuml;zenlenmesini istiyoruz.<\/span><\/p>\n<p style=\"margin-left: 18pt; text-indent: -18pt\" class=\"MsoNormal\">16- <span style=\"font-size: 10.5pt; font-family: Tahoma\">Adil bir re&ccedil;ete da\u011f\u0131t\u0131m sistemi istiyoruz.<\/span><\/p>\n<h3 style=\"text-align: center\" align=\"center\"><span style=\"font-size: 8pt\"><\/p>\n<hr \/>\n<p><\/span><\/h3>\n<h3 style=\"text-align: center\" align=\"center\">DE\u011eERL\u0130 MESLEKTA\u015eLARIMIZ,<\/h3>\n<p style=\"text-align: center\" class=\"MsoNormal\" align=\"center\"><span style=\"font-size: 11pt; font-family: Tahoma\">Yapt\u0131\u011f\u0131m\u0131z t&uuml;m uyar\u0131lar\u0131 g&ouml;z ard\u0131 eden iktidar\u0131 ve ila&ccedil; sermaye &ccedil;evrelerini bir kez daha uyarmak, yukar\u0131da s\u0131ralad\u0131\u011f\u0131m\u0131z taleplerimizi ya\u015fama ge&ccedil;irmek i&ccedil;in yeni bir eylemlilik s&uuml;recini ba\u015flatm\u0131\u015f bulunuyoruz.<\/span><\/p>\n<p style=\"text-align: center\" class=\"MsoNormal\" align=\"center\"><span style=\"font-size: 11pt; font-family: Tahoma\">S&uuml;reci eczac\u0131dan ve toplumdan yana olgunla\u015ft\u0131rmak &ouml;rg&uuml;tl&uuml; m&uuml;cadele, dayan\u0131\u015fma, g&uuml;&ccedil;birli\u011fi ve daha fazla duyarl\u0131l\u0131kla m&uuml;mk&uuml;nd&uuml;r.<\/span><\/p>\n<p style=\"text-align: center\" class=\"MsoNormal\" align=\"center\"><span style=\"font-size: 11pt; font-family: Tahoma\">Bu eylemlilik s&uuml;recine olanca kitleselli\u011fiyle sahip &ccedil;\u0131kmak, eczac\u0131 odalar\u0131m\u0131z\u0131n yan\u0131 ba\u015f\u0131nda durmak her bir eczac\u0131 i&ccedil;in ka&ccedil;\u0131n\u0131lmaz tarihsel bir g&ouml;revdir.&nbsp;<\/span><\/p>\n<h3 style=\"text-align: center\" align=\"center\">G&uuml;n her t&uuml;rl&uuml; ayr\u0131l\u0131klar\u0131n, farkl\u0131l\u0131klar\u0131n bir kenara b\u0131rak\u0131ld\u0131\u011f\u0131, birlik ve dayan\u0131\u015fma g&uuml;n&uuml;d&uuml;r. YA BA\u015eARACA\u011eIZ, YA BA\u015eARACA\u011eIZ!<\/h3>\n<h3 style=\"text-align: center\" align=\"center\">14 OCAK&rsquo;TA SAAT 12.00&rsquo;DE KADIK&Ouml;Y&rsquo;DEY\u0130Z!<\/h3>\n","protected":false},"excerpt":{"rendered":"<p>NE \u0130ST\u0130YORUZ 1- Sa\u011fl\u0131kl\u0131 ya\u015fam hakk\u0131n\u0131n t&uuml;m bireylere e\u015fit ko\u015fullarda sa\u011flanmas\u0131n\u0131 istiyoruz. 2- \u0130la&ccedil; bulunabilir ve al\u0131nabilir olsun istiyoruz. 3-&#46;&#46;&#46;<\/p>\n","protected":false},"author":1,"featured_media":0,"comment_status":"closed","ping_status":"closed","sticky":false,"template":"","format":"standard","meta":{"_jetpack_memberships_contains_paid_content":false,"footnotes":""},"categories":[1],"tags":[],"class_list":["post-3256","post","type-post","status-publish","format-standard","hentry","category-ced"],"aioseo_notices":[],"jetpack_featured_media_url":"","jetpack_sharing_enabled":true,"jetpack-related-posts":[],"_links":{"self":[{"href":"http:\/\/www.ced.org.tr\/index.php?rest_route=\/wp\/v2\/posts\/3256","targetHints":{"allow":["GET"]}}],"collection":[{"href":"http:\/\/www.ced.org.tr\/index.php?rest_route=\/wp\/v2\/posts"}],"about":[{"href":"http:\/\/www.ced.org.tr\/index.php?rest_route=\/wp\/v2\/types\/post"}],"author":[{"embeddable":true,"href":"http:\/\/www.ced.org.tr\/index.php?rest_route=\/wp\/v2\/users\/1"}],"replies":[{"embeddable":true,"href":"http:\/\/www.ced.org.tr\/index.php?rest_route=%2Fwp%2Fv2%2Fcomments&post=3256"}],"version-history":[{"count":0,"href":"http:\/\/www.ced.org.tr\/index.php?rest_route=\/wp\/v2\/posts\/3256\/revisions"}],"wp:attachment":[{"href":"http:\/\/www.ced.org.tr\/index.php?rest_route=%2Fwp%2Fv2%2Fmedia&parent=3256"}],"wp:term":[{"taxonomy":"category","embeddable":true,"href":"http:\/\/www.ced.org.tr\/index.php?rest_route=%2Fwp%2Fv2%2Fcategories&post=3256"},{"taxonomy":"post_tag","embeddable":true,"href":"http:\/\/www.ced.org.tr\/index.php?rest_route=%2Fwp%2Fv2%2Ftags&post=3256"}],"curies":[{"name":"wp","href":"https:\/\/api.w.org\/{rel}","templated":true}]}}