{"id":3257,"date":"2007-01-16T14:54:50","date_gmt":"2007-01-16T12:54:50","guid":{"rendered":"http:\/\/www.ced.org.tr\/?p=3257"},"modified":"2007-01-16T14:54:50","modified_gmt":"2007-01-16T12:54:50","slug":"kadikoyde-cosku-seli","status":"publish","type":"post","link":"http:\/\/www.ced.org.tr\/?p=3257","title":{"rendered":"KADIK\u00d6Y&#8217;DE CO\u015eKU SEL\u0130!"},"content":{"rendered":"<p align=\"center\"><strong><span style=\"font-family: Verdana\"><font size=\"3\" color=\"#000000\">&nbsp;<\/font><\/span><\/strong><strong><\/strong><strong><span style=\"font-family: Verdana\"><font size=\"3\"><font color=\"#000000\">KADIK&Ouml;Y&rsquo;DE CO\u015eKU SEL\u0130!<\/font><\/font><\/span><\/strong><\/p>\n<p style=\"margin: 0cm 0cm 0pt\" class=\"MsoNormal\"><strong><span style=\"font-family: Verdana\"><font size=\"3\"><font color=\"#000000\">8 Bin Eczac\u0131 Kad\u0131k&ouml;y iskele meydan\u0131na s\u0131\u011fmad\u0131.<\/font><\/font><\/span><\/strong><\/p>\n<p style=\"margin: 0cm 0cm 0pt\" class=\"MsoNormal\">&nbsp;<\/p>\n<p style=\"margin: 0cm 0cm 0pt\" class=\"MsoNormal\"><font size=\"3\"><font color=\"#000000\"><strong style=\"font-family: Verdana\">\u0130stanbul, Mersin ve Trabzon Eczac\u0131 Odalar\u0131&rsquo;n\u0131n koordinasyonu ve 20&rsquo;ye yak\u0131n eczac\u0131 odas\u0131n\u0131n kat\u0131l\u0131m\u0131yla 14 Ocak2007 Pazar g&uuml;n&uuml; \u0130stanbul&rsquo;da d&uuml;zenlenen B&uuml;y&uuml;k Eczac\u0131 Mitingi son y\u0131llar\u0131n en g&ouml;rkemli, en y\u0131\u011f\u0131nsal eylemine d&ouml;n&uuml;\u015ft&uuml;.<\/strong><\/font><\/font><\/p>\n<p class=\"MsoNormal\" align=\"center\"><img loading=\"lazy\" decoding=\"async\" src=\"http:\/\/www.ced.org.tr\/images\/stories\/dernek\/1010.jpg\" border=\"0\" alt=\"miting\" title=\"miting\" hspace=\"0\" vspace=\"5\" width=\"450\" height=\"299\" align=\"top\" \/>&nbsp;<\/p>\n<p class=\"MsoNormal\"><span style=\"font-family: Verdana; color: black\">15 &ndash; 16 Ocak 2001 tarihli Kepenk Kapatma eylemi&rsquo;nden sonra \u0130stanbul Kad\u0131k&ouml;y&rsquo;de ikinci kez bir tarih yazd\u0131k. Yeniden dirili\u015fin tarihiydi bu&hellip;Eczac\u0131l\u0131k Mesle\u011fi Sahipsiz De\u011fildir, Eczac\u0131y\u0131m Meslek Hakk\u0131m\u0131 \u0130stiyorum, IMF Sa\u011fl\u0131\u011f\u0131mdan Elini &Ccedil;ek, \u0130la&ccedil; Al\u0131m Protokol&uuml; K&ouml;lelik Anla\u015fmas\u0131d\u0131r, AKP Sa\u011fl\u0131\u011fa Zararl\u0131d\u0131r, Avans de\u011fil, Verdi\u011fimiz Hizmetin Tam Kar\u015f\u0131l\u0131\u011f\u0131n\u0131 \u0130stiyoruz, Sa\u011fl\u0131kta Y\u0131k\u0131m\u0131 Durduraca\u011f\u0131z, Ba\u015fka Bir D&uuml;nya, Ba\u015fka Bir Sa\u011fl\u0131k Sistemi M&uuml;mk&uuml;n diyen pankart ve d&ouml;vizlerimiz ile mesleki ve toplumsal haklar\u0131m\u0131z i&ccedil;in ak\u0131n ak\u0131n Haydarpa\u015fa&rsquo;dan Kad\u0131k&ouml;y&rsquo;e y&uuml;r&uuml;d&uuml;k.<\/span> <\/p>\n<p class=\"MsoNormal\"><span style=\"font-family: Verdana; color: black\">Mitinge 18 Eczac\u0131 Odas\u0131n\u0131n yan\u0131 s\u0131ra Adana, Ayd\u0131n, &Ccedil;anakkale, Mu\u011fla, Manisa, Isparta, Osmaniye, Ankara, Sivas ve di\u011fer illerden eczac\u0131 meslekta\u015flar\u0131m\u0131z kat\u0131ld\u0131. Kar demeden, k\u0131\u015f demeden Anadolu&rsquo;dan, Trakya&rsquo;dan Kad\u0131k&ouml;y iskele meydan\u0131na ak\u0131n ettik.<\/span> <\/p>\n<p class=\"MsoNormal\"><span style=\"font-family: Verdana; color: black\">Demokratik kitle &ouml;rg&uuml;tleri g&ouml;n&uuml;lden destek oldular. TTB Merkez Konseyi, \u0130stanbul Tabib Odas\u0131, \u0130stanbul Di\u015f Hekimleri Odas\u0131, \u0130stanbul Veteriner Hekimleri Odas\u0131, Hasta Haklar\u0131 Derne\u011fi temsilcileri yan\u0131 ba\u015f\u0131m\u0131zda y&uuml;r&uuml;d&uuml;ler. &Ccedil;a\u011fda\u015f Eczac\u0131lar Derne\u011fi Genel Merkezi, \u0130zmir ve Bursa \u015fubeleri, Ankara &Ccedil;a\u011fda\u015f Eczac\u0131lar Derne\u011fi bizden biri olarak y&uuml;r&uuml;d&uuml;, yan yana, kol kola.<\/span> <\/p>\n<p class=\"MsoNormal\"><span style=\"font-family: Verdana; color: black\">Ankara &Ccedil;a\u011fda\u015f Eczac\u0131lar Derne\u011fi Yaln\u0131z de\u011filsiniz diyerek omuz vermi\u015fti, kitlesel bir kat\u0131l\u0131mla eylemimize. Marmara Eczane Teknisyenleri Derne\u011fi Federasyonu, \u0130stanbul Eczane Teknisyenleri Derne\u011fi mitinge kat\u0131l\u0131p destek oldular; g&uuml;c&uuml;m&uuml;ze g&uuml;&ccedil; katt\u0131lar.<\/span> <\/p>\n<p class=\"MsoNormal\"><span style=\"font-family: Verdana; color: black\">\u0130stanbul Ecza Koop y&ouml;netici ve &ccedil;al\u0131\u015fanlar\u0131yla mitingin bir ba\u015fka rengi ve g&uuml;zelli\u011fiydi.<\/span> <\/p>\n<p class=\"MsoNormal\"><span style=\"font-family: Verdana; color: black\">Haydarpa\u015fa Numune Hastanesi &ouml;n&uuml;nde bir \u015fenlik havas\u0131nda ba\u015flayan y&uuml;r&uuml;y&uuml;\u015f&uuml;n 2 km.&rsquo;lik korteji akt\u0131 sel oldu y&uuml;klendi Kad\u0131k&ouml;y iskele meydan\u0131na&hellip; Kad\u0131k&ouml;y \u0130skele Meydan\u0131 demokrasi meydan\u0131na d&ouml;n&uuml;\u015ft&uuml;.<\/span> <\/p>\n<p class=\"MsoNormal\"><span style=\"font-family: Verdana; color: black\">Tepkiler, protestolar &uuml;&ccedil; y\u0131ld\u0131r biriken sorunlar\u0131n inatla d\u0131\u015fa vurumuydu. TEB Ba\u015fkan\u0131, TEB Merkez Heyeti ve AKP H&uuml;k&uuml;meti bu protestolar\u0131n ana hedefiydi. \u0130la&ccedil; tekelleri de bu protestolardan pay\u0131na d&uuml;\u015feni ald\u0131. Kendilerini; &nbsp;IMF talimatlar\u0131yla haz\u0131rlanan ila&ccedil; ve sa\u011fl\u0131k politikalar\u0131 kar\u015f\u0131s\u0131nda yaln\u0131z b\u0131rakan TEB Ba\u015fkan ve Y&ouml;neticileri, bu politikalar\u0131 pervazs\u0131ca uygulayan AKP H&uuml;k&uuml;meti beyaz &ouml;fkenin hedefi oldular.<\/span> <\/p>\n<p class=\"MsoNormal\"><span style=\"font-family: Verdana; color: black\">Sonra Sad\u0131k G&uuml;rb&uuml;z&rsquo;&uuml;n g&uuml;r ve direni\u015fi simgeleyen sesi yank\u0131land\u0131 meydanda, umutland\u0131k, co\u015ftuk bir kez daha.<\/span> <\/p>\n<p class=\"MsoNormal\"><span style=\"font-family: Verdana; color: black\">Miting organizasyonunda s\u0131ra konu\u015fmac\u0131lardayd\u0131: Eczac\u0131 Oda Ba\u015fkanlar\u0131, TEB Merkez Heyeti &Uuml;yesi Ecz. Tekin &Ccedil;a\u011flar, Tertip Komitesinde Ecz. Can Yeti\u015fen ve &Ccedil;a\u011fda\u015f Eczac\u0131lar Derne\u011fi Genel Ba\u015fkan\u0131 Ecz. Rafet \u015eahin k&uuml;rs&uuml; ald\u0131lar birer birer. Son &uuml;&ccedil; y\u0131l\u0131n ila&ccedil; ve sa\u011fl\u0131k politikalar\u0131n\u0131 bunun meslek alan\u0131nda, toplumsal ya\u015famda yaratt\u0131\u011f\u0131 sorunlar\u0131 dile getirip y&uuml;klendik AKP iktidar\u0131n\u0131n ila&ccedil; ve sa\u011fl\u0131k politikalar\u0131na.<\/span> <\/p>\n<p class=\"MsoNormal\"><span style=\"font-family: Verdana; color: black\">S\u0131raland\u0131 taleplerimiz bir bir. Kat\u0131lan meslekta\u015flar\u0131m\u0131z destek verdiler bu taleplere.<\/span> <\/p>\n<p class=\"MsoNormal\"><strong><span style=\"font-family: Verdana; color: black\">Peki neydi bu talepler;<\/span><\/strong> <\/p>\n<p class=\"MsoNormal\"><strong><span style=\"font-family: Verdana; color: black\">1 &ndash;<\/span><\/strong><span style=\"font-family: Verdana; color: black\"> &Ccedil;\u0131kar\u0131lan her yeni yasa ve y&ouml;netmelikle hak kayb\u0131na u\u011fruyoruz. Hak &nbsp;&nbsp;&nbsp;&nbsp;&nbsp;&nbsp;kayb\u0131n\u0131 &ouml;nleyecek yasal d&uuml;zenlemeler istiyoruz.<\/span><\/p>\n<p class=\"MsoNormal\"><strong><span style=\"font-family: Verdana; color: black\">2 &ndash;<\/span><\/strong><span style=\"font-family: Verdana; color: black\"> S&uuml;rekli de\u011fi\u015fen kurallar, yamal\u0131 boh&ccedil;aya d&ouml;nen s&ouml;zle\u015fmeler de\u011fil, ak\u0131ll\u0131ca planlan kal\u0131c\u0131 s&ouml;zle\u015fmeler istiyoruz.<\/span><\/p>\n<p class=\"MsoNormal\"><strong><span style=\"font-family: Verdana; color: black\">3 &ndash;<\/span><\/strong><span style=\"font-family: Verdana; color: black\"> Avans de\u011fil, verdi\u011fimiz hizmetin eksiksiz kar\u015f\u0131l\u0131\u011f\u0131n\u0131 istiyoruz.<\/span> <\/p>\n<p class=\"MsoNormal\"><strong><span style=\"font-family: Verdana; color: black\">4 &ndash;<\/span><\/strong><span style=\"font-family: Verdana; color: black\"> D&uuml;zg&uuml;n i\u015fleyen ve sorunsuz bir provizyon sistemi istiyoruz.<\/span><\/p>\n<p class=\"MsoNormal\"><strong><span style=\"font-family: Verdana; color: black\">5 &ndash;<\/span><\/strong><span style=\"font-family: Verdana; color: black\"> &Ouml;demelerin zaman\u0131nda ve tam yap\u0131lmas\u0131n\u0131 istiyoruz.<\/span><\/p>\n<p class=\"MsoNormal\"><strong><span style=\"font-family: Verdana; color: black\">6 &ndash;<\/span><\/strong><span style=\"font-family: Verdana; color: black\"> Meslek &ouml;rg&uuml;tlerimize yasallar ile g&uuml;venceye al\u0131nm\u0131\u015f yetki ve sorumluluk verilmesini istiyoruz.<\/span><\/p>\n<p class=\"MsoNormal\"><strong><span style=\"font-family: Verdana; color: black\">7 &ndash;<\/span><\/strong><span style=\"font-family: Verdana; color: black\"> Eczac\u0131 olmak mesleki bir formasyondur. Meslek hakk\u0131m\u0131z\u0131 istiyoruz<\/span><\/p>\n<p class=\"MsoNormal\"><strong><span style=\"font-family: Verdana; color: black\">8 &ndash;<\/span><\/strong><span style=\"font-family: Verdana; color: black\"> Bedelsiz kamula\u015ft\u0131rmalar\u0131n son bulmas\u0131n\u0131 ve eczanelerdeki y\u0131k\u0131m\u0131n durdurulmas\u0131n\u0131 istiyoruz.<\/span><\/p>\n<p class=\"MsoNormal\"><strong><span style=\"font-family: Verdana; color: black\">9 &ndash;<\/span><\/strong><span style=\"font-family: Verdana; color: black\"> Kademeli iskonto uygulamas\u0131n\u0131n yeniden d&uuml;zenlenmesini istiyoruz.<\/span><\/p>\n<p class=\"MsoNormal\"><strong><span style=\"font-family: Verdana; color: black\">10 &ndash;<\/span><\/strong><span style=\"font-family: Verdana; color: black\"> Adil bir re&ccedil;ete da\u011f\u0131t\u0131m sistemi istiyoruz.<\/span><br \/>&nbsp;<\/p>\n<p class=\"MsoNormal\"><strong><span style=\"font-family: Verdana; color: black\">\u015eimdi s\u0131ra bu taleplerin &ccedil;&ouml;z&uuml;m&uuml;nde&hellip;Ya ba\u015faraca\u011f\u0131z, ya ba\u015faraca\u011f\u0131z. Yoksa, yollar y&uuml;r&uuml;mekle a\u015f\u0131nmaz deyip yine &ccedil;\u0131kaca\u011f\u0131z alanlara.<\/span><\/strong><\/p>\n<p class=\"MsoNormal\"><strong><span style=\"font-family: Verdana; color: black\">Haydi yolumuz a&ccedil;\u0131k olsun&hellip;<\/span><\/strong> <\/p>\n<address><span style=\"font-size: 12pt; font-family: &quot;Times New Roman&quot;\">Di\u011fer resimler i&ccedil;in <a href=\"http:\/\/www.ced.org.tr\/galeri\/\" target=\"_blank\" title=\"galeri\"><span style=\"font-family: Verdana\">t\u0131klay\u0131n\u0131z<\/span><\/a><\/span><\/address>\n","protected":false},"excerpt":{"rendered":"<p>&nbsp;KADIK&Ouml;Y&rsquo;DE CO\u015eKU SEL\u0130! 8 Bin Eczac\u0131 Kad\u0131k&ouml;y iskele meydan\u0131na s\u0131\u011fmad\u0131. &nbsp; \u0130stanbul, Mersin ve Trabzon Eczac\u0131 Odalar\u0131&rsquo;n\u0131n koordinasyonu ve 20&rsquo;ye&#46;&#46;&#46;<\/p>\n","protected":false},"author":1,"featured_media":0,"comment_status":"closed","ping_status":"closed","sticky":false,"template":"","format":"standard","meta":{"_jetpack_memberships_contains_paid_content":false,"footnotes":""},"categories":[1],"tags":[],"class_list":["post-3257","post","type-post","status-publish","format-standard","hentry","category-ced"],"aioseo_notices":[],"jetpack_featured_media_url":"","jetpack_sharing_enabled":true,"jetpack-related-posts":[],"_links":{"self":[{"href":"http:\/\/www.ced.org.tr\/index.php?rest_route=\/wp\/v2\/posts\/3257","targetHints":{"allow":["GET"]}}],"collection":[{"href":"http:\/\/www.ced.org.tr\/index.php?rest_route=\/wp\/v2\/posts"}],"about":[{"href":"http:\/\/www.ced.org.tr\/index.php?rest_route=\/wp\/v2\/types\/post"}],"author":[{"embeddable":true,"href":"http:\/\/www.ced.org.tr\/index.php?rest_route=\/wp\/v2\/users\/1"}],"replies":[{"embeddable":true,"href":"http:\/\/www.ced.org.tr\/index.php?rest_route=%2Fwp%2Fv2%2Fcomments&post=3257"}],"version-history":[{"count":0,"href":"http:\/\/www.ced.org.tr\/index.php?rest_route=\/wp\/v2\/posts\/3257\/revisions"}],"wp:attachment":[{"href":"http:\/\/www.ced.org.tr\/index.php?rest_route=%2Fwp%2Fv2%2Fmedia&parent=3257"}],"wp:term":[{"taxonomy":"category","embeddable":true,"href":"http:\/\/www.ced.org.tr\/index.php?rest_route=%2Fwp%2Fv2%2Fcategories&post=3257"},{"taxonomy":"post_tag","embeddable":true,"href":"http:\/\/www.ced.org.tr\/index.php?rest_route=%2Fwp%2Fv2%2Ftags&post=3257"}],"curies":[{"name":"wp","href":"https:\/\/api.w.org\/{rel}","templated":true}]}}