{"id":3258,"date":"2007-01-26T00:00:00","date_gmt":"2007-01-25T22:00:00","guid":{"rendered":"http:\/\/www.ced.org.tr\/?p=3258"},"modified":"2007-01-26T00:00:00","modified_gmt":"2007-01-25T22:00:00","slug":"hepimiz-hrantiz","status":"publish","type":"post","link":"http:\/\/www.ced.org.tr\/?p=3258","title":{"rendered":"HEP\u0130M\u0130Z HRANT&#8217;IZ"},"content":{"rendered":"<p style=\"margin: 0cm 0cm 0pt\" class=\"MsoNormal\"><font face=\"Times New Roman\" size=\"3\" color=\"#000000\"><\/p>\n<div style=\"text-align: center\"><strong>HEP\u0130M\u0130Z HRANT&#39;IZ<\/strong><\/div>\n<div style=\"text-align: center\">&nbsp;<\/div>\n<p><\/font><\/p>\n<p style=\"margin: 0cm 0cm 0pt\" class=\"MsoNormal\"><font face=\"Times New Roman\" size=\"3\" color=\"#000000\">19 Ocak 2007 Cuma g&uuml;n&uuml; u\u011frad\u0131\u011f\u0131 silahl\u0131 sald\u0131r\u0131 sonucu katledilen Hrant Dink&rsquo;in cenazesi y&uuml;zbini a\u015fk\u0131n bir kalabal\u0131\u011f\u0131n kat\u0131ld\u0131\u011f\u0131 e\u015fsiz bir t&ouml;renle u\u011furland\u0131.<\/font><\/p>\n<p><font face=\"Times New Roman\" size=\"3\" color=\"#000000\">&nbsp;<\/font> <\/p>\n<p style=\"margin: 0cm 0cm 0pt\" class=\"MsoNormal\"><font face=\"Times New Roman\" size=\"3\" color=\"#000000\">23 Ocak Sal\u0131 g&uuml;n&uuml; saat 9:00&rsquo;dan itibaren on binlerce insan \u015ei\u015fli-Osmanbey&rsquo;deki AGOS gazetesinin &ouml;n&uuml;nde toplanmaya ba\u015flad\u0131. \u0130lk t&ouml;ren saat 11:00&rsquo;de AGOS gazetesinin &ouml;n&uuml;nde yap\u0131ld\u0131. Burada Hrant Dink&rsquo;in e\u015fi Rakel Dink kendisinin kaleme ald\u0131\u011f\u0131 &lsquo;sevgiliye mektup&rsquo;unu<\/font><\/p>\n<p style=\"margin: 0cm 0cm 0pt\" class=\"MsoNormal\"><font face=\"Times New Roman\" size=\"3\" color=\"#000000\">okudu. S&ouml;zlerine. &ldquo;sevgili dostlar, bug&uuml;n bedenimin yar\u0131s\u0131n\u0131, sevgilimi, &ccedil;ocuklar\u0131m\u0131n babas\u0131n\u0131, ailemizin b&uuml;y&uuml;\u011f&uuml;n&uuml;, sizin karde\u015finizi u\u011furluyoruz&hellip;&rdquo; diyerek ba\u015flayan Rakel Dink.<\/font><\/p>\n<p style=\"margin: 0cm 0cm 0pt\" class=\"MsoNormal\"><font face=\"Times New Roman\" size=\"3\" color=\"#000000\">&ldquo;Bir bebekten, bir katil yaratan karanl\u0131\u011f\u0131 sorgulamadan hi&ccedil;bir \u015fey yap\u0131lamaz karde\u015flerim&hellip;&rdquo;<\/font><\/p>\n<p style=\"margin: 0cm 0cm 0pt\" class=\"MsoNormal\"><font face=\"Times New Roman\" size=\"3\" color=\"#000000\">S&ouml;zleriyle tarihe &ouml;nemli ve anlaml\u0131 bir not d&uuml;\u015ft&uuml;.<\/font><\/p>\n<p style=\"margin: 0cm 0cm 0pt\" class=\"MsoNormal\">&nbsp;<\/p>\n<div style=\"text-align: center\"><img loading=\"lazy\" decoding=\"async\" src=\"http:\/\/www.ced.org.tr\/images\/stories\/dernek\/hrant_dink.jpg\" border=\"0\" alt=\"hrank dink\" title=\"hrank dink\" hspace=\"0\" vspace=\"5\" width=\"450\" height=\"419\" \/><\/div>\n<p>&nbsp;<\/p>\n<p style=\"margin: 0cm 0cm 0pt\" class=\"MsoNormal\"><font face=\"Times New Roman\" size=\"3\" color=\"#000000\">Osmanbey&rsquo;deki t&ouml;renin ard\u0131ndan cenaze arabas\u0131 mah\u015feri bir kalabal\u0131\u011f\u0131n e\u015fli\u011finde Taksim-Yenikap\u0131 y&ouml;n&uuml;ne do\u011fru hareket etti. Sekiz kilometrelik yol boyunca s\u0131k s\u0131k &ldquo;Hepimiz Hrant&rsquo;\u0131z, Hepimiz Ermeniyiz, fa\u015fizme kar\u015f\u0131 omuz omuza, ya\u015fas\u0131n halklar\u0131n karde\u015fli\u011fi&rdquo; sloganlar\u0131 at\u0131ld\u0131. Kortej Kumkap\u0131 Meryem Ana Kilise&rsquo;sine do\u011fru ilerlerken cenaze arabas\u0131 dini t&ouml;ren i&ccedil;in kortej&rsquo;den ayr\u0131ld\u0131.<\/font><\/p>\n<p><font face=\"Times New Roman\" size=\"3\" color=\"#000000\">&nbsp;<\/font> <\/p>\n<p style=\"margin: 0cm 0cm 0pt\" class=\"MsoNormal\"><font face=\"Times New Roman\" size=\"3\" color=\"#000000\">Meryem Ana Kilise&rsquo;sinde yap\u0131lan dini t&ouml;renin ard\u0131ndan Hrant Dink&rsquo;in cenazesi Bal\u0131kl\u0131 Ermeni Mezarl\u0131\u011f\u0131&rsquo;nda topra\u011fa verildi.<\/font><\/p>\n<p style=\"margin: 0cm 0cm 0pt\" class=\"MsoNormal\"><span style=\"font-size: 12pt; font-family: &#39;Times New Roman&#39;\"><font color=\"#000000\">Hrant&rsquo;\u0131 &ccedil;ok sevdi\u011fi bu topraklar\u0131n derinli\u011fine u\u011furlad\u0131k. G&uuml;le g&uuml;le Hrant<\/font><\/span><\/p>\n","protected":false},"excerpt":{"rendered":"<p>HEP\u0130M\u0130Z HRANT&#39;IZ &nbsp; 19 Ocak 2007 Cuma g&uuml;n&uuml; u\u011frad\u0131\u011f\u0131 silahl\u0131 sald\u0131r\u0131 sonucu katledilen Hrant Dink&rsquo;in cenazesi y&uuml;zbini a\u015fk\u0131n bir kalabal\u0131\u011f\u0131n&#46;&#46;&#46;<\/p>\n","protected":false},"author":1,"featured_media":0,"comment_status":"closed","ping_status":"closed","sticky":false,"template":"","format":"standard","meta":{"_jetpack_memberships_contains_paid_content":false,"footnotes":""},"categories":[1],"tags":[],"class_list":["post-3258","post","type-post","status-publish","format-standard","hentry","category-ced"],"aioseo_notices":[],"jetpack_featured_media_url":"","jetpack_sharing_enabled":true,"jetpack-related-posts":[],"_links":{"self":[{"href":"http:\/\/www.ced.org.tr\/index.php?rest_route=\/wp\/v2\/posts\/3258","targetHints":{"allow":["GET"]}}],"collection":[{"href":"http:\/\/www.ced.org.tr\/index.php?rest_route=\/wp\/v2\/posts"}],"about":[{"href":"http:\/\/www.ced.org.tr\/index.php?rest_route=\/wp\/v2\/types\/post"}],"author":[{"embeddable":true,"href":"http:\/\/www.ced.org.tr\/index.php?rest_route=\/wp\/v2\/users\/1"}],"replies":[{"embeddable":true,"href":"http:\/\/www.ced.org.tr\/index.php?rest_route=%2Fwp%2Fv2%2Fcomments&post=3258"}],"version-history":[{"count":0,"href":"http:\/\/www.ced.org.tr\/index.php?rest_route=\/wp\/v2\/posts\/3258\/revisions"}],"wp:attachment":[{"href":"http:\/\/www.ced.org.tr\/index.php?rest_route=%2Fwp%2Fv2%2Fmedia&parent=3258"}],"wp:term":[{"taxonomy":"category","embeddable":true,"href":"http:\/\/www.ced.org.tr\/index.php?rest_route=%2Fwp%2Fv2%2Fcategories&post=3258"},{"taxonomy":"post_tag","embeddable":true,"href":"http:\/\/www.ced.org.tr\/index.php?rest_route=%2Fwp%2Fv2%2Ftags&post=3258"}],"curies":[{"name":"wp","href":"https:\/\/api.w.org\/{rel}","templated":true}]}}