{"id":3261,"date":"2007-01-30T10:58:26","date_gmt":"2007-01-30T08:58:26","guid":{"rendered":"http:\/\/www.ced.org.tr\/?p=3261"},"modified":"2007-01-30T10:58:26","modified_gmt":"2007-01-30T08:58:26","slug":"25-ocak-2007-tarihli-genelge-hakkinda","status":"publish","type":"post","link":"http:\/\/www.ced.org.tr\/?p=3261","title":{"rendered":"25 OCAK 2007 TAR\u0130HL\u0130 GENELGE HAKKINDA"},"content":{"rendered":"<h4 align=\"center\"><span class=\"NormalBaslik\">25 OCAK 2007 TAR\u0130HL\u0130 GENELGE HAKKINDA<\/span><\/h4>\n<p><span style=\"text-align: justify\" class=\"NormalYazi\">&nbsp;&nbsp;&nbsp;&nbsp;&nbsp;&nbsp;25.01.2007 tarih ve 1117 say\u0131l\u0131 Genelge&#39;nin y&uuml;r&uuml;rl&uuml;k tarihi 01.02.2007&#39;e ertelendi.<\/span><\/p>\n<table border=\"0\" cellspacing=\"4\" cellpadding=\"4\" width=\"482\" height=\"592\" style=\"width: 482px; height: 592px\">\n<tbody>\n<tr>\n<td><span style=\"text-align: justify\" class=\"NormalYazi\"><\/p>\n<div class=\"Section1\" style=\"padding: 10px\">\n<p style=\"text-align: center\" class=\"MsoNormal\" align=\"center\"><strong>T.C<br \/>MAL\u0130YE BAKANLI\u011eI<br \/>B&uuml;t&ccedil;e ve Mali Kontrol Genel M&uuml;d&uuml;rl&uuml;\u011f&uuml;<\/strong><\/p>\n<p class=\"MsoNormal\"><span style=\"text-align: justify\" class=\"NormalYazi\">&nbsp;<strong>&nbsp;<\/strong><\/span><\/p>\n<p class=\"MsoNormal\"><span style=\"text-align: justify\" class=\"NormalYazi\"><strong>Say\u0131: <\/strong>B.07.0.BMK.0.18.100. <strong>29.01.2007 1271 <\/strong><\/span><\/p>\n<p class=\"MsoNormal\"><span style=\"text-align: justify\" class=\"NormalYazi\"><strong>Konu: <\/strong>Tedavi Yard\u0131m\u0131 <\/span><\/p>\n<p class=\"MsoNormal\"><span style=\"text-align: justify\" class=\"NormalYazi\"><br \/><strong>&hellip;&hellip;&hellip;&hellip;. BAKANLI\u011eINA<\/strong><\/span><\/p>\n<p class=\"MsoNormal\"><span style=\"text-align: justify\" class=\"NormalYazi\"><strong>&hellip;&hellip;&hellip;&hellip;. BA\u015eKANLI\u011eINA <\/strong><\/span><\/p>\n<p class=\"MsoNormal\"><span style=\"text-align: justify\" class=\"NormalYazi\"><strong>&hellip;&hellip;&hellip;&hellip;. GENEL M&Uuml;D&Uuml;RL&Uuml;\u011e&Uuml;NE<\/strong><\/span><\/p>\n<p class=\"MsoNormal\"><span style=\"text-align: justify\" class=\"NormalYazi\"><strong>&hellip;&hellip;&hellip;&hellip;. VAL\u0130L\u0130\u011e\u0130NE <\/strong><\/span><\/p>\n<p class=\"MsoNormal\"><span style=\"text-align: justify\" class=\"NormalYazi\"><strong>&hellip;&hellip;&hellip;&hellip;. REKT&Ouml;RL&Uuml;\u011e&Uuml;NE <\/strong><\/span><\/p>\n<p style=\"text-align: justify\" class=\"MsoNormal\"><span style=\"text-align: justify\" class=\"NormalYazi\">&nbsp; <\/span><span style=\"text-align: justify\" class=\"NormalYazi\">25.1.2007 tarihli ve B.07.0.BMK.0.18.100-1117 say\u0131l\u0131 Genelge ile 29\/4\/2006 tarihli ve 26153 say\u0131l\u0131 Resmi Gazetede yay\u0131mlanan (6) s\u0131ra numaral\u0131 Tedavi Yard\u0131m\u0131na \u0130li\u015fkin Uygulama Tebli\u011fi&rsquo;nin baz\u0131 maddelerinin uygulanmas\u0131 konusunda yeni d&uuml;zenlemeler yap\u0131lm\u0131\u015f olup, bu d&uuml;zenlemeler ile belirlenen esaslar\u0131n re&ccedil;ete provizyon sistemine uyumla\u015ft\u0131r\u0131lmas\u0131 s\u0131ras\u0131nda kar\u015f\u0131la\u015f\u0131labilecek teknik problemler ile buna ba\u011fl\u0131 olarak ila&ccedil;lar\u0131n temininde ya\u015fanabilecek ma\u011fduriyetlerin &ouml;nlenebilmesi amac\u0131yla an\u0131lan Genelgenin 1.2.2007 tarihinden ge&ccedil;erli olmak &uuml;zere uygulamaya konulmas\u0131 gerekli g&ouml;r&uuml;lm&uuml;\u015ft&uuml;r. <\/span><\/p>\n<p style=\"text-align: justify\" class=\"MsoNormal\"><span style=\"text-align: justify\" class=\"NormalYazi\">Bilgileri ve gere\u011finin buna g&ouml;re yap\u0131larak, durumun \u0130liniz dahilindeki t&uuml;m &ouml;deme birimlerine duyurulmas\u0131n\u0131 arz ve rica ederim.<\/p>\n<p>Hasan Basri AKTAN<br \/>Bakan a.<br \/>M&uuml;ste\u015far<\/span><\/p>\n<\/div>\n<p><\/span><\/td>\n<\/tr>\n<\/tbody>\n<\/table>\n","protected":false},"excerpt":{"rendered":"<p>25 OCAK 2007 TAR\u0130HL\u0130 GENELGE HAKKINDA &nbsp;&nbsp;&nbsp;&nbsp;&nbsp;&nbsp;25.01.2007 tarih ve 1117 say\u0131l\u0131 Genelge&#39;nin y&uuml;r&uuml;rl&uuml;k tarihi 01.02.2007&#39;e ertelendi. T.CMAL\u0130YE BAKANLI\u011eIB&uuml;t&ccedil;e ve Mali&#46;&#46;&#46;<\/p>\n","protected":false},"author":1,"featured_media":0,"comment_status":"closed","ping_status":"closed","sticky":false,"template":"","format":"standard","meta":{"_jetpack_memberships_contains_paid_content":false,"footnotes":""},"categories":[1],"tags":[],"class_list":["post-3261","post","type-post","status-publish","format-standard","hentry","category-ced"],"aioseo_notices":[],"jetpack_featured_media_url":"","jetpack_sharing_enabled":true,"jetpack-related-posts":[],"_links":{"self":[{"href":"http:\/\/www.ced.org.tr\/index.php?rest_route=\/wp\/v2\/posts\/3261","targetHints":{"allow":["GET"]}}],"collection":[{"href":"http:\/\/www.ced.org.tr\/index.php?rest_route=\/wp\/v2\/posts"}],"about":[{"href":"http:\/\/www.ced.org.tr\/index.php?rest_route=\/wp\/v2\/types\/post"}],"author":[{"embeddable":true,"href":"http:\/\/www.ced.org.tr\/index.php?rest_route=\/wp\/v2\/users\/1"}],"replies":[{"embeddable":true,"href":"http:\/\/www.ced.org.tr\/index.php?rest_route=%2Fwp%2Fv2%2Fcomments&post=3261"}],"version-history":[{"count":0,"href":"http:\/\/www.ced.org.tr\/index.php?rest_route=\/wp\/v2\/posts\/3261\/revisions"}],"wp:attachment":[{"href":"http:\/\/www.ced.org.tr\/index.php?rest_route=%2Fwp%2Fv2%2Fmedia&parent=3261"}],"wp:term":[{"taxonomy":"category","embeddable":true,"href":"http:\/\/www.ced.org.tr\/index.php?rest_route=%2Fwp%2Fv2%2Fcategories&post=3261"},{"taxonomy":"post_tag","embeddable":true,"href":"http:\/\/www.ced.org.tr\/index.php?rest_route=%2Fwp%2Fv2%2Ftags&post=3261"}],"curies":[{"name":"wp","href":"https:\/\/api.w.org\/{rel}","templated":true}]}}