{"id":3262,"date":"2007-02-07T15:47:43","date_gmt":"2007-02-07T13:47:43","guid":{"rendered":"http:\/\/www.ced.org.tr\/?p=3262"},"modified":"2007-02-07T15:47:43","modified_gmt":"2007-02-07T13:47:43","slug":"oda-baskanlari-aifd-ieis-ve-depocular-dernegi-ile-gorustu","status":"publish","type":"post","link":"http:\/\/www.ced.org.tr\/?p=3262","title":{"rendered":"ODA BA\u015eKANLARI  A\u0130FD, \u0130E\u0130S VE DEPOCULAR DERNE\u011e\u0130 \u0130LE G\u00d6R\u00dc\u015eT\u00dc"},"content":{"rendered":"<h3 align=\"center\">  <\/h3>\n<div align=\"center\">\n<address><strong>ECZACI ODASI BA\u015eKANLARI<\/strong>&nbsp; <strong>A\u0130FD, \u0130E\u0130S VE DEPOCULAR<\/strong><\/address>\n<address><span class=\"clr\"><strong>DERNE\u011e\u0130 \u0130LE G&Ouml;R&Uuml;\u015eT&Uuml;<\/strong><\/span><\/address>\n<address>&nbsp;<\/address>\n<div align=\"left\">Eczac\u0131n\u0131n hak arama s&uuml;reci, iki g&uuml;nd&uuml;r ila&ccedil; sanayisi temsilcileri ve da\u011f\u0131t\u0131m kanallar\u0131yla yap\u0131lan g&ouml;r&uuml;\u015fmelerle s&uuml;r&uuml;yor. 10 eczac\u0131 odas\u0131n\u0131n giri\u015fimiyle 5 \u015eubat Pazartesi g&uuml;n&uuml; Ara\u015ft\u0131rmac\u0131 \u0130la&ccedil; Firmalar\u0131 Derne\u011fi (A\u0130FD) Y&ouml;netim Kurulu, 6 \u015eubat Sal\u0131 g&uuml;n&uuml; ise \u0130la&ccedil; End&uuml;strisi \u0130\u015fverenleri Sendikas\u0131 (\u0130E\u0130S) ve T&uuml;rkiye Depocular Derne\u011fi y&ouml;netim kurullar\u0131yla g&ouml;r&uuml;\u015fmeler yap\u0131ld\u0131.<\/div>\n<\/div>\n<h3 align=\"center\"> <\/h3>\n<p class=\"MsoNormal\">10 eczac\u0131 odas\u0131n\u0131 temsilen \u0130stanbul Eczac\u0131 Odas\u0131, Bursa Eczac\u0131 Odas\u0131, Antalya Eczac\u0131 Odas\u0131, Zonguldak Eczac\u0131 Odas\u0131, Trabzon Eczac\u0131 Odas\u0131 ve Kocaeli Eczac\u0131 Odas\u0131 Ba\u015fkanlar\u0131n\u0131n \u0130stanbul&rsquo;da yapt\u0131\u011f\u0131 g&ouml;r&uuml;\u015fmelerde, eczac\u0131n\u0131n talepleri her &uuml;&ccedil; kurum yetkililerine yaz\u0131l\u0131 olarak ayr\u0131 ayr\u0131 iletildi. Bu talepler &uuml;zerine kurum yetkilileriyle uzun s&uuml;ren g&ouml;r&uuml;\u015fmeler ve tart\u0131\u015fmalar yap\u0131ld\u0131.&nbsp;<\/p>\n<p style=\"margin-left: 18pt; text-align: justify\" class=\"MsoNormal\">Pazartesi g&uuml;n&uuml; A\u0130FD ile yap\u0131lan g&ouml;r&uuml;\u015fmede \u015fu talepler kendilerine iletildi:&nbsp;<\/p>\n<ol>\n<li>\u0130thal ila&ccedil;larda eczac\u0131ya tan\u0131nan vade en az\u0131ndan devletin eczac\u0131ya &ouml;dedi\u011fi s&uuml;re kadar olmal\u0131d\u0131r. Kamu taraf\u0131ndan yap\u0131lan &ouml;demeler en iyimser durumda 60&ndash;75 g&uuml;n&uuml; bulmaktad\u0131r. Optimal stok d&uuml;zeyi ile &ccedil;al\u0131\u015fan eczanede dahi bir ayl\u0131k stok d&uuml;zeyi oldu\u011fu kabul edilirse, bir ay stoktan, 60 g&uuml;nde geri &ouml;deme s&uuml;resinden hesap yap\u0131ld\u0131\u011f\u0131nda 15-30-45 g&uuml;n vade ile al\u0131nan ilac\u0131n 90 g&uuml;nde geri &ouml;denmesi durumunda eczanelerin hizmeti s&uuml;rd&uuml;rme \u015fans\u0131 yoktur. <\/li>\n<li>Geri &ouml;deme d\u0131\u015f\u0131na &ccedil;\u0131kar\u0131lan ila&ccedil;lar, depolar arac\u0131l\u0131\u011f\u0131yla firmalar taraf\u0131ndan geri al\u0131nmal\u0131d\u0131r.<span><span><br \/><\/span><\/span><\/li>\n<li>Her ne nedenle olursa olsun, fiyat\u0131 d&uuml;\u015fen ila&ccedil;lar nedeni ile eczane stokunda olu\u015fan zararlar kar\u015f\u0131lanmal\u0131d\u0131r. Fiyat\u0131 d&uuml;\u015fen ila&ccedil;lar depodan al\u0131nd\u0131\u011f\u0131 ko\u015fullardan geri al\u0131nmal\u0131 ve yeni ko\u015fullarda eczaneye fatura edilmelidir. <\/li>\n<li>Y&uuml;zde 20&rsquo;den sonra eczanelere yap\u0131lan iskontolar kald\u0131r\u0131lm\u0131\u015ft\u0131r. Bu iskontoyu kald\u0131ran firmalar aras\u0131nda &uuml;yeleriniz a\u011f\u0131rl\u0131kl\u0131 say\u0131dad\u0131r. 2697 kalem ila&ccedil;ta iskonto kald\u0131r\u0131lm\u0131\u015ft\u0131r, bu ila&ccedil;lar s\u0131f\u0131r iskonto ile eczanelere verilmektedir. Bu rakam pazar\u0131n y&uuml;zde 41,5&rsquo;ini olu\u015fturmaktad\u0131r. Bu durum d&uuml;zeltilmelidir. <\/li>\n<li>Son kullanma tarihi ge&ccedil;en ila&ccedil;lar\u0131n iade edilmesi konusunda bir sistem olu\u015fturulmal\u0131d\u0131r.<\/li>\n<li>4. ve 5. dilimdeki 100 YTL&rsquo;nin &uuml;zerindeki ila&ccedil;larda bug&uuml;nk&uuml; ko\u015fullarda eczac\u0131lar i&ccedil;in mutlak bir zarar tablosu s&ouml;zkonusudur. Bu ila&ccedil;larda hizmet bu \u015fartlarda s&uuml;rd&uuml;r&uuml;lemez. Fiyat kararnamesi de\u011fi\u015fikli\u011fi g&uuml;ndemde iken d&uuml;zeltilmelidir. <\/li>\n<li>&Uuml;r&uuml;n fazlas\u0131 uygulamas\u0131 &ccedil;o\u011funlu\u011fu olu\u015fturan k&uuml;&ccedil;&uuml;k ve orta-&ouml;l&ccedil;ekli eczanelerin k&acirc;rl\u0131l\u0131\u011f\u0131n\u0131 d&uuml;\u015f&uuml;rmektedir. Vol&uuml;ml&uuml; al\u0131\u015flarda MF&rsquo;ler eczanelere tam olarak verildi\u011fi halde, az miktarda ila&ccedil; alan eczanelere ise MF verilmemektedir. MF&rsquo;ler b&ouml;l&uuml;nebilir olmal\u0131 ve k&uuml;&ccedil;&uuml;k eczanelere yans\u0131t\u0131lmal\u0131, da\u011f\u0131t\u0131m kanallar\u0131 da bu konuda kendi ba\u015flar\u0131na davranmamal\u0131d\u0131r.&nbsp;<\/li>\n<\/ol>\n<p class=\"MsoNormal\">Bu taleplerle ilgili uzun tart\u0131\u015fmalar sonucunda A\u0130FD Y&ouml;netim Kurulu Ba\u015fkan\u0131 Altan Demirdere ve di\u011fer Y&ouml;netim Kurulu &uuml;yeleri kendi firmalar\u0131n\u0131n &ouml;zellikle k\u0131sa vadeli ithal ila&ccedil;lardaki vadeyi 60 g&uuml;ne &ccedil;\u0131karacaklar\u0131n\u0131 ifade ettiler. Eczac\u0131lar\u0131n taleplerini hakl\u0131 bulduklar\u0131n\u0131 da dile getiren A\u0130FD Y&ouml;netim Kurulu &uuml;yeleri bu uygulaman\u0131n Derne\u011fin di\u011fer &uuml;yelerine de &ouml;rnek olu\u015fturabilece\u011fini kaydettiler. 06.02.2007 tarihinde \u0130stanbul Eczac\u0131 Odas\u0131&rsquo;na Novartis firmas\u0131 taraf\u0131ndan g&ouml;nderilen yaz\u0131da firman\u0131n sat\u0131\u015f \u015fartlar\u0131 ilan edildi. (<a href=\"http:\/\/www.ced.org.tr\/images\/stories\/dernek\/novartis_mektup.gif\" target=\"_blank\" title=\"novartis yaz\u0131\">Yaz\u0131y\u0131 g&ouml;rmek i&ccedil;in t\u0131klay\u0131n\u0131z<\/a>)&nbsp;<\/p>\n<p class=\"MsoNormal\">6 \u015eubat Sal\u0131 g&uuml;n&uuml; ise \u0130E\u0130S Genel Sekreteri ve Y&ouml;netim Kurulu &uuml;yeleriyle yap\u0131lan g&ouml;r&uuml;\u015fmede, yukar\u0131daki 7 maddelik talepler listesi kendilerine de iletildi. Ancak talepler &uuml;zerinde yap\u0131lan g&ouml;r&uuml;\u015fmeler eczac\u0131 a&ccedil;\u0131s\u0131ndan umut k\u0131r\u0131c\u0131 olarak de\u011ferlendirildi. Yerli sermayeli ila&ccedil; firmalar\u0131n\u0131 &uuml;lkenin gelece\u011fi ve toplum sa\u011fl\u0131\u011f\u0131 a&ccedil;\u0131s\u0131ndan &ouml;nemli bulan, korunmas\u0131 ve geli\u015fmesi gerekti\u011fine inanan eczac\u0131lar\u0131n sorunlar\u0131na kar\u015f\u0131 duyars\u0131zl\u0131klar\u0131 ve ellerinden bir \u015fey gelmedi\u011fini ifade etmeleri, eczac\u0131 odas\u0131 y&ouml;neticilerinde tepkiye neden oldu. \u0130E\u0130S Genel Sekreteri Turgut Toks&ouml;z eczac\u0131lar\u0131n s\u0131k\u0131nt\u0131lar\u0131n\u0131n T&uuml;rkiye&rsquo;nin i&ccedil;inde bulundu\u011fu ekonomik ve ticari durumun do\u011fal bir sonucu oldu\u011funu iddia etti. Toks&ouml;z, b&uuml;y&uuml;k eczanelerin ayakta kal\u0131p k&uuml;&ccedil;&uuml;klerin kapanmas\u0131n\u0131n s&uuml;recin do\u011fal sonucu oldu\u011funu s&ouml;yledi. &Ouml;rne\u011fin mal fazlalar\u0131n\u0131n eczanelere dengeli ve e\u015fit da\u011f\u0131t\u0131lmas\u0131 konusundaki talebin b&uuml;y&uuml;k tart\u0131\u015fma yaratt\u0131\u011f\u0131 toplant\u0131da, bu talebin kar\u015f\u0131lanmayaca\u011f\u0131n\u0131, al\u0131m g&uuml;c&uuml; y&uuml;ksek eczanelere mal fazlas\u0131 verilirken al\u0131m g&uuml;c&uuml; daha d&uuml;\u015f&uuml;k olanlara ise verilmemesinin do\u011fal oldu\u011funu vurgulayan Toks&ouml;z bu konuda firmalara ve depolara herhangi bir m&uuml;dahalede bulunamayacaklar\u0131n\u0131 kaydetti.&nbsp;<\/p>\n<p class=\"MsoNormal\">6 \u015eubat Sal\u0131 g&uuml;n&uuml; &ouml;\u011fleden sonra T&uuml;rkiye Depocular Derne\u011fi ile yap\u0131lan g&ouml;r&uuml;\u015fmede ise, \u015fu talepler kendilerine iletildi:&nbsp;<\/p>\n<ol>\n<li class=\"MsoNormal\">\u0130thal      ila&ccedil;larda eczac\u0131ya tan\u0131nan vade en az\u0131ndan devletin eczac\u0131ya &ouml;dedi\u011fi s&uuml;re      kadar olmal\u0131d\u0131r. Kamu taraf\u0131ndan yap\u0131lan &ouml;demeler en iyimser durumda 60&ndash;75      g&uuml;n&uuml; bulmaktad\u0131r. Optimal stok d&uuml;zeyi ile &ccedil;al\u0131\u015fan eczanede dahi bir ayl\u0131k      stok d&uuml;zeyi oldu\u011fu kabul edilirse, bir ay stoktan, 60 g&uuml;nde geri &ouml;deme      s&uuml;resinden hesap yap\u0131ld\u0131\u011f\u0131nda 15-30-45 g&uuml;n vade ile al\u0131nan ilac\u0131n 90 g&uuml;nde      geri &ouml;denmesi durumunda eczanelerin hizmeti s&uuml;rd&uuml;rme \u015fans\u0131 yoktur. <\/li>\n<li class=\"MsoNormal\">4.      ve 5. dilimdeki 100 YTL&rsquo;nin &uuml;zerindeki ila&ccedil;larda bug&uuml;nk&uuml; ko\u015fullarda      eczac\u0131lar i&ccedil;in mutlak bir zarar tablosu s&ouml;zkonusudur. Bu ila&ccedil;larda hizmet      bu \u015fartlarda s&uuml;rd&uuml;r&uuml;lemez. Fiyat kararnamesi de\u011fi\u015fikli\u011fi g&uuml;ndemde iken      d&uuml;zeltilmelidir. Pazar\u0131n y&uuml;zde 80&rsquo;ine sahip olan iki b&uuml;y&uuml;k da\u011f\u0131t\u0131m kanal\u0131      eczac\u0131lara hi&ccedil; destek vermedi. Da\u011f\u0131t\u0131m kanallar\u0131n\u0131n \u015fartlar\u0131      esnekle\u015ftirmesi gerekiyor. <\/li>\n<li class=\"MsoNormal\">Geri      &ouml;deme d\u0131\u015f\u0131na &ccedil;\u0131kar\u0131lan ila&ccedil;lar, depolar arac\u0131l\u0131\u011f\u0131yla firmalar taraf\u0131ndan      geri al\u0131nmal\u0131d\u0131r. <\/li>\n<li class=\"MsoNormal\">Y&uuml;zde      20&rsquo;den sonra eczanelere yap\u0131lan iskontolar kald\u0131r\u0131lm\u0131\u015ft\u0131r. Bu iskontoyu      kald\u0131ran firmalar aras\u0131nda &uuml;yeleriniz a\u011f\u0131rl\u0131kl\u0131 say\u0131dad\u0131r. 2697 kalem      ila&ccedil;ta iskonto kald\u0131r\u0131lm\u0131\u015ft\u0131r, bu ila&ccedil;lar s\u0131f\u0131r iskonto ile eczanelere      verilmektedir. Bu rakam pazar\u0131n y&uuml;zde 41,5&rsquo;ini olu\u015fturmaktad\u0131r. Bu durum      d&uuml;zeltilmelidir. Da\u011f\u0131t\u0131m kanallar\u0131 firmadan ald\u0131klar\u0131 iskontoyu eczanelere      ayr\u0131m g&ouml;zetmeksizin yans\u0131tmal\u0131d\u0131r. <\/li>\n<li class=\"MsoNormal\">&Uuml;r&uuml;n      fazlas\u0131 uygulamas\u0131 &ccedil;o\u011funlu\u011fu olu\u015fturan k&uuml;&ccedil;&uuml;k ve orta-&ouml;l&ccedil;ekli eczanelerin      k&acirc;rl\u0131l\u0131\u011f\u0131n\u0131 d&uuml;\u015f&uuml;rmektedir. Vol&uuml;ml&uuml; al\u0131\u015flarda MF&rsquo;ler eczanelere tam olarak      verildi\u011fi halde, az miktarda ila&ccedil; alan eczanelere ise MF verilmemektedir.      MF&rsquo;ler b&ouml;l&uuml;nebilir olmal\u0131 ve k&uuml;&ccedil;&uuml;k eczanelere yans\u0131t\u0131lmal\u0131, da\u011f\u0131t\u0131m      kanallar\u0131 da bu konuda kendi ba\u015flar\u0131na davranmamal\u0131d\u0131r. <\/li>\n<li class=\"MsoNormal\">Ekonomik      s\u0131k\u0131nt\u0131ya giren eczanelere da\u011f\u0131t\u0131m kanallar\u0131 taraf\u0131ndan ac\u0131mas\u0131z bir vade      fark\u0131 uygulanmakta. Bu eczanelerin ekranlar\u0131 karart\u0131l\u0131yor, ila&ccedil;      verilmiyor, bir anlamda mesleki ya\u015famlar\u0131 bitiriliyor. S\u0131k\u0131nt\u0131ya d&uuml;\u015fen      ancak iyiniyetle ve d&uuml;r&uuml;stl&uuml;kle borcunu &ouml;demeye &ccedil;al\u0131\u015fan eczac\u0131lara destek      olunmal\u0131d\u0131r.&nbsp;<\/li>\n<li class=\"MsoNormal\">Mevcut      eczanelerin y&uuml;zde 80&rsquo;ini olu\u015fturan orta ve k&uuml;&ccedil;&uuml;k cirolu eczanelere servis      anlam\u0131nda, &uuml;r&uuml;n fazlas\u0131 ve ciro primi gibi art\u0131lar verilmemektedir.      Eczaneler aras\u0131nda farkl\u0131l\u0131k yarat\u0131lmaktad\u0131r. Oysa da\u011f\u0131t\u0131m kanallar\u0131      eczanelere davranmal\u0131d\u0131r. <\/li>\n<\/ol>\n<p class=\"MsoNormal\">Talepler &uuml;zerine yap\u0131lan g&ouml;r&uuml;\u015fmelerde eczac\u0131lar\u0131n dile getirdikleri sorunlar\u0131n tamamen ger&ccedil;ek oldu\u011funu ve bu konularda hakl\u0131 olduklar\u0131n\u0131 ifade eden dernek yetkilileri, &ouml;zellikle eczanelere farkl\u0131 yakla\u015f\u0131mlar\u0131n\u0131n mevcut rekabet ortam\u0131n\u0131n bir sonucu olarak ortaya &ccedil;\u0131kt\u0131\u011f\u0131n\u0131 s&ouml;yledi. &Ouml;rne\u011fin mal fazlas\u0131 da\u011f\u0131t\u0131mlar\u0131nda e\u015fitlik talebi &uuml;zerine, bu konunun kendi inisiyatiflerinde olmad\u0131\u011f\u0131n\u0131 belirten da\u011f\u0131t\u0131m kanal\u0131 temsilcileri, bu konuda kurallar\u0131 &ouml;zellikle yerli ila&ccedil; firmalar\u0131n\u0131n koydu\u011funu dile getirerek kendilerinin bu durumda yapacak bir \u015feyleri olmad\u0131\u011f\u0131n\u0131 s&ouml;ylediler.&nbsp;<\/p>\n<p class=\"MsoNormal\">14 Ocak&rsquo;ta Kad\u0131k&ouml;y&rsquo;de yap\u0131lan &ldquo;B&uuml;y&uuml;k Eczac\u0131 Mitingi&rdquo;nin ard\u0131ndan ger&ccedil;ekle\u015ftirilen bu g&ouml;r&uuml;\u015fmeler g&ouml;stermi\u015ftir ki, eczac\u0131n\u0131n kendi &ouml;rg&uuml;tlerinden ba\u015fka g&uuml;venebilece\u011fi bir merci yoktur. Eczac\u0131n\u0131n bug&uuml;n ya\u015fad\u0131\u011f\u0131 sorunlar\u0131n a\u015f\u0131lmas\u0131 i&ccedil;in g&ouml;sterdi\u011fimiz &ccedil;abalarda, bir d&ouml;nemler &ccedil;ok fazla g&uuml;ndemde olan &ldquo;Hak verilmez al\u0131n\u0131r&rdquo; s&ouml;z&uuml;n&uuml; benimsememiz gerekti\u011fi \u015fimdi daha &ccedil;ok a&ccedil;\u0131kl\u0131\u011fa kavu\u015fmu\u015ftur.<\/p>\n","protected":false},"excerpt":{"rendered":"<p>ECZACI ODASI BA\u015eKANLARI&nbsp; A\u0130FD, \u0130E\u0130S VE DEPOCULAR DERNE\u011e\u0130 \u0130LE G&Ouml;R&Uuml;\u015eT&Uuml; &nbsp; Eczac\u0131n\u0131n hak arama s&uuml;reci, iki g&uuml;nd&uuml;r ila&ccedil; sanayisi temsilcileri&#46;&#46;&#46;<\/p>\n","protected":false},"author":1,"featured_media":0,"comment_status":"closed","ping_status":"closed","sticky":false,"template":"","format":"standard","meta":{"_jetpack_memberships_contains_paid_content":false,"footnotes":""},"categories":[1],"tags":[],"class_list":["post-3262","post","type-post","status-publish","format-standard","hentry","category-ced"],"aioseo_notices":[],"jetpack_featured_media_url":"","jetpack_sharing_enabled":true,"jetpack-related-posts":[],"_links":{"self":[{"href":"http:\/\/www.ced.org.tr\/index.php?rest_route=\/wp\/v2\/posts\/3262","targetHints":{"allow":["GET"]}}],"collection":[{"href":"http:\/\/www.ced.org.tr\/index.php?rest_route=\/wp\/v2\/posts"}],"about":[{"href":"http:\/\/www.ced.org.tr\/index.php?rest_route=\/wp\/v2\/types\/post"}],"author":[{"embeddable":true,"href":"http:\/\/www.ced.org.tr\/index.php?rest_route=\/wp\/v2\/users\/1"}],"replies":[{"embeddable":true,"href":"http:\/\/www.ced.org.tr\/index.php?rest_route=%2Fwp%2Fv2%2Fcomments&post=3262"}],"version-history":[{"count":0,"href":"http:\/\/www.ced.org.tr\/index.php?rest_route=\/wp\/v2\/posts\/3262\/revisions"}],"wp:attachment":[{"href":"http:\/\/www.ced.org.tr\/index.php?rest_route=%2Fwp%2Fv2%2Fmedia&parent=3262"}],"wp:term":[{"taxonomy":"category","embeddable":true,"href":"http:\/\/www.ced.org.tr\/index.php?rest_route=%2Fwp%2Fv2%2Fcategories&post=3262"},{"taxonomy":"post_tag","embeddable":true,"href":"http:\/\/www.ced.org.tr\/index.php?rest_route=%2Fwp%2Fv2%2Ftags&post=3262"}],"curies":[{"name":"wp","href":"https:\/\/api.w.org\/{rel}","templated":true}]}}