{"id":3265,"date":"2007-02-16T14:25:44","date_gmt":"2007-02-16T12:25:44","guid":{"rendered":"http:\/\/www.ced.org.tr\/?p=3265"},"modified":"2007-02-16T14:25:44","modified_gmt":"2007-02-16T12:25:44","slug":"eczane-sinirlamasi-kalkiyor-marketler-de-ilac-satacak","status":"publish","type":"post","link":"http:\/\/www.ced.org.tr\/?p=3265","title":{"rendered":"ECZANE SINIRLAMASI KALKIYOR, MARKETLER DE \u0130LA\u00c7 SATACAK"},"content":{"rendered":"<h3 align=\"center\">ECZANE SINIRLAMASI KALKIYOR, MARKETLER DE \u0130LA&Ccedil; SATACAK <br \/><\/h3>\n<p>Sa\u011fl\u0131k Bakanl\u0131\u011f\u0131&#39;n\u0131n \u0130la&ccedil; Kurumu&#39;nun kurulmas\u0131 i&ccedil;in haz\u0131rlad\u0131\u011f\u0131  taslak iki &ouml;nemli yenilik i&ccedil;eriyor. \u0130la&ccedil;ta reklam yasa\u011f\u0131 kald\u0131r\u0131l\u0131yor. Eczaneler  d\u0131\u015f\u0131nda ila&ccedil; sat\u0131lmas\u0131n\u0131n &ouml;n&uuml; a&ccedil;\u0131l\u0131yor. <br \/>\u0130la&ccedil; sekt&ouml;r&uuml;n&uuml; d&uuml;zenlemek i&ccedil;in  kurulmas\u0131 &ouml;ng&ouml;r&uuml;len &uuml;st kurul niteli\u011findeki \u0130la&ccedil; Kurumu ile ila&ccedil;lar\u0131n eczaneler  d\u0131\u015f\u0131nda da sat\u0131lmas\u0131n\u0131n &ouml;n&uuml; a&ccedil;\u0131l\u0131yor. Sa\u011fl\u0131k Bakanl\u0131\u011f\u0131 taraf\u0131ndan T&uuml;rkiye \u0130la&ccedil;  Kurumu&#39;nun kurulmas\u0131 i&ccedil;in haz\u0131rlanan yasa tasla\u011f\u0131, mevcut yasalardaki ila&ccedil;lar\u0131n  sadece eczanede sat\u0131lmas\u0131 y&ouml;n&uuml;ndeki d&uuml;zenlemeyi kald\u0131r\u0131yor. Bu yolla ila&ccedil;lar  eczane d\u0131\u015f\u0131ndaki yerlerde de sat\u0131labilecek. \u0130la&ccedil;ta reklam\u0131 yasaklayan  d&uuml;zenlemeleri de y&uuml;r&uuml;rl&uuml;kten kald\u0131ran taslak, Sa\u011fl\u0131k Bakanl\u0131\u011f\u0131&#39;n\u0131n ila&ccedil;, di\u011fer  t\u0131bbi malzeme ve &uuml;r&uuml;nlerin fiyatlar\u0131n\u0131n belirlenmesindeki yetkisini de sona  erdiriyor. Hen&uuml;z ilgili kurum ve kurulu\u015flardan taslakla ilgili g&ouml;r&uuml;\u015fler  toplan\u0131rken taslakta ila&ccedil; fiyatlar\u0131n\u0131n nas\u0131l belirlenece\u011fine ili\u015fkin bo\u015fluk  bulunmas\u0131 ele\u015ftiriliyor.<\/p>\n<p>\u0130la&ccedil;, t\u0131bbi cihaz ve malzemelerin standardizasyonu,  ruhsatland\u0131r\u0131lmas\u0131 ve y&ouml;netilmesi i&ccedil;in bir &uuml;st kurulun olu\u015fturulmas\u0131 uzun  s&uuml;redir g&uuml;ndemde bulunuyordu. Konuyla ilgili olarak bir yasal d&uuml;zenleme  yap\u0131laca\u011f\u0131 taahh&uuml;d&uuml;, Yat\u0131r\u0131m Ortam\u0131n\u0131 \u0130yile\u015ftirme ve Koordinasyon Kurulu&#39;nun  (YO\u0130KK) son toplant\u0131s\u0131n\u0131n ard\u0131ndan olu\u015fturulan teknik komite eylem plan\u0131nda da  yer ald\u0131. Planda &quot;T&uuml;rkiye \u0130la&ccedil; ve T\u0131bbi Cihaz Kurumu&#39;nun kurulmas\u0131 amac\u0131yla  haz\u0131rlanan kanun tasla\u011f\u0131na ili\u015fkin &ccedil;al\u0131\u015fmalar Temmuz-2007&#39;ye kadar &ouml;zel sekt&ouml;r  g&ouml;r&uuml;\u015fleri de dikkate al\u0131narak tamamlanacak ve TBMM&#39;ye sevk edilecek&quot; denildi. Bu  &ccedil;er&ccedil;evede &ccedil;al\u0131\u015fmalar\u0131 h\u0131zland\u0131ran Sa\u011fl\u0131k Bakanl\u0131\u011f\u0131, konuyla ilgili tasla\u011f\u0131 belli  bir a\u015famaya getirdi. Bakanl\u0131k taraf\u0131ndan haz\u0131rlanan taslakta koruyucu, te\u015fhis,  tedavi ve rehabilite edici hizmetlerde kullan\u0131lan t\u0131bbi &uuml;r&uuml;nler, &ouml;zel &uuml;r&uuml;nler,  kozmetikler ve t\u0131bbi cihazlar\u0131n &uuml;retimi, ithalat\u0131, ihracat\u0131, piyasaya arz\u0131,  hizmete sunulmas\u0131 i&ccedil;in her t&uuml;rl&uuml; d&uuml;zenlemeyi yapmak ve denetlemek &uuml;zere &quot;T&uuml;rkiye  \u0130la&ccedil; ve T\u0131bbi Cihaz Kurumu&quot; kurulmas\u0131 &ouml;ng&ouml;r&uuml;l&uuml;yor. <\/p>\n<p>REKLAM YASA\u011eI DA  KALKIYOR <br \/>Haz\u0131rlanan taslakta tart\u0131\u015fmal\u0131 d&uuml;zenlemelere de yer veriliyor. Buna  g&ouml;re tasla\u011f\u0131n yasala\u015fmas\u0131 durumunda 984 say\u0131l\u0131 &quot;Ecza Ticarethaneleriyle Sanat ve  Ziraat \u0130\u015flerinde Kullan\u0131lan Zehirli ve M&uuml;essir Kimyevi Maddelerin Sat\u0131ld\u0131\u011f\u0131  D&uuml;kk&acirc;nlara Mahsus Kanun&quot;la 1262 say\u0131l\u0131 &quot;\u0130spen&ccedil;iyari ve T\u0131bbi M&uuml;stahzarlar  Kanunu&quot; y&uuml;r&uuml;rl&uuml;kten kald\u0131r\u0131lacak. S&ouml;z konusu kanunlar ila&ccedil;lar\u0131n ecza deposu  taraf\u0131ndan eczane d\u0131\u015f\u0131na sat\u0131lmas\u0131n\u0131 yasakl\u0131yor, re&ccedil;eteli-re&ccedil;etesiz t&uuml;m  ila&ccedil;lar\u0131n da sadece eczanelerde sat\u0131lmas\u0131n\u0131 &ouml;ng&ouml;r&uuml;yor. S&ouml;z konusu kanunlar\u0131n  kald\u0131r\u0131lmas\u0131n\u0131 &ouml;ng&ouml;ren taslak, bu konularda k\u0131s\u0131tlay\u0131c\u0131 yeni bir d&uuml;zenleme  &ouml;ng&ouml;rmedi\u011fi i&ccedil;in ila&ccedil;lar\u0131n eczane d\u0131\u015f\u0131nda da sat\u0131lmas\u0131n\u0131n &ouml;n&uuml;n&uuml; a&ccedil;\u0131yor.  <br \/>Taslakla, ila&ccedil;lar i&ccedil;in uygulanan reklam yasa\u011f\u0131 da kald\u0131r\u0131l\u0131yor. Halen  y&uuml;r&uuml;rl&uuml;kte bulunan 1262 say\u0131l\u0131 \u0130spen&ccedil;iyari ve T\u0131bbi M&uuml;stahzarlar Kanunu ilac\u0131n  reklam\u0131n\u0131 yasakl\u0131yor. Taslak ise 1262 say\u0131l\u0131 kanunu y&uuml;r&uuml;rl&uuml;kten kald\u0131r\u0131rken  reklam s\u0131n\u0131rlamas\u0131yla ilgili yeni bir d&uuml;zenleme &ouml;ng&ouml;rm&uuml;yor. Bu yolla, ila&ccedil;ta  reklam yasal olarak m&uuml;mk&uuml;n hale geliyor. Daha &ouml;nce re&ccedil;etesiz sat\u0131lan t\u0131bbi  &uuml;r&uuml;nlerin reklam\u0131n\u0131n serbest olmas\u0131 i&ccedil;in d&uuml;zenlemeler yap\u0131lm\u0131\u015f, ancak s&ouml;z konusu  d&uuml;zenlemeler Dan\u0131\u015ftay karar\u0131yla iptal edilmi\u015fti. <br \/>Taslak, ila&ccedil; fiyatlar\u0131n\u0131n  nas\u0131l belirlenece\u011fi konusunu da bo\u015flukta b\u0131rak\u0131yor. Buna g&ouml;re Sa\u011fl\u0131k  Bakanl\u0131\u011f\u0131&#39;na ila&ccedil; ve di\u011fer t\u0131bbi malzeme ve &uuml;r&uuml;nlerin fiyat\u0131n\u0131n belirlenmesinde  yetki veren 3359 say\u0131l\u0131 &quot;Sa\u011fl\u0131k Hizmetleri Temel Kanunu&quot; taslakla y&uuml;r&uuml;rl&uuml;kten  kalk\u0131yor. Ancak, kanunun y&uuml;r&uuml;rl&uuml;kten kalkmas\u0131yla fiyatlar\u0131n hangi kurumlar  taraf\u0131ndan nas\u0131l belirlenece\u011fi konusunda tasla\u011f\u0131n mevcut halinde bir netlik  bulunmuyor. \u0130la&ccedil;ta fiyat belirleme yetkisiyle ilgili olarak ayr\u0131 bir  d&uuml;zenlemenin g&uuml;ndeme gelebilece\u011fi belirtiliyor. <\/p>\n<p>&#39;TOPLUM SA\u011eLI\u011eINA ZARAR  VER\u0130R&#39; <br \/>T&uuml;rk Tabipleri Birli\u011fi (TTB), T&uuml;rkiye \u0130la&ccedil; Kurumu&#39;nun olu\u015fturulmas\u0131  i&ccedil;in haz\u0131rlanan yasa tasla\u011f\u0131n\u0131 ele\u015ftirdi. Birlik taraf\u0131ndan taslak i&ccedil;in  haz\u0131rlanan g&ouml;r&uuml;\u015fte, &ccedil;al\u0131\u015fman\u0131n gereksinimleri kar\u015f\u0131lamad\u0131\u011f\u0131na dikkat &ccedil;ekildi.  Taslakta ila&ccedil;, kozmetik, &ouml;zel &uuml;r&uuml;n ve t\u0131bbi cihazlar ile ilgili olarak kurallara  ayk\u0131r\u0131 davranan ve insan sa\u011fl\u0131\u011f\u0131na zarar veren ki\u015fi ve kurulu\u015flara uygulanacak  idari para cezalar\u0131na yer verilmedi\u011fine dikkat &ccedil;ekilen g&ouml;r&uuml;\u015fte, \u0130la&ccedil; Kurumu&#39;nun  t\u0131bbi &uuml;r&uuml;nlerin piyasa g&ouml;zetim ve denetimini nas\u0131l yapaca\u011f\u0131n\u0131n da net olmad\u0131\u011f\u0131  kaydedildi. <br \/>D&uuml;zenlemeyle Sa\u011fl\u0131k Bakanl\u0131\u011f\u0131&#39;n\u0131n fiyat belirleme yetkisinin  ortadan kald\u0131r\u0131ld\u0131\u011f\u0131na, ila&ccedil;ta reklam yasa\u011f\u0131n\u0131n sona erdirildi\u011fine ve ila&ccedil;lar\u0131n  eczanelerde eczac\u0131lar taraf\u0131ndan sat\u0131lmas\u0131 zorunlulu\u011funun kald\u0131r\u0131ld\u0131\u011f\u0131na dikkat  &ccedil;ekilen g&ouml;r&uuml;\u015fte; &quot;Bu haliyle taslak yasal d&uuml;zenlemelerin bo\u015flu\u011funu doldurmayarak  toplum sa\u011fl\u0131\u011f\u0131 ve kamusal &ccedil;\u0131karlar a&ccedil;\u0131s\u0131ndan ciddi zararlar do\u011furacak  niteliktedir&quot; denildi. <\/p>\n<p>KANUN TASLA\u011eI NELER GET\u0130R\u0130YOR <br \/>&#8211; T&uuml;rkiye \u0130la&ccedil;  ve T\u0131bbi Cihaz Kurumu kurulacak. <br \/>&#8211; \u0130la&ccedil; Kurumu t\u0131bbi &uuml;r&uuml;nler, &ouml;zel &uuml;r&uuml;nler,  kozmetikler ve t\u0131bbi cihazlar\u0131n &uuml;retimi, ithalat\u0131, ihracat\u0131, piyasaya arz\u0131,  hizmete sunulmas\u0131 i&ccedil;in her t&uuml;rl&uuml; d&uuml;zenlemeyi yapmak ve denetlemekle g&ouml;revli  k\u0131l\u0131nacak. <br \/>&#8211; Sa\u011fl\u0131k Bakanl\u0131\u011f\u0131&#39;n\u0131n ila&ccedil; fiyatlar\u0131n\u0131 belirleme yetkisi sona  erecek. <br \/>&#8211; \u0130la&ccedil;lar\u0131n eczane d\u0131\u015f\u0131nda sat\u0131lmas\u0131n\u0131n &ouml;n&uuml; a&ccedil;\u0131lacak. <br \/>&#8211; \u0130la&ccedil;lar  i&ccedil;in uygulanan reklam yasa\u011f\u0131 kald\u0131r\u0131lacak.<\/p>\n","protected":false},"excerpt":{"rendered":"<p>ECZANE SINIRLAMASI KALKIYOR, MARKETLER DE \u0130LA&Ccedil; SATACAK Sa\u011fl\u0131k Bakanl\u0131\u011f\u0131&#39;n\u0131n \u0130la&ccedil; Kurumu&#39;nun kurulmas\u0131 i&ccedil;in haz\u0131rlad\u0131\u011f\u0131 taslak iki &ouml;nemli yenilik i&ccedil;eriyor. \u0130la&ccedil;ta&#46;&#46;&#46;<\/p>\n","protected":false},"author":1,"featured_media":0,"comment_status":"closed","ping_status":"closed","sticky":false,"template":"","format":"standard","meta":{"_jetpack_memberships_contains_paid_content":false,"footnotes":""},"categories":[1],"tags":[],"class_list":["post-3265","post","type-post","status-publish","format-standard","hentry","category-ced"],"aioseo_notices":[],"jetpack_featured_media_url":"","jetpack_sharing_enabled":true,"jetpack-related-posts":[],"_links":{"self":[{"href":"http:\/\/www.ced.org.tr\/index.php?rest_route=\/wp\/v2\/posts\/3265","targetHints":{"allow":["GET"]}}],"collection":[{"href":"http:\/\/www.ced.org.tr\/index.php?rest_route=\/wp\/v2\/posts"}],"about":[{"href":"http:\/\/www.ced.org.tr\/index.php?rest_route=\/wp\/v2\/types\/post"}],"author":[{"embeddable":true,"href":"http:\/\/www.ced.org.tr\/index.php?rest_route=\/wp\/v2\/users\/1"}],"replies":[{"embeddable":true,"href":"http:\/\/www.ced.org.tr\/index.php?rest_route=%2Fwp%2Fv2%2Fcomments&post=3265"}],"version-history":[{"count":0,"href":"http:\/\/www.ced.org.tr\/index.php?rest_route=\/wp\/v2\/posts\/3265\/revisions"}],"wp:attachment":[{"href":"http:\/\/www.ced.org.tr\/index.php?rest_route=%2Fwp%2Fv2%2Fmedia&parent=3265"}],"wp:term":[{"taxonomy":"category","embeddable":true,"href":"http:\/\/www.ced.org.tr\/index.php?rest_route=%2Fwp%2Fv2%2Fcategories&post=3265"},{"taxonomy":"post_tag","embeddable":true,"href":"http:\/\/www.ced.org.tr\/index.php?rest_route=%2Fwp%2Fv2%2Ftags&post=3265"}],"curies":[{"name":"wp","href":"https:\/\/api.w.org\/{rel}","templated":true}]}}