{"id":3268,"date":"2007-02-22T15:43:47","date_gmt":"2007-02-22T13:43:47","guid":{"rendered":"http:\/\/www.ced.org.tr\/?p=3268"},"modified":"2007-02-22T15:43:47","modified_gmt":"2007-02-22T13:43:47","slug":"istanbul-eczaci-odasindan-zorunlu-bir-aciklama","status":"publish","type":"post","link":"http:\/\/www.ced.org.tr\/?p=3268","title":{"rendered":"\u0130STANBUL ECZACI ODASINDAN ZORUNLU B\u0130R A\u00c7IKLAMA"},"content":{"rendered":"<div align=\"center\">\n<h3>\u0130STANBUL ECZACI ODASINDAN ZORUNLU B\u0130R A&Ccedil;IKLAMA<\/h3>\n<p align=\"left\">\u0130stanbul Eczac\u0131 Odas\u0131 Y&ouml;netim Kurulu TEB Ola\u011fan&uuml;st&uuml; Kongresi ile ilgili bir bildiri yay\u0131nlad\u0131. Yap\u0131lan a&ccedil;\u0131klamada &quot;\u0130stanbul Eczac\u0131 Odas\u0131&#39;n\u0131n, kurullar\u0131n\u0131n ve birlikte hareket etti\u011fi odalar\u0131n g&uuml;ndeminde bir ola\u011fan&uuml;st&uuml; genel kurul &ccedil;a\u011fr\u0131s\u0131 bug&uuml;n i&ccedil;in yoktur.&quot; deniliyor.<\/p>\n<p align=\"left\">Eczac\u0131 kamuoyuna isimli a&ccedil;\u0131klama i&ccedil;in <a href=\"http:\/\/www.ced.org.tr\/images\/stories\/belgeler\/eczaci_kamuoyuna.html\" target=\"_blank\" title=\"eczac\u0131 kamuoyuna a&ccedil;\u0131klama\">t\u0131klay\u0131n\u0131z<\/a>.&nbsp;<\/p>\n<\/div>\n","protected":false},"excerpt":{"rendered":"<p>\u0130STANBUL ECZACI ODASINDAN ZORUNLU B\u0130R A&Ccedil;IKLAMA \u0130stanbul Eczac\u0131 Odas\u0131 Y&ouml;netim Kurulu TEB Ola\u011fan&uuml;st&uuml; Kongresi ile ilgili bir bildiri yay\u0131nlad\u0131. Yap\u0131lan&#46;&#46;&#46;<\/p>\n","protected":false},"author":1,"featured_media":0,"comment_status":"closed","ping_status":"closed","sticky":false,"template":"","format":"standard","meta":{"_jetpack_memberships_contains_paid_content":false,"footnotes":""},"categories":[1],"tags":[],"class_list":["post-3268","post","type-post","status-publish","format-standard","hentry","category-ced"],"aioseo_notices":[],"jetpack_featured_media_url":"","jetpack_sharing_enabled":true,"jetpack-related-posts":[],"_links":{"self":[{"href":"http:\/\/www.ced.org.tr\/index.php?rest_route=\/wp\/v2\/posts\/3268","targetHints":{"allow":["GET"]}}],"collection":[{"href":"http:\/\/www.ced.org.tr\/index.php?rest_route=\/wp\/v2\/posts"}],"about":[{"href":"http:\/\/www.ced.org.tr\/index.php?rest_route=\/wp\/v2\/types\/post"}],"author":[{"embeddable":true,"href":"http:\/\/www.ced.org.tr\/index.php?rest_route=\/wp\/v2\/users\/1"}],"replies":[{"embeddable":true,"href":"http:\/\/www.ced.org.tr\/index.php?rest_route=%2Fwp%2Fv2%2Fcomments&post=3268"}],"version-history":[{"count":0,"href":"http:\/\/www.ced.org.tr\/index.php?rest_route=\/wp\/v2\/posts\/3268\/revisions"}],"wp:attachment":[{"href":"http:\/\/www.ced.org.tr\/index.php?rest_route=%2Fwp%2Fv2%2Fmedia&parent=3268"}],"wp:term":[{"taxonomy":"category","embeddable":true,"href":"http:\/\/www.ced.org.tr\/index.php?rest_route=%2Fwp%2Fv2%2Fcategories&post=3268"},{"taxonomy":"post_tag","embeddable":true,"href":"http:\/\/www.ced.org.tr\/index.php?rest_route=%2Fwp%2Fv2%2Ftags&post=3268"}],"curies":[{"name":"wp","href":"https:\/\/api.w.org\/{rel}","templated":true}]}}