{"id":3269,"date":"2007-02-28T17:26:54","date_gmt":"2007-02-28T15:26:54","guid":{"rendered":"http:\/\/www.ced.org.tr\/?p=3269"},"modified":"2007-02-28T17:26:54","modified_gmt":"2007-02-28T15:26:54","slug":"hukumetin-saglik-politikalarina-karsi","status":"publish","type":"post","link":"http:\/\/www.ced.org.tr\/?p=3269","title":{"rendered":"H\u00dcK\u00dcMET\u0130N SA\u011eLIK POL\u0130T\u0130KALARINA KAR\u015eI"},"content":{"rendered":"<p><img loading=\"lazy\" decoding=\"async\" src=\"http:\/\/www.ced.org.tr\/images\/stories\/dernek\/beyaz_eylem.jpg\" border=\"0\" alt=\"beyaz eylem\" title=\"beyaz eylem\" hspace=\"6\" width=\"125\" height=\"182\" align=\"left\" \/>      <\/p>\n<h3><strong>H&Uuml;K&Uuml;MET\u0130N SA\u011eLIK POL\u0130T\u0130KALARINA KAR\u015eI <span>&nbsp;<\/span>&ldquo;BEYAZ EYLEMLER&rdquo; <br \/><\/strong><\/h3>\n<p class=\"MsoNormal\"><strong>Sa\u011fl\u0131k alan\u0131nda ya\u015fanan d&ouml;n&uuml;\u015f&uuml;mler ve AKP&rsquo;nin ila&ccedil; ve sa\u011fl\u0131k alan\u0131nda izledi\u011fi politikalara tepkiler eyleme d&ouml;n&uuml;\u015f&uuml;yor. 14 Ocak B&uuml;y&uuml;k Eczac\u0131 Mitingi&rsquo;nin yank\u0131lar\u0131 hala devam ederken bu kez de hekimler alanlara &ccedil;\u0131k\u0131yor. T&uuml;rk Tabipler Birli\u011fi taraf\u0131ndan d&uuml;zenlenen ve di\u011fer sa\u011fl\u0131k meslek &ouml;rg&uuml;tlerinin de destek verdi\u011fi &ldquo;Beyaz Eylemler&rdquo; ba\u015fl\u0131yor. \u0130lki 1 Mart 2007 Per\u015fembe g&uuml;n&uuml; ger&ccedil;ekle\u015fecek ve Beyaz &Ccedil;a\u011fr\u0131 ad\u0131 verilen eylemle Kamu Sa\u011fl\u0131k Kurumlar\u0131 ve Sa\u011fl\u0131k Ocaklar\u0131&rsquo;na sahip &ccedil;\u0131k\u0131lacak.<\/strong><\/p>\n<p class=\"MsoNormal\"><strong>T&uuml;rk Tabipler Birli\u011fi taraf\u0131ndan yap\u0131lan &ccedil;a\u011fr\u0131da Mart ay\u0131 boyunca s&uuml;rd&uuml;r&uuml;lecek eylemlere hekimlerin, eczac\u0131lar\u0131n ve t&uuml;m t&uuml;m sa\u011fl\u0131k emek&ccedil;ilerinin kat\u0131lmas\u0131 ve destek olmas\u0131 isteniyor.<\/strong><\/p>\n<div align=\"center\">\n<h3><strong><span style=\"font-size: 14pt\">BEYAZ EYLEM  TAKV\u0130M\u0130<\/span><\/strong>&nbsp; <\/h3>\n<\/div>\n<ol>\n<li><span style=\"font-size: 10pt\"><strong>Beyaz &Ccedil;a\u011fr\u0131 (Sa\u011fl\u0131k Ocaklar\u0131m\u0131za Sahip  &Ccedil;\u0131k\u0131yoruz) : <\/strong>1 Mart 2007 Per\u015fembe g&uuml;n&uuml; Tabip Odalar\u0131 kendi tespit  edecekleri bir sa\u011fl\u0131k oca\u011f\u0131n\u0131n &ouml;n&uuml;nde hekimler ve sa\u011fl\u0131k &ccedil;al\u0131\u015fanlar\u0131yla birlikte  kitlesel bas\u0131n a&ccedil;\u0131klamas\u0131 yapacaklar ve t&uuml;m halk\u0131m\u0131z sa\u011fl\u0131k hakk\u0131na, kamu sa\u011fl\u0131k  kurumlar\u0131na, sa\u011fl\u0131k ocaklar\u0131na sahip &ccedil;\u0131karak hekimleri ve sa\u011fl\u0131k &ccedil;al\u0131\u015fanlar\u0131n\u0131  desteklemeye davet edilecektir.\n<p><\/span> <\/li>\n<li><span style=\"font-size: 10pt\"><strong>Beyaz Referandum (Nab\u0131z say\u0131m\u0131)  :<\/strong> 5-9 Mart 2007 Pazartesi-Cuma g&uuml;nleri boyunca t&uuml;m sa\u011fl\u0131k kurumlar\u0131nda  ger&ccedil;ekle\u015ftirece\u011fimiz Beyaz Referandum ile d&ouml;rt y\u0131ld\u0131r uygulanmakta olan sa\u011fl\u0131k  politikalar\u0131 konusunda hekimlerin ve sa\u011fl\u0131k &ccedil;al\u0131\u015fanlar\u0131n\u0131n y&uuml;kselen &quot;nabz\u0131n\u0131  sayaca\u011f\u0131z&quot;.\n<p><\/span> <\/li>\n<li><span style=\"font-size: 10pt\"><strong>Beyaz M\u0130T\u0130NG : <\/strong>11 Mart 2007  Pazar g&uuml;n&uuml; Ankara S\u0131hhiye&#39;de Sa\u011fl\u0131k Bakanl\u0131\u011f\u0131 &ouml;n&uuml;nde b&uuml;t&uuml;n illerden gelecek  hekimlerle ger&ccedil;ekle\u015ftirilecek mitingde Beyaz Referandum&#39;dan &ccedil;\u0131kan Nab\u0131z  say\u0131m\u0131n\u0131n sonu&ccedil;lar\u0131 a&ccedil;\u0131klanacak ve T&uuml;rkiye sa\u011fl\u0131k ortam\u0131na y&ouml;nelik g&ouml;r&uuml;\u015flerimiz  kamuoyuna duyurulacakt\u0131r.\n<p><\/span> <\/li>\n<li><span style=\"font-size: 10pt\"><strong>Beyaz G&ouml;REV :<\/strong> T&uuml;rkiye&#39;de  modern t\u0131p e\u011fitiminin ba\u015flad\u0131\u011f\u0131 ve uzun y\u0131llard\u0131r T\u0131p Bayram\u0131 olarak  kutlad\u0131\u011f\u0131m\u0131z 14 Mart 2007 &Ccedil;ar\u015famba g&uuml;n&uuml; b&uuml;t&uuml;n sa\u011fl\u0131k birimlerinde G&ouml;REVde  olaca\u011f\u0131z. G&ouml;REV etkinli\u011fimiz s\u0131ras\u0131nda sa\u011fl\u0131k hizmetlerinin ticarile\u015ftirilmesi  politikalar\u0131na y&ouml;nelik itirazlar\u0131m\u0131z\u0131n yan\u0131 s\u0131ra TTB&#39;nin y\u0131llar i&ccedil;erisinde  biriktirdi\u011fi de\u011ferlerden olu\u015facak pozitif &ccedil;&ouml;z&uuml;m &ouml;nerilerimizi kamuoyuna  a&ccedil;\u0131klayaca\u011f\u0131z.\n<p><\/span> <\/li>\n<li><span style=\"font-size: 10pt\"><strong>Dr. F&uuml;sun Sayek 2. E\u011fitim Hastaneleri  Kurultay\u0131: <\/strong>23-24 Mart 2007 tarihlerinde Sa\u011fl\u0131k Bakanl\u0131\u011f\u0131&#39;n\u0131n e\u011fitim  hastanelerini arka bah&ccedil;esine &ccedil;evirme giri\u015fimlerine kar\u015f\u0131 &uuml;lkemizde uzmanl\u0131k  e\u011fitiminde e\u011fitim hastanelerinin yeri, &ouml;nemi ve sorunlar\u0131n\u0131 bu alan\u0131n ger&ccedil;ek  sahipleri ile birlikte tart\u0131\u015faca\u011f\u0131m\u0131z kurultay\u0131 ger&ccedil;ekle\u015ftirece\u011fiz.<\/span>  <\/li>\n<\/ol>\n","protected":false},"excerpt":{"rendered":"<p>H&Uuml;K&Uuml;MET\u0130N SA\u011eLIK POL\u0130T\u0130KALARINA KAR\u015eI &nbsp;&ldquo;BEYAZ EYLEMLER&rdquo; Sa\u011fl\u0131k alan\u0131nda ya\u015fanan d&ouml;n&uuml;\u015f&uuml;mler ve AKP&rsquo;nin ila&ccedil; ve sa\u011fl\u0131k alan\u0131nda izledi\u011fi politikalara tepkiler eyleme&#46;&#46;&#46;<\/p>\n","protected":false},"author":1,"featured_media":0,"comment_status":"closed","ping_status":"closed","sticky":false,"template":"","format":"standard","meta":{"_jetpack_memberships_contains_paid_content":false,"footnotes":""},"categories":[1],"tags":[],"class_list":["post-3269","post","type-post","status-publish","format-standard","hentry","category-ced"],"aioseo_notices":[],"jetpack_featured_media_url":"","jetpack_sharing_enabled":true,"jetpack-related-posts":[],"_links":{"self":[{"href":"http:\/\/www.ced.org.tr\/index.php?rest_route=\/wp\/v2\/posts\/3269","targetHints":{"allow":["GET"]}}],"collection":[{"href":"http:\/\/www.ced.org.tr\/index.php?rest_route=\/wp\/v2\/posts"}],"about":[{"href":"http:\/\/www.ced.org.tr\/index.php?rest_route=\/wp\/v2\/types\/post"}],"author":[{"embeddable":true,"href":"http:\/\/www.ced.org.tr\/index.php?rest_route=\/wp\/v2\/users\/1"}],"replies":[{"embeddable":true,"href":"http:\/\/www.ced.org.tr\/index.php?rest_route=%2Fwp%2Fv2%2Fcomments&post=3269"}],"version-history":[{"count":0,"href":"http:\/\/www.ced.org.tr\/index.php?rest_route=\/wp\/v2\/posts\/3269\/revisions"}],"wp:attachment":[{"href":"http:\/\/www.ced.org.tr\/index.php?rest_route=%2Fwp%2Fv2%2Fmedia&parent=3269"}],"wp:term":[{"taxonomy":"category","embeddable":true,"href":"http:\/\/www.ced.org.tr\/index.php?rest_route=%2Fwp%2Fv2%2Fcategories&post=3269"},{"taxonomy":"post_tag","embeddable":true,"href":"http:\/\/www.ced.org.tr\/index.php?rest_route=%2Fwp%2Fv2%2Ftags&post=3269"}],"curies":[{"name":"wp","href":"https:\/\/api.w.org\/{rel}","templated":true}]}}