{"id":3270,"date":"2007-03-06T15:41:55","date_gmt":"2007-03-06T13:41:55","guid":{"rendered":"http:\/\/www.ced.org.tr\/?p=3270"},"modified":"2007-03-06T15:41:55","modified_gmt":"2007-03-06T13:41:55","slug":"jenerik-ilac-pazari-el-degistiriyor","status":"publish","type":"post","link":"http:\/\/www.ced.org.tr\/?p=3270","title":{"rendered":"JENER\u0130K \u0130LA\u00c7 PAZARI EL DE\u011e\u0130\u015eT\u0130R\u0130YOR"},"content":{"rendered":"<h3 align=\"center\"><span style=\"font-size: 10pt; font-family: Verdana\">JENER\u0130K \u0130LA&Ccedil; PAZARI EL DE\u011e\u0130\u015eT\u0130R\u0130YOR<\/span><\/h3>\n<p class=\"MsoNormal\"><span style=\"font-size: 10pt; font-family: Verdana\">Yerli ila&ccedil; firmalar\u0131n\u0131n tamam\u0131na yak\u0131n\u0131 &ccedil;ok uluslu ila&ccedil; \u015firketleri taraf\u0131ndan sat\u0131n al\u0131nd\u0131. Eczac\u0131ba\u015f\u0131 e\u015fde\u011fer ila&ccedil; grubunun 460 milyon euro kar\u015f\u0131l\u0131\u011f\u0131 Zentiva&rsquo;ya sat\u0131lmas\u0131 ile bu s&uuml;recin esas olarak tamamland\u0131\u011f\u0131n\u0131 g&ouml;steriyor.<\/span><\/p>\n<p class=\"MsoNormal\"><span style=\"font-size: 10pt; font-family: Verdana\">D&uuml;nyada jenerik ila&ccedil;lar orijinallerine g&ouml;re %50 daha ucuz sat\u0131l\u0131yor. T&uuml;rkiye&rsquo;de ise jenerik ila&ccedil;lara orjinallerinin %80&#39;ni oran\u0131nda fiyat veriliyor. Bu durum jenerik ila&ccedil; pazar\u0131n\u0131 cazip hale getirdi\u011fi gibi &ccedil;ok uluslu jenerik ila&ccedil; firmalar\u0131n\u0131n da i\u015ftah\u0131n\u0131 art\u0131r\u0131yor.&nbsp;Eczac\u0131ba\u015f\u0131-Zentiva evlili\u011fi bunun son &ouml;rneklerinden biridir.<\/span><\/p>\n<p class=\"MsoNormal\"><span style=\"font-size: 10pt; font-family: Verdana\">Zentiva firmas\u0131n\u0131n %25&rsquo;inin orijinal ila&ccedil; devi Sanofi Aventis&rsquo;in oldu\u011fu d&uuml;\u015f&uuml;n&uuml;ld&uuml;\u011f&uuml;nde<span>&nbsp; <\/span>jenerik ila&ccedil;lar\u0131nda orijinal ila&ccedil; tekellerinin kontrol&uuml;ne girdi\u011fi g&ouml;r&uuml;l&uuml;yor.&nbsp;Jeneri\u011fi ve orijinali ile &ccedil;ok uluslu ila&ccedil; firmalar\u0131n\u0131n denetiminde yeni bir ila&ccedil; pazar\u0131 \u015fekilleniyor.<\/span><\/p>\n<p><span style=\"font-size: 15pt; color: #ed1c24; font-family: Verdana\">Eczac\u0131ba\u015f\u0131, &rsquo;e\u015fde\u011fer ilac\u0131n\u0131&rsquo; 460 milyon Euro&rsquo;ya Zentiva&rsquo;ya sat\u0131yor<\/span><\/p>\n<p><strong><span style=\"font-size: 10pt; font-family: Verdana\"><img loading=\"lazy\" decoding=\"async\" src=\"http:\/\/www.ced.org.tr\/images\/stories\/dernek\/eczacibasi.jpg\" border=\"0\" alt=\"eczac\u0131ba\u015f\u0131\" title=\"eczac\u0131ba\u015f\u0131\" hspace=\"4\" width=\"200\" height=\"203\" align=\"left\" \/>Eczac\u0131ba\u015f\u0131 \u0130la&ccedil; Sanayi, Eczac\u0131ba\u015f\u0131 Sa\u011fl\u0131k &Uuml;r&uuml;nleri ile Eczac\u0131ba\u015f\u0131 &Ouml;zg&uuml;n Kimya&rsquo;daki ortakl\u0131k paylar\u0131n\u0131n y&uuml;zde 75&rsquo;ini, e\u015fde\u011fer ila&ccedil; alan\u0131nda Avrupa&rsquo;n\u0131n &ouml;nde gelen kurulu\u015flar\u0131ndan Zentiva&rsquo;ya devrediyor. Zentiva&rsquo;ya devredilecek hisse pay\u0131n\u0131n de\u011feri, iki i\u015ftirakin toplam de\u011ferini olu\u015fturan 613 milyon Euro&rsquo;nun y&uuml;zde 75&rsquo;ine kar\u015f\u0131l\u0131k gelen 460 milyon Euro olarak belirlendi.<\/span><\/strong><span style=\"font-size: 10pt; font-family: Verdana\"><\/p>\n<p><strong>ECZACIBA\u015eI <\/strong>\u0130la&ccedil; Sanayi, ba\u011fl\u0131 ortakl\u0131klar\u0131ndan Eczac\u0131ba\u015f\u0131 Sa\u011fl\u0131k &Uuml;r&uuml;nleri ile Eczac\u0131ba\u015f\u0131 &Ouml;zg&uuml;n Kimya&rsquo;daki ortakl\u0131k paylar\u0131n\u0131n y&uuml;zde 75&rsquo;ini, e\u015fde\u011fer ila&ccedil; (jenerik) alan\u0131nda Avrupa&rsquo;n\u0131n &ouml;nde gelen kurulu\u015flar\u0131ndan Zentiva&rsquo;ya devrediyor. Eczac\u0131ba\u015f\u0131 ve Zentiva N.V. aras\u0131nda imzalanan s&ouml;zle\u015fmeye g&ouml;re, Zentiva&rsquo;ya devredilecek hisse pay\u0131n\u0131n de\u011feri, iki i\u015ftirakin toplam de\u011ferini olu\u015fturan 613 milyon Euro&rsquo;nun y&uuml;zde 75&rsquo;ine kar\u015f\u0131l\u0131k gelen 460 milyon Euro olarak belirlendi. <\/p>\n<p><strong>YEN\u0130 \u015e\u0130RKET ECZACIBA\u015eI-ZENTIVA:<\/strong> Hisse devrinin, gerekli onaylar ve yasal izinlerin al\u0131nmas\u0131ndan sonra 2007 y\u0131l\u0131n\u0131n ilk yar\u0131s\u0131 i&ccedil;inde tamamlanaca\u011f\u0131 tahmin ediliyor. Hisse devrinin ard\u0131ndan kurulacak yeni \u015firketin ad\u0131 ise, Eczac\u0131ba\u015f\u0131-Zentiva olacak.<\/span><br \/>&nbsp;<\/p>\n<p class=\"MsoNormal\"><strong><span style=\"font-size: 10pt; font-family: Verdana\">\u0130LA&Ccedil;TAK\u0130 C\u0130RONUN Y&Uuml;ZDE 60&rsquo;I: <\/span><\/strong><span style=\"font-size: 10pt; font-family: Verdana\">E\u015fde\u011fer ila&ccedil; ve etkin madde &uuml;retim ve sat\u0131\u015f faaliyetlerini i&ccedil;eren hisse devri, Eczac\u0131ba\u015f\u0131 \u0130la&ccedil; Sanayi&rsquo;nin konsolide cirosu i&ccedil;erisinde yakla\u015f\u0131k &uuml;&ccedil;te birlik bir pay\u0131 temsil ediyor. Devre konu olan ciro, Eczac\u0131ba\u015f\u0131 \u0130la&ccedil; Sanayi&rsquo;nin ila&ccedil; faaliyetlerinden elde etti\u011fi cironun ise yakla\u015f\u0131k y&uuml;zde 60&rsquo;\u0131n\u0131 olu\u015fturuyor.<\/span><\/p>\n<p class=\"MsoNormal\"><strong><span style=\"font-size: 10pt; font-family: Verdana\">ULUSLARARASI OLMAK ZORUNLULUK: <\/span><\/strong><span style=\"font-size: 10pt; font-family: Verdana\">Eczac\u0131ba\u015f\u0131 Toplulu\u011fu CEO&rsquo;su Dr. Erdal Karamercan, i\u015fbirli\u011fi ile ilgili yapt\u0131\u011f\u0131 a&ccedil;\u0131klamada, ila&ccedil; sekt&ouml;r&uuml;n&uuml;n dinamikleri gere\u011fi, uluslararas\u0131 oyuncu olman\u0131n bir zorunluluk haline geldi\u011fini s&ouml;yledi.<\/span><\/p>\n<p class=\"MsoNormal\">Kaynak: H&uuml;rriyet-Ekonomi 06.Mart 2007<\/p>\n<p>&nbsp;<\/p>\n","protected":false},"excerpt":{"rendered":"<p>JENER\u0130K \u0130LA&Ccedil; PAZARI EL DE\u011e\u0130\u015eT\u0130R\u0130YOR Yerli ila&ccedil; firmalar\u0131n\u0131n tamam\u0131na yak\u0131n\u0131 &ccedil;ok uluslu ila&ccedil; \u015firketleri taraf\u0131ndan sat\u0131n al\u0131nd\u0131. Eczac\u0131ba\u015f\u0131 e\u015fde\u011fer ila&ccedil;&#46;&#46;&#46;<\/p>\n","protected":false},"author":1,"featured_media":0,"comment_status":"closed","ping_status":"closed","sticky":false,"template":"","format":"standard","meta":{"_jetpack_memberships_contains_paid_content":false,"footnotes":""},"categories":[1],"tags":[],"class_list":["post-3270","post","type-post","status-publish","format-standard","hentry","category-ced"],"aioseo_notices":[],"jetpack_featured_media_url":"","jetpack_sharing_enabled":true,"jetpack-related-posts":[],"_links":{"self":[{"href":"http:\/\/www.ced.org.tr\/index.php?rest_route=\/wp\/v2\/posts\/3270","targetHints":{"allow":["GET"]}}],"collection":[{"href":"http:\/\/www.ced.org.tr\/index.php?rest_route=\/wp\/v2\/posts"}],"about":[{"href":"http:\/\/www.ced.org.tr\/index.php?rest_route=\/wp\/v2\/types\/post"}],"author":[{"embeddable":true,"href":"http:\/\/www.ced.org.tr\/index.php?rest_route=\/wp\/v2\/users\/1"}],"replies":[{"embeddable":true,"href":"http:\/\/www.ced.org.tr\/index.php?rest_route=%2Fwp%2Fv2%2Fcomments&post=3270"}],"version-history":[{"count":0,"href":"http:\/\/www.ced.org.tr\/index.php?rest_route=\/wp\/v2\/posts\/3270\/revisions"}],"wp:attachment":[{"href":"http:\/\/www.ced.org.tr\/index.php?rest_route=%2Fwp%2Fv2%2Fmedia&parent=3270"}],"wp:term":[{"taxonomy":"category","embeddable":true,"href":"http:\/\/www.ced.org.tr\/index.php?rest_route=%2Fwp%2Fv2%2Fcategories&post=3270"},{"taxonomy":"post_tag","embeddable":true,"href":"http:\/\/www.ced.org.tr\/index.php?rest_route=%2Fwp%2Fv2%2Ftags&post=3270"}],"curies":[{"name":"wp","href":"https:\/\/api.w.org\/{rel}","templated":true}]}}