{"id":3271,"date":"2007-03-06T18:24:41","date_gmt":"2007-03-06T16:24:41","guid":{"rendered":"http:\/\/www.ced.org.tr\/?p=3271"},"modified":"2007-03-06T18:24:41","modified_gmt":"2007-03-06T16:24:41","slug":"beyaz-miting","status":"publish","type":"post","link":"http:\/\/www.ced.org.tr\/?p=3271","title":{"rendered":"BEYAZ M\u0130T\u0130NG"},"content":{"rendered":"<h3 align=\"center\">BEYAZ M\u0130T\u0130NG<\/h3>\n<p align=\"center\"><a href=\"http:\/\/www.ced.org.tr\/index.php?option=com_content&amp;task=view&amp;id=102&amp;Itemid=1\" title=\"beyaz miting\"><img loading=\"lazy\" decoding=\"async\" style=\"width: 459px; height: 334px\" src=\"http:\/\/www.ced.org.tr\/images\/stories\/dernek\/beyazmiting.jpg\" border=\"0\" alt=\"ankarada beyaz miting\" title=\"ankarada beyaz miting\" width=\"459\" height=\"334\" align=\"middle\" \/><\/a><\/p>\n<p>AKP iktidar\u0131n\u0131n D&uuml;nya Bankas\u0131 ve IMF patentli ila&ccedil; sa\u011fl\u0131k politikalar\u0131na tepkiler giderek art\u0131yor.<\/p>\n<p>Eczac\u0131lar, hekimler, veterinerler, sa\u011fl\u0131k &ccedil;al\u0131\u015fanlar\u0131, sa\u011fl\u0131k sistemininin ma\u011fduru di\u011fer t&uuml;m toplumsal gruplar alanlara &ccedil;\u0131k\u0131yorlar.<\/p>\n<p>Mesleki ve toplumsal haklar i&ccedil;in m&uuml;cadele bug&uuml;n art\u0131k sa\u011fl\u0131k hakk\u0131 i&ccedil;in verilen m&uuml;cadelenin ayr\u0131lmaz bir par&ccedil;as\u0131d\u0131r.<\/p>\n<p>11 Mart&#39;ta Ankara&#39;da sa\u011fl\u0131k hakk\u0131 i&ccedil;in d&uuml;zenlenen beyaz mitinge t&uuml;m sa\u011fl\u0131k meslek &ouml;rg&uuml;tleri gibi&nbsp; &Ccedil;a\u011fda\u015f Eczac\u0131lar Derne\u011fide destek veriyor.<\/p>\n<p>14 Ocak Kad\u0131k&ouml;y meydan\u0131nda hayk\u0131rd\u0131\u011f\u0131m\u0131z sorunlar\u0131 Ankara&#39;ya ta\u015f\u0131mak i&ccedil;in <\/p>\n<p><u>HAYD\u0130 BEYAZ M\u0130T\u0130NGE<\/u><\/p>\n<p><strong>&Ccedil;A\u011eDA\u015e ECZACILAR DERNE\u011e\u0130<\/strong><\/p>\n<p>Not : Ankara&#39;ya gidi\u015f ve d&ouml;n&uuml;\u015f&nbsp;\u0130stanbul Eczac\u0131 Odas\u0131&nbsp;taraf\u0131ndan organize edilecek otob&uuml;slerle ger&ccedil;ekle\u015ftirilecektir. 10 Mart Cumartesi gecesi yola &ccedil;\u0131k\u0131larak pazar g&uuml;n&uuml; mitingden sonra geri d&ouml;n&uuml;lecektir.&nbsp;<\/p>\n<p>\u0130leti\u015fim,<br \/>Ba\u015fkan tlf: 0532 784 84 51<br \/>Genel sekreter tlf: 0532 261 07 70<\/p>\n","protected":false},"excerpt":{"rendered":"<p>BEYAZ M\u0130T\u0130NG AKP iktidar\u0131n\u0131n D&uuml;nya Bankas\u0131 ve IMF patentli ila&ccedil; sa\u011fl\u0131k politikalar\u0131na tepkiler giderek art\u0131yor. Eczac\u0131lar, hekimler, veterinerler, sa\u011fl\u0131k &ccedil;al\u0131\u015fanlar\u0131,&#46;&#46;&#46;<\/p>\n","protected":false},"author":1,"featured_media":0,"comment_status":"closed","ping_status":"closed","sticky":false,"template":"","format":"standard","meta":{"_jetpack_memberships_contains_paid_content":false,"footnotes":""},"categories":[1],"tags":[],"class_list":["post-3271","post","type-post","status-publish","format-standard","hentry","category-ced"],"aioseo_notices":[],"jetpack_featured_media_url":"","jetpack_sharing_enabled":true,"jetpack-related-posts":[],"_links":{"self":[{"href":"http:\/\/www.ced.org.tr\/index.php?rest_route=\/wp\/v2\/posts\/3271","targetHints":{"allow":["GET"]}}],"collection":[{"href":"http:\/\/www.ced.org.tr\/index.php?rest_route=\/wp\/v2\/posts"}],"about":[{"href":"http:\/\/www.ced.org.tr\/index.php?rest_route=\/wp\/v2\/types\/post"}],"author":[{"embeddable":true,"href":"http:\/\/www.ced.org.tr\/index.php?rest_route=\/wp\/v2\/users\/1"}],"replies":[{"embeddable":true,"href":"http:\/\/www.ced.org.tr\/index.php?rest_route=%2Fwp%2Fv2%2Fcomments&post=3271"}],"version-history":[{"count":0,"href":"http:\/\/www.ced.org.tr\/index.php?rest_route=\/wp\/v2\/posts\/3271\/revisions"}],"wp:attachment":[{"href":"http:\/\/www.ced.org.tr\/index.php?rest_route=%2Fwp%2Fv2%2Fmedia&parent=3271"}],"wp:term":[{"taxonomy":"category","embeddable":true,"href":"http:\/\/www.ced.org.tr\/index.php?rest_route=%2Fwp%2Fv2%2Fcategories&post=3271"},{"taxonomy":"post_tag","embeddable":true,"href":"http:\/\/www.ced.org.tr\/index.php?rest_route=%2Fwp%2Fv2%2Ftags&post=3271"}],"curies":[{"name":"wp","href":"https:\/\/api.w.org\/{rel}","templated":true}]}}