{"id":3272,"date":"2007-03-08T11:05:41","date_gmt":"2007-03-08T09:05:41","guid":{"rendered":"http:\/\/www.ced.org.tr\/?p=3272"},"modified":"2007-03-08T11:05:41","modified_gmt":"2007-03-08T09:05:41","slug":"dunya-kadinlar-gunu-kutlu-olsun","status":"publish","type":"post","link":"http:\/\/www.ced.org.tr\/?p=3272","title":{"rendered":"D\u00dcNYA KADINLAR G\u00dcN\u00dc KUTLU OLSUN"},"content":{"rendered":"<br \/>\n<h3 align=\"center\">D&Uuml;NYA KADINLAR G&Uuml;N&Uuml; KUTLU OLSUN<\/h3>\n<p class=\"MsoNormal\">8 Mart&rsquo;\u0131n d&uuml;nya kad\u0131n hareketi tarihinde &ouml;nemli bir yeri var. Kad\u0131nlar\u0131n toplumsal ya\u015famda yer almak, oy hakk\u0131 ve &ouml;rg&uuml;tlenme hakk\u0131 i&ccedil;in siyaset sahnesine &ccedil;\u0131kt\u0131klar\u0131 27 A\u011fustos 1910 tarihinden bug&uuml;ne kad\u0131n sorununda pek &ccedil;ok yol kat edildi. Ama kad\u0131nlar hala &ouml;zg&uuml;r de\u011fil!&nbsp;<\/p>\n<p class=\"MsoNormal\">E\u015fitlik, karde\u015flik, &ouml;zg&uuml;rl&uuml;k \u015fiar\u0131 ile iktidara gelen kapitalizmin efendileri ne kad\u0131n eme\u011fi &uuml;zerindeki s&ouml;m&uuml;r&uuml;ye son verebildi nede aile i&ccedil;i \u015fiddete son verip kad\u0131n\u0131 &ouml;zg&uuml;rle\u015ftirebildi.<\/p>\n<p> Toplumsal ya\u015famda varl\u0131\u011f\u0131n\u0131 s&uuml;rd&uuml;ren s&ouml;m&uuml;rgen, ceberrut ve buyurgan devlet anlay\u0131\u015f\u0131, aile<span> <\/span>ya\u015fam\u0131nda ise erkek egemen anlay\u0131\u015f olarak varl\u0131\u011f\u0131n\u0131 s&uuml;rd&uuml;rd&uuml;. S&ouml;m&uuml;r&uuml;, bask\u0131 ve \u015fiddet kad\u0131n ya\u015fam\u0131n\u0131n do\u011fal bir par&ccedil;as\u0131 haline geldi. &Ouml;zetle iktidar toplumsal ya\u015fam\u0131n t&uuml;m alanlar\u0131na n&uuml;fuz etti.&nbsp;    <\/p>\n<p class=\"MsoNormal\">Aradan ge&ccedil;en y&uuml;zy\u0131ll\u0131k zaman dilimine kar\u015f\u0131n kad\u0131n eme\u011fi &uuml;zerindeki s&ouml;m&uuml;r&uuml; olanca a\u011f\u0131rl\u0131\u011f\u0131yla devam ediyor. Pek &ccedil;ok &uuml;lkede kad\u0131nlar ciddi bir \u0131rk ve cinsiyet ayr\u0131m\u0131 tehdidi alt\u0131ndalar.&nbsp;<\/p>\n<p class=\"MsoNormal\">\u0130\u015fte 8 Mart bu k&ouml;lelik d&uuml;zenine, bask\u0131 ve \u015fiddet d&uuml;zenine ba\u015fkald\u0131r\u0131n\u0131n tarihidir.&nbsp;<\/p>\n<p class=\"MsoNormal\">8 Mart &uuml;cretli k&ouml;lelik d&uuml;zenine, \u0131rk ve cinsiyet ayr\u0131m\u0131na kar\u015f\u0131 &ouml;zg&uuml;rle\u015fmek isteyen kad\u0131n hareketinin ad\u0131d\u0131r.&nbsp;<\/p>\n<p class=\"MsoNormal\">8 Mart bar\u0131\u015f\u0131n ve g&uuml;zelliklerin sesidir&nbsp;<\/p>\n<p class=\"MsoNormal\">8 Mart D&uuml;nya Kad\u0131nlar\u0131n\u0131n &ouml;zg&uuml;rl&uuml;k sesidir&nbsp;<\/p>\n<p class=\"MsoNormal\">D&uuml;nya Kad\u0131nlar G&uuml;n&uuml; T&uuml;rkiyeli kad\u0131nlara ve d&uuml;nya kad\u0131nlar\u0131na kutlu olsun.<\/p>\n<p class=\"MsoNormal\">&nbsp;<\/p>\n<p class=\"MsoNormal\"><strong>&Ccedil;ED Genel Ba\u015fkan\u0131&nbsp; Rafet \u015eAH\u0130N<\/strong><\/p>\n","protected":false},"excerpt":{"rendered":"<p>D&Uuml;NYA KADINLAR G&Uuml;N&Uuml; KUTLU OLSUN 8 Mart&rsquo;\u0131n d&uuml;nya kad\u0131n hareketi tarihinde &ouml;nemli bir yeri var. Kad\u0131nlar\u0131n toplumsal ya\u015famda yer almak,&#46;&#46;&#46;<\/p>\n","protected":false},"author":1,"featured_media":0,"comment_status":"closed","ping_status":"closed","sticky":false,"template":"","format":"standard","meta":{"_jetpack_memberships_contains_paid_content":false,"footnotes":""},"categories":[1],"tags":[],"class_list":["post-3272","post","type-post","status-publish","format-standard","hentry","category-ced"],"aioseo_notices":[],"jetpack_featured_media_url":"","jetpack_sharing_enabled":true,"jetpack-related-posts":[],"_links":{"self":[{"href":"http:\/\/www.ced.org.tr\/index.php?rest_route=\/wp\/v2\/posts\/3272","targetHints":{"allow":["GET"]}}],"collection":[{"href":"http:\/\/www.ced.org.tr\/index.php?rest_route=\/wp\/v2\/posts"}],"about":[{"href":"http:\/\/www.ced.org.tr\/index.php?rest_route=\/wp\/v2\/types\/post"}],"author":[{"embeddable":true,"href":"http:\/\/www.ced.org.tr\/index.php?rest_route=\/wp\/v2\/users\/1"}],"replies":[{"embeddable":true,"href":"http:\/\/www.ced.org.tr\/index.php?rest_route=%2Fwp%2Fv2%2Fcomments&post=3272"}],"version-history":[{"count":0,"href":"http:\/\/www.ced.org.tr\/index.php?rest_route=\/wp\/v2\/posts\/3272\/revisions"}],"wp:attachment":[{"href":"http:\/\/www.ced.org.tr\/index.php?rest_route=%2Fwp%2Fv2%2Fmedia&parent=3272"}],"wp:term":[{"taxonomy":"category","embeddable":true,"href":"http:\/\/www.ced.org.tr\/index.php?rest_route=%2Fwp%2Fv2%2Fcategories&post=3272"},{"taxonomy":"post_tag","embeddable":true,"href":"http:\/\/www.ced.org.tr\/index.php?rest_route=%2Fwp%2Fv2%2Ftags&post=3272"}],"curies":[{"name":"wp","href":"https:\/\/api.w.org\/{rel}","templated":true}]}}