{"id":3274,"date":"2007-03-13T16:08:44","date_gmt":"2007-03-13T14:08:44","guid":{"rendered":"http:\/\/www.ced.org.tr\/?p=3274"},"modified":"2007-03-13T16:08:44","modified_gmt":"2007-03-13T14:08:44","slug":"saglik-emekcileri-birlikte-ses-verdi","status":"publish","type":"post","link":"http:\/\/www.ced.org.tr\/?p=3274","title":{"rendered":"SA\u011eLIK EMEK\u00c7\u0130LER\u0130 B\u0130RL\u0130KTE SES VERD\u0130"},"content":{"rendered":"<h3 align=\"center\">    SA\u011eLIK EMEK&Ccedil;\u0130LER\u0130 B\u0130RL\u0130KTE SES VERD\u0130<\/h3>\n<p style=\"text-indent: 14.2pt\" class=\"MsoNormal\">Hekim, eczac\u0131, di\u015f hekimi, sa\u011fl\u0131k &ccedil;al\u0131\u015fanlar\u0131 binlerce sa\u011fl\u0131k emek&ccedil;isi sa\u011fl\u0131kta y\u0131k\u0131m\u0131n durdurulmas\u0131 i&ccedil;in Ankara-S\u0131hhiye Meydan\u0131n\u0131 doldurdu\u011fu Beyaz Mitingde AKP&rsquo;nin sermayeden yana ila&ccedil; ve sa\u011fl\u0131k politikalar\u0131 protesto edildi. <\/p>\n<p style=\"text-indent: 14.2pt\" class=\"MsoNormal\">TTB, \u0130stanbul, Bursa ve Kocaeli Eczac\u0131 Odalar\u0131, SES, Devrimci Sa\u011fl\u0131k-\u0130\u015f, TDB, &Ccedil;ED Genel Merkezi, Ankara &Ccedil;a\u011fda\u015f Eczac\u0131lar Derne\u011fi, \u0130stanbul Eczane Teknisyenleri Derne\u011fi ve KESK&rsquo;in aktif olarak kat\u0131l\u0131p destek verdi\u011fi, TMMOB, Halk Evleri, T\u0131p &Ouml;\u011frencileri ve K&uuml;resel Eylem Platformu&rsquo;nun da destek oldu\u011fu Beyaz Eyleme binlerce ki\u015fi kat\u0131ld\u0131.<\/p>\n<p style=\"text-indent: 14.2pt\" class=\"MsoNormal\">Saat 11.00&rsquo;da Ankara gar\u0131 &ouml;n&uuml;nde ba\u015flayan y&uuml;r&uuml;y&uuml;\u015f S\u0131hhiye Meydan\u0131nda son buldu. Y&uuml;r&uuml;y&uuml;\u015f g&uuml;zergah\u0131 boyunca kat\u0131l\u0131mc\u0131 gruplar sa\u011fl\u0131kta y\u0131k\u0131m\u0131n yol a&ccedil;t\u0131\u011f\u0131 sorunlar\u0131 dile getiren sloganlar att\u0131lar. Eczac\u0131lar\u0131nda yo\u011fun olarak kat\u0131ld\u0131\u011f\u0131 y&uuml;r&uuml;y&uuml;\u015fte ila&ccedil; ve eczac\u0131l\u0131k alan\u0131nda ya\u015fanan sorunlar dile getirildi.<\/p>\n<p style=\"text-indent: 14.2pt\" class=\"MsoNormal\">Beyaz Mitingin a&ccedil;\u0131l\u0131\u015f konu\u015fmas\u0131n\u0131 yapan TTB Ba\u015fkan\u0131 Prof. Dr. Gen&ccedil;ay G&uuml;rsoy; H&uuml;k&uuml;mete, hekimlere ve sa\u011fl\u0131k &ccedil;al\u0131\u015fanlar\u0131na ra\u011fmen piyasac\u0131 sa\u011fl\u0131k sistemini uygulamayacaklar\u0131n\u0131 g&ouml;stereceklerini s&ouml;yledi. Sa\u011fl\u0131k hakk\u0131n\u0131 tekelci odaklara gasp ettirmeyeceklerini vurgulayan G&uuml;rsoy sa\u011fl\u0131k ocaklar\u0131na sahip &ccedil;\u0131k\u0131lmas\u0131n\u0131n toplumsal bir g&ouml;rev oldu\u011funu dile getirdi. <\/p>\n<p style=\"text-indent: 14.2pt\" class=\"MsoNormal\">Cumhurba\u015fkan\u0131 taraf\u0131ndan Meclise geri g&ouml;nderilen &ldquo;Torba Yasas\u0131&rdquo;n\u0131 da ele\u015ftiren TTB ba\u015fkan\u0131 &ldquo;Hekim istihdam\u0131 sorununa bilimsel &ouml;l&ccedil;&uuml;tler i&ccedil;inde meslek odalar\u0131yla &ccedil;&ouml;z&uuml;m aranmas\u0131 gerekti\u011fini&rdquo; vurgulad\u0131. <\/p>\n<p>  <span style=\"font-size: 12pt; font-family: &quot;Times New Roman&quot;\">TDB, SES ve Devrimci Sa\u011fl\u0131k-\u0130\u015f Ba\u015fkanlar\u0131n\u0131n konu\u015fmalar\u0131ndan sonra Beyaz Miting Suavi ve Grup Kibela&rsquo;n\u0131n konserleriyle sona erdi.<\/span><\/p>\n","protected":false},"excerpt":{"rendered":"<p>SA\u011eLIK EMEK&Ccedil;\u0130LER\u0130 B\u0130RL\u0130KTE SES VERD\u0130 Hekim, eczac\u0131, di\u015f hekimi, sa\u011fl\u0131k &ccedil;al\u0131\u015fanlar\u0131 binlerce sa\u011fl\u0131k emek&ccedil;isi sa\u011fl\u0131kta y\u0131k\u0131m\u0131n durdurulmas\u0131 i&ccedil;in Ankara-S\u0131hhiye Meydan\u0131n\u0131&#46;&#46;&#46;<\/p>\n","protected":false},"author":1,"featured_media":0,"comment_status":"closed","ping_status":"closed","sticky":false,"template":"","format":"standard","meta":{"_jetpack_memberships_contains_paid_content":false,"footnotes":""},"categories":[1],"tags":[],"class_list":["post-3274","post","type-post","status-publish","format-standard","hentry","category-ced"],"aioseo_notices":[],"jetpack_featured_media_url":"","jetpack_sharing_enabled":true,"jetpack-related-posts":[],"_links":{"self":[{"href":"http:\/\/www.ced.org.tr\/index.php?rest_route=\/wp\/v2\/posts\/3274","targetHints":{"allow":["GET"]}}],"collection":[{"href":"http:\/\/www.ced.org.tr\/index.php?rest_route=\/wp\/v2\/posts"}],"about":[{"href":"http:\/\/www.ced.org.tr\/index.php?rest_route=\/wp\/v2\/types\/post"}],"author":[{"embeddable":true,"href":"http:\/\/www.ced.org.tr\/index.php?rest_route=\/wp\/v2\/users\/1"}],"replies":[{"embeddable":true,"href":"http:\/\/www.ced.org.tr\/index.php?rest_route=%2Fwp%2Fv2%2Fcomments&post=3274"}],"version-history":[{"count":0,"href":"http:\/\/www.ced.org.tr\/index.php?rest_route=\/wp\/v2\/posts\/3274\/revisions"}],"wp:attachment":[{"href":"http:\/\/www.ced.org.tr\/index.php?rest_route=%2Fwp%2Fv2%2Fmedia&parent=3274"}],"wp:term":[{"taxonomy":"category","embeddable":true,"href":"http:\/\/www.ced.org.tr\/index.php?rest_route=%2Fwp%2Fv2%2Fcategories&post=3274"},{"taxonomy":"post_tag","embeddable":true,"href":"http:\/\/www.ced.org.tr\/index.php?rest_route=%2Fwp%2Fv2%2Ftags&post=3274"}],"curies":[{"name":"wp","href":"https:\/\/api.w.org\/{rel}","templated":true}]}}