{"id":3275,"date":"2007-03-13T16:13:02","date_gmt":"2007-03-13T14:13:02","guid":{"rendered":"http:\/\/www.ced.org.tr\/?p=3275"},"modified":"2007-03-13T16:13:02","modified_gmt":"2007-03-13T14:13:02","slug":"ilac-skandaliyla-ilgili-basin-toplantisi","status":"publish","type":"post","link":"http:\/\/www.ced.org.tr\/?p=3275","title":{"rendered":"\u0130LA\u00c7 SKANDALIYLA \u0130LG\u0130L\u0130 BASIN TOPLANTISI"},"content":{"rendered":"<h3 align=\"center\">\u0130LA&Ccedil; SKANDALIYLA \u0130LG\u0130L\u0130 BASIN TOPLANTISI <\/h3>\n<h5><span class=\"normalyazi1\"><span style=\"font-size: 12pt; font-family: &#39;Times New Roman&#39;\">&nbsp;&nbsp;&nbsp;&nbsp;&nbsp;&nbsp;\u0130stanbul Eczac\u0131 Odas\u0131 Y&ouml;netim Kurulu taraf\u0131ndan sahte ila&ccedil; ger&ccedil;e\u011fi ile ilgili bir bas\u0131n toplant\u0131s\u0131 d&uuml;zenlendi.<br \/>&nbsp;&nbsp;&nbsp;&nbsp;&nbsp;&nbsp;<img loading=\"lazy\" decoding=\"async\" src=\"http:\/\/www.ced.org.tr\/images\/stories\/dernek\/sahtailacbasinbildirisi.jpg\" border=\"0\" alt=\"sahte ila&ccedil; bas\u0131n bildirisi\" title=\"sahte ila&ccedil; bas\u0131n bildirisi\" hspace=\"4\" width=\"260\" height=\"130\" align=\"left\" \/>&nbsp;&nbsp;&nbsp; &nbsp;&nbsp;&nbsp; &nbsp;&nbsp;&nbsp; &nbsp;&nbsp;&nbsp; &nbsp;&nbsp;&nbsp; &nbsp;&nbsp;&nbsp; &nbsp;&nbsp;&nbsp; &nbsp;&nbsp;&nbsp; &nbsp;&nbsp;&nbsp; &nbsp;&nbsp;&nbsp; &nbsp;&nbsp;&nbsp; &nbsp;&nbsp;&nbsp; &nbsp;&nbsp;&nbsp; &nbsp;&nbsp;&nbsp; &nbsp;&nbsp;&nbsp; &nbsp;&nbsp;&nbsp; &nbsp;&nbsp;&nbsp; <br \/><\/span><\/span>&nbsp;&nbsp;&nbsp; &nbsp;&nbsp;&nbsp; BASINA VE KAMUOYUNA<br \/>&nbsp;&nbsp;&nbsp;&nbsp;&nbsp; &nbsp; 13.03.2007 <\/h5>\n<h6><span class=\"normalyazi1\"><strong><span style=\"font-size: 12pt; font-family: &#39;Times New Roman&#39;\">&nbsp;&nbsp;&nbsp;&nbsp;&nbsp; &nbsp; Son g&uuml;nlerde ortaya &ccedil;\u0131kan yasad\u0131\u015f\u0131 ila&ccedil; skandal\u0131yla ilgili kamuoyunu bilgilendirmek, olay\u0131 do\u011fru tan\u0131mlamak ve bu konuda bilgi aktarmak amac\u0131yla bu bas\u0131n toplant\u0131s\u0131n\u0131 d&uuml;zenlemi\u015f bulunuyoruz.<\/p>\n<p>&nbsp;&nbsp;&nbsp;&nbsp;&nbsp;&nbsp;<\/span><\/strong><\/span><span class=\"normalyazi1\"><span style=\"font-size: 12pt; font-family: &#39;Times New Roman&#39;\">Olay\u0131n boyutlar\u0131yla ilgili bas\u0131nda ve kamuoyunda dola\u015fan s&ouml;ylemler insanlar\u0131m\u0131z\u0131n kafas\u0131nda eczanelerle ve pazardaki ila&ccedil;larla ilgili soru i\u015faretleri yaratm\u0131\u015ft\u0131r. Bu haberleri ger&ccedil;ek verilere dayand\u0131rarak kamuoyuna izah etmek zorunlulu\u011fu ortaya &ccedil;\u0131km\u0131\u015ft\u0131r.<\/span><\/span><\/h6>\n<p class=\"MsoNormal\"><span class=\"normalyazi1\"><span style=\"font-family: &#39;Times New Roman&#39;\">&nbsp;&nbsp;&nbsp;&nbsp;&nbsp; &Ouml;ncelikle \u015funu s&ouml;ylemek gerekir. Bu olay insan ve toplum sa\u011fl\u0131\u011f\u0131na ciddi bir tehdit olarak ve insan sa\u011fl\u0131\u011f\u0131 ve ila&ccedil; &uuml;zerinden haks\u0131z kazan&ccedil; elde etmeye y&ouml;nelik bir uygulamad\u0131r. T&uuml;rkiye&rsquo;de namusuyla &ccedil;al\u0131\u015fan d&uuml;r&uuml;st eczac\u0131lar\u0131 son derece &uuml;zm&uuml;\u015ft&uuml;r, eczac\u0131l\u0131k camias\u0131n\u0131 derinden etkilemi\u015ftir.<\/p>\n<p>&nbsp;&nbsp;&nbsp;&nbsp;&nbsp;&nbsp;\u0130la&ccedil;, &uuml;retiminden itibaren hastaya ula\u015f\u0131ncaya kadar fabrika-ecza deposu-eczane ve hasta zincirini izlemektedir. Bir ilac\u0131n fabrikada &uuml;retildi\u011fi anda seri no&rsquo;su, &uuml;retim tarihi, son kullanma tarihi, o ilac\u0131n kimli\u011fi olarak hem kutusuna, hem de i&ccedil; ambalaj\u0131 olan \u015fi\u015feye veya blistere bas\u0131l\u0131r. Art\u0131k o ila&ccedil; t&uuml;ketim i&ccedil;in hastaya ula\u015f\u0131ncaya kadar ve ula\u015ft\u0131ktan sonra da etkileri itibar\u0131yla denetim ve g&ouml;zetim alt\u0131ndad\u0131r. \u0130la&ccedil; &uuml;retildi\u011fi, depoland\u0131\u011f\u0131 ve hastaya sunuldu\u011fu her a\u015famada ko\u015fullar\u0131 yasalarla belirlenmi\u015f mekanlarda eczac\u0131n\u0131n sorumlulu\u011funda ve kontrol&uuml;ndedir. Son olayda ortaya &ccedil;\u0131kan sorunun depo a\u015famas\u0131nda ger&ccedil;ekle\u015fti\u011fi anla\u015f\u0131lmaktad\u0131r. \u0130lac\u0131n her a\u015famas\u0131n\u0131 denetleme yetkisi ve sorumlulu\u011fu Sa\u011fl\u0131k Bakanl\u0131\u011f\u0131ndad\u0131r. Bu a\u015famada denetim eksiksiz ve tam yap\u0131lmak zorundad\u0131r. Bu olay denetim eksikli\u011fini g&ouml;stermektedir.<\/p>\n<p>&nbsp;&nbsp;&nbsp;&nbsp;&nbsp;&nbsp;\u0130lac\u0131 &uuml;reten firmalar da ilac\u0131 da\u011f\u0131t\u0131lmas\u0131 i&ccedil;in &uuml;r&uuml;nlerini verdikleri depolar\u0131 &ccedil;ok iyi tan\u0131mal\u0131, kendi ila&ccedil;lar\u0131n\u0131n takip&ccedil;isi olmal\u0131d\u0131rlar. Firmalar kendi ila&ccedil;lar\u0131yla ilgili ortaya &ccedil;\u0131kabilecek sahtecilik durumlar\u0131n\u0131 &ouml;nleyecek tedbirleri almal\u0131d\u0131rlar.<\/p>\n<p>&nbsp;&nbsp;&nbsp;&nbsp;&nbsp;&nbsp;Bu olayda ba\u015fta failler ve ihmali olanlar cezaland\u0131r\u0131lmal\u0131d\u0131r. Ancak &uuml;lkemizde bu alanda cezalar\u0131n cayd\u0131r\u0131c\u0131 oldu\u011fu s&ouml;ylenemez.<\/p>\n<p>&nbsp;&nbsp;&nbsp;&nbsp;&nbsp;&nbsp;***<\/p>\n<p>&nbsp;&nbsp;&nbsp;&nbsp;&nbsp;&nbsp;Da\u011f\u0131t\u0131m a\u015famas\u0131nda ortaya &ccedil;\u0131kan soruna bakarsak, T&uuml;rkiye&rsquo;de ila&ccedil; da\u011f\u0131t\u0131m pazar\u0131 tekelci bir yap\u0131dad\u0131r. T&uuml;rkiye&rsquo;de &uuml;&ccedil; b&uuml;y&uuml;k grup pazar\u0131n y&uuml;zde 90&rsquo;\u0131na sahiptir. Bunun d\u0131\u015f\u0131ndaki birka&ccedil; da\u011f\u0131t\u0131m kanal\u0131 da pazar\u0131n y&uuml;zde 9&rsquo;unu olu\u015fturmaktad\u0131r. Bu say\u0131lan ila&ccedil; da\u011f\u0131t\u0131m kanallar\u0131n\u0131n bu olayla bir ilgisi olmad\u0131\u011f\u0131 g&ouml;r&uuml;lmektedir. Bas\u0131nda ad\u0131 ge&ccedil;en ila&ccedil; deposunun pazardaki pay\u0131 binde birin alt\u0131ndad\u0131r.<\/p>\n<p>&nbsp;&nbsp;&nbsp;&nbsp;&nbsp;&nbsp;***<\/p>\n<p>&nbsp;&nbsp;&nbsp;&nbsp;&nbsp;&nbsp;T&uuml;rkiye&rsquo;de y\u0131lda &ouml;rne\u011fin 2006 y\u0131l\u0131nda 1 milyar 300 milyon kutu ila&ccedil; t&uuml;ketilmi\u015ftir. S&ouml;zkonusu olayda ele ge&ccedil;irilen sahte ila&ccedil; say\u0131s\u0131na bakt\u0131\u011f\u0131m\u0131zda 200 bin civar\u0131nda kutu oldu\u011fu anla\u015f\u0131lmaktad\u0131r. Bu olay\u0131n sonucu olarak &uuml;lkedeki t&uuml;m ila&ccedil;lar\u0131n halk taraf\u0131ndan \u015f&uuml;pheyle kar\u015f\u0131lanmas\u0131 gibi bir durum s&ouml;zkonusu olmamal\u0131d\u0131r.<\/p>\n<p>&nbsp;&nbsp;&nbsp;&nbsp;&nbsp;&nbsp;***<\/p>\n<p>&nbsp;&nbsp;&nbsp;&nbsp;&nbsp;&nbsp;Son bir y\u0131lda T&uuml;rkiye&rsquo;de 300&rsquo;e yak\u0131n eczane soyulmu\u015ftur. Bu olaydan da anla\u015f\u0131ld\u0131\u011f\u0131 kadar\u0131yla &ccedil;al\u0131nan ila&ccedil;lar, bu ve benzeri \u015febekeler taraf\u0131ndan pazara tekrar sokulmak istenmi\u015ftir.<\/p>\n<p>&nbsp;&nbsp;&nbsp;&nbsp;&nbsp;&nbsp;***<\/p>\n<p>&nbsp;&nbsp;&nbsp;&nbsp;&nbsp;&nbsp;Cevaplanmas\u0131 gereken bir soru da sahte ila&ccedil; ile ger&ccedil;e\u011finin nas\u0131l ay\u0131rt edilece\u011fi sorusudur. Yukar\u0131da anlatt\u0131\u011f\u0131m\u0131z bilgiler do\u011frultusunda eczanelerde hastalara sunulan ila&ccedil; hizmetinin g&uuml;venilir oldu\u011fundan ku\u015fku duyulmamas\u0131 gerekir.<\/p>\n<p>&nbsp;&nbsp;&nbsp;&nbsp;&nbsp;&nbsp;***<\/p>\n<p>&nbsp;&nbsp;&nbsp;&nbsp;&nbsp;&nbsp;Teknik olarak bir ilac\u0131n kutusundaki seri numaras\u0131 ve son kullanma tarihi ile i&ccedil; ambalajdaki bilgilerin birbirini tutmas\u0131 gerekir. E\u011fer tutmuyorsa o ila&ccedil;tan ku\u015fkulanmak gerekir. Ayr\u0131ca d\u0131\u015f kutunun &uuml;zerinde &uuml;retim tarihi, Sa\u011fl\u0131k Bakanl\u0131\u011f\u0131ndan al\u0131nan ruhsat numaras\u0131 ve tarihi de bulunmal\u0131d\u0131r.<\/p>\n<p>&nbsp;&nbsp;&nbsp;&nbsp;&nbsp;&nbsp;***<\/p>\n<p>&nbsp;&nbsp;&nbsp;&nbsp;&nbsp;&nbsp;Sahte ila&ccedil; meselesi ve ilac\u0131n istismar edilmesi t&uuml;m d&uuml;nya &uuml;lkelerinde oldu\u011fu gibi &uuml;lkemizde de maalesef &ouml;nemli bir sorundur. Sa\u011fl\u0131k hizmetinin ve ilac\u0131n, &uuml;zerinden rant elde edilecek birer pazar mal\u0131 gibi g&ouml;r&uuml;lmesinin sonu&ccedil;lar\u0131d\u0131r bunlar. Son d&ouml;nemde ila&ccedil;la ilgili sunulan yasa taslaklar\u0131na bakt\u0131\u011f\u0131m\u0131zda ilac\u0131 eczac\u0131dan ve eczaneden ay\u0131rma &ccedil;abalar\u0131 g&ouml;zlenmektedir. Bu &ccedil;abalar\u0131n amac\u0131 ilac\u0131 tamamen herhangi bir t&uuml;ketim nesnesi haline getirmektir. Oysa Cumhuriyetin kurulu\u015fundan beri ilac\u0131, toplum sa\u011fl\u0131\u011f\u0131n\u0131 g&uuml;venceye alan &ccedil;ok &ouml;nemli yasalar halen y&uuml;r&uuml;rl&uuml;ktedir. Bu tip &ouml;rneklerin ya\u015fanmamas\u0131 i&ccedil;in bu yasalara sahip &ccedil;\u0131k\u0131lmas\u0131 gerekmektedir.<\/p>\n<p>&nbsp;&nbsp;&nbsp;&nbsp;&nbsp;&nbsp;Sayg\u0131lar\u0131m\u0131zla.<\/p>\n<p>&nbsp;&nbsp;&nbsp;&nbsp;&nbsp;&nbsp;\u0130STANBUL ECZACI ODASI<br \/>&nbsp;&nbsp;&nbsp;&nbsp;&nbsp;&nbsp;Y&Ouml;NET\u0130M KURULU<\/span><\/span><\/p>\n","protected":false},"excerpt":{"rendered":"<p>\u0130LA&Ccedil; SKANDALIYLA \u0130LG\u0130L\u0130 BASIN TOPLANTISI &nbsp;&nbsp;&nbsp;&nbsp;&nbsp;&nbsp;\u0130stanbul Eczac\u0131 Odas\u0131 Y&ouml;netim Kurulu taraf\u0131ndan sahte ila&ccedil; ger&ccedil;e\u011fi ile ilgili bir bas\u0131n toplant\u0131s\u0131 d&uuml;zenlendi.&nbsp;&nbsp;&nbsp;&nbsp;&nbsp;&nbsp;&nbsp;&nbsp;&nbsp;&#46;&#46;&#46;<\/p>\n","protected":false},"author":1,"featured_media":0,"comment_status":"closed","ping_status":"closed","sticky":false,"template":"","format":"standard","meta":{"_jetpack_memberships_contains_paid_content":false,"footnotes":""},"categories":[1],"tags":[],"class_list":["post-3275","post","type-post","status-publish","format-standard","hentry","category-ced"],"aioseo_notices":[],"jetpack_featured_media_url":"","jetpack_sharing_enabled":true,"jetpack-related-posts":[],"_links":{"self":[{"href":"http:\/\/www.ced.org.tr\/index.php?rest_route=\/wp\/v2\/posts\/3275","targetHints":{"allow":["GET"]}}],"collection":[{"href":"http:\/\/www.ced.org.tr\/index.php?rest_route=\/wp\/v2\/posts"}],"about":[{"href":"http:\/\/www.ced.org.tr\/index.php?rest_route=\/wp\/v2\/types\/post"}],"author":[{"embeddable":true,"href":"http:\/\/www.ced.org.tr\/index.php?rest_route=\/wp\/v2\/users\/1"}],"replies":[{"embeddable":true,"href":"http:\/\/www.ced.org.tr\/index.php?rest_route=%2Fwp%2Fv2%2Fcomments&post=3275"}],"version-history":[{"count":0,"href":"http:\/\/www.ced.org.tr\/index.php?rest_route=\/wp\/v2\/posts\/3275\/revisions"}],"wp:attachment":[{"href":"http:\/\/www.ced.org.tr\/index.php?rest_route=%2Fwp%2Fv2%2Fmedia&parent=3275"}],"wp:term":[{"taxonomy":"category","embeddable":true,"href":"http:\/\/www.ced.org.tr\/index.php?rest_route=%2Fwp%2Fv2%2Fcategories&post=3275"},{"taxonomy":"post_tag","embeddable":true,"href":"http:\/\/www.ced.org.tr\/index.php?rest_route=%2Fwp%2Fv2%2Ftags&post=3275"}],"curies":[{"name":"wp","href":"https:\/\/api.w.org\/{rel}","templated":true}]}}