{"id":3276,"date":"2007-03-15T15:03:58","date_gmt":"2007-03-15T13:03:58","guid":{"rendered":"http:\/\/www.ced.org.tr\/?p=3276"},"modified":"2007-03-15T15:03:58","modified_gmt":"2007-03-15T13:03:58","slug":"iraktaki-isgale-karsi-kuresel-eylem","status":"publish","type":"post","link":"http:\/\/www.ced.org.tr\/?p=3276","title":{"rendered":"IRAK&#8217;TAK\u0130 \u0130\u015eGALE KAR\u015eI K\u00dcRESEL EYLEM"},"content":{"rendered":"<h3 align=\"center\">IRAK&#39;TAK\u0130 \u0130\u015eGALE KAR\u015eI K&Uuml;RESEL EYLEM&nbsp;<\/h3>\n<p><font><font face=\"Arial\" size=\"2\"><font face=\"Times New Roman\" size=\"3\">De\u011ferli  dostumuz,<\/p>\n<p>Irak&#39;ta sava\u015f ve i\u015fgal s&uuml;r&uuml;yor.<\/p>\n<p>4 yilda 1 milyona yak\u0131n  insan &ouml;ld&uuml;r&uuml;ld&uuml; ve 4 milyon Irakl\u0131 s&uuml;rg&uuml;nde.<\/p>\n<p>Hastaneler, okullar yerle  bir. Elektrik yok, su yok, ila&ccedil; yok.<\/p>\n<p>Katliam, i\u015fkence, tecav&uuml;z ve bask\u0131  s&uuml;r&uuml;yor.<\/p>\n<p>Art\u0131k yeter!<\/font><\/font><\/font><\/p>\n<p><font><font face=\"Arial\" size=\"2\"><font face=\"Times New Roman\" size=\"3\">Biz K&uuml;resel Bar\u0131\u015f ve Adalet Koalisyonu  olarak, 17 Mart&#39;ta t&uuml;m<br \/>d&uuml;nyan\u0131n sava\u015f ve i\u015fgal kar\u015f\u0131lar\u0131yla birlikte  alanlarda olaca\u011f\u0131z.<\/p>\n<p>Irak&#39;ta \u0130\u015fgale Son &#8211; Hepimiz Irakl\u0131y\u0131z<br \/>\u0130ran Irak  Olmas\u0131n &ndash; D&ouml;n evine Bush!<br \/>demek i&ccedil;in 17 Mart Cumartesi g&uuml;n&uuml; saat 13.00&#39;de  Kad\u0131koy \u0130skele<br \/>Meydan\u0131nday\u0131z.<\/p>\n<p>\u015eimdi her zamankinden daha g&uuml;&ccedil;l&uuml; ve  eminiz ki, hep birlikte m&uuml;cadele<br \/>edersek bu sava\u015f\u0131 durdurabilir ve i\u015fgali  sona erdirebiliriz.<\/p>\n<p>Sesimizin daha g&uuml;r &ccedil;\u0131kmas\u0131 i&ccedil;in, sava\u015f kars\u0131tlar\u0131n\u0131n  sesini<br \/>y&uuml;kseltmek i&ccedil;in 17 Mart Kad\u0131k&ouml;y mitinginde sizinle birlikte  olmaktan<br \/>onur duyaca\u011f\u0131z.<\/p>\n<p>K&uuml;resel Bar\u0131\u015f ve Adalet  Koalisyonu<br \/><\/font><a href=\"http:\/\/www.kureselbarisveadalet.org\/\" target=\"_blank\" title=\"blocked::http:\/\/www.kureselbarisveadalet.org\/\"><font face=\"Times New Roman\" size=\"3\">www.kureselbarisveadalet.org<\/font><\/a><\/p>\n<p><font face=\"Times New Roman\" size=\"3\">M\u0130T\u0130NG:<\/font><\/font><\/font><\/p>\n<p><font><font face=\"Arial\" size=\"2\"><font face=\"Times New Roman\" size=\"3\">Irak&#39;taki \u0130\u015fgale Kars\u0131 K&uuml;resel  Eylem<br \/>17 Mart Cumartesi Saat: 13.00<br \/>Kad\u0131koy \u0130skele  Meydan\u0131<\/font><\/font><\/font><\/p>\n<p><font><font face=\"Arial\" size=\"2\"><font face=\"Times New Roman\" size=\"3\">Toplanma Yeri:<\/p>\n<p>Haydarpa\u015fa Numune Hastanesi &ouml;n&uuml;<\/font><\/font><\/font><\/p>\n<p><font><font face=\"Arial\" size=\"2\"><font face=\"Times New Roman\" size=\"3\">Saat: 12.00<\/font><br \/><\/font><\/font><\/p>\n","protected":false},"excerpt":{"rendered":"<p>IRAK&#39;TAK\u0130 \u0130\u015eGALE KAR\u015eI K&Uuml;RESEL EYLEM&nbsp; De\u011ferli dostumuz, Irak&#39;ta sava\u015f ve i\u015fgal s&uuml;r&uuml;yor. 4 yilda 1 milyona yak\u0131n insan &ouml;ld&uuml;r&uuml;ld&uuml; ve&#46;&#46;&#46;<\/p>\n","protected":false},"author":1,"featured_media":0,"comment_status":"closed","ping_status":"closed","sticky":false,"template":"","format":"standard","meta":{"_jetpack_memberships_contains_paid_content":false,"footnotes":""},"categories":[1],"tags":[],"class_list":["post-3276","post","type-post","status-publish","format-standard","hentry","category-ced"],"aioseo_notices":[],"jetpack_featured_media_url":"","jetpack_sharing_enabled":true,"jetpack-related-posts":[],"_links":{"self":[{"href":"http:\/\/www.ced.org.tr\/index.php?rest_route=\/wp\/v2\/posts\/3276","targetHints":{"allow":["GET"]}}],"collection":[{"href":"http:\/\/www.ced.org.tr\/index.php?rest_route=\/wp\/v2\/posts"}],"about":[{"href":"http:\/\/www.ced.org.tr\/index.php?rest_route=\/wp\/v2\/types\/post"}],"author":[{"embeddable":true,"href":"http:\/\/www.ced.org.tr\/index.php?rest_route=\/wp\/v2\/users\/1"}],"replies":[{"embeddable":true,"href":"http:\/\/www.ced.org.tr\/index.php?rest_route=%2Fwp%2Fv2%2Fcomments&post=3276"}],"version-history":[{"count":0,"href":"http:\/\/www.ced.org.tr\/index.php?rest_route=\/wp\/v2\/posts\/3276\/revisions"}],"wp:attachment":[{"href":"http:\/\/www.ced.org.tr\/index.php?rest_route=%2Fwp%2Fv2%2Fmedia&parent=3276"}],"wp:term":[{"taxonomy":"category","embeddable":true,"href":"http:\/\/www.ced.org.tr\/index.php?rest_route=%2Fwp%2Fv2%2Fcategories&post=3276"},{"taxonomy":"post_tag","embeddable":true,"href":"http:\/\/www.ced.org.tr\/index.php?rest_route=%2Fwp%2Fv2%2Ftags&post=3276"}],"curies":[{"name":"wp","href":"https:\/\/api.w.org\/{rel}","templated":true}]}}