{"id":3278,"date":"2007-04-05T13:32:13","date_gmt":"2007-04-05T10:32:13","guid":{"rendered":"http:\/\/www.ced.org.tr\/?p=3278"},"modified":"2007-04-05T13:32:13","modified_gmt":"2007-04-05T10:32:13","slug":"ilac-ve-tibbi-cihaz-kurumu-yasa-taslagi-kabul-edilemez","status":"publish","type":"post","link":"http:\/\/www.ced.org.tr\/?p=3278","title":{"rendered":"\u0130LA\u00c7 VE TIBB\u0130 C\u0130HAZ KURUMU YASA TASLA\u011eI KABUL ED\u0130LEMEZ"},"content":{"rendered":"<h3 style=\"margin: 0cm 0cm 0pt\" class=\"MsoNormal\" align=\"center\"><span class=\"normalbaslik1\"><span style=\"font-size: 13.5pt\">\u0130LA&Ccedil; VE TIBB\u0130 C\u0130HAZ KURUMU YASA TASLA\u011eI KABUL ED\u0130LEMEZ<\/span><\/span><span style=\"font-size: 9pt; font-family: Verdana\"><\/span><\/h3>\n<p><span style=\"font-size: 9pt; font-family: Verdana\"><br \/><span class=\"normalyazi1\"><font color=\"#000000\">&nbsp;&nbsp;&nbsp;&nbsp;&nbsp;&nbsp;&nbsp;&nbsp;Sa\u011fl\u0131k Bakanl\u0131\u011f\u0131 taraf\u0131ndan haz\u0131rlanan \u0130la&ccedil; ve T\u0131bbi Cihaz Kurumu Yasa Tasla\u011f\u0131 hakk\u0131nda Odam\u0131z taraf\u0131ndan d&uuml;zenlenen toplant\u0131, d&uuml;n Taksim Nippon Otel&rsquo;de yap\u0131ld\u0131. Gazi &Uuml;niversitesi Eczac\u0131l\u0131k Fak&uuml;ltesi&rsquo;nden Prof. Dr. Okan Atay ile Prof. Dr. Nurettin Abac\u0131o\u011flu yapt\u0131klar\u0131 sunumlarda bu yasa tasla\u011f\u0131n\u0131n eczac\u0131l\u0131k mesle\u011fi a&ccedil;\u0131s\u0131ndan &ccedil;ok vahim sonu&ccedil;lar do\u011furaca\u011f\u0131na dikkat &ccedil;ektiler.<\/font><\/span><\/span><\/p>\n<p><span class=\"normalyazi1\"><span class=\"normalyazi1\"><span style=\"font-size: 9pt\"><font face=\"Verdana\" color=\"#000000\">&nbsp;&nbsp;&nbsp;&nbsp;&nbsp;&nbsp;&nbsp; Abac\u0131o\u011flu s&ouml;zkonusu yasa tasla\u011f\u0131n\u0131n sermayenin k&acirc;r maksimizasyonunu sa\u011flamak i&ccedil;in giri\u015fti\u011fi yeni d&uuml;zenlemelerden ayr\u0131 d&uuml;\u015f&uuml;n&uuml;lemeyece\u011fini belirtti. Abac\u0131o\u011flu tasla\u011f\u0131n yasala\u015fmas\u0131 durumunda b&uuml;y&uuml;k sermayenin g&ouml;z dikti\u011fi ila&ccedil; perakendecili\u011fini elde etmesinin ko\u015fullar\u0131n\u0131n yarat\u0131laca\u011f\u0131n\u0131 s&ouml;yledi.<\/font><\/span><\/span><span style=\"font-size: 9pt; font-family: Verdana\"><\/p>\n<p><font color=\"#000000\"><span class=\"normalyazi1\">&nbsp;&nbsp;&nbsp;&nbsp;&nbsp;&nbsp;&nbsp;&nbsp;Eski \u0130la&ccedil; ve Eczac\u0131l\u0131k Genel M&uuml;d&uuml;r&uuml; de olan Prof. Dr. Okan Atay ise, y&ouml;netmeliklere at\u0131flarla dolu bu tasla\u011f\u0131n yasala\u015fmas\u0131 durumunda ilac\u0131n eczane d\u0131\u015f\u0131na &ccedil;\u0131kmas\u0131n\u0131n ko\u015fullar\u0131n\u0131n haz\u0131rlanm\u0131\u015f olaca\u011f\u0131na i\u015faret etti.<\/span><\/p>\n<p><span class=\"normalyazi1\">&nbsp;&nbsp;&nbsp;&nbsp;&nbsp;&nbsp;&nbsp;&nbsp;S&ouml;zkonusu yasa tasla\u011f\u0131n\u0131n &ccedil;ok ciddi terminoloji hatalar\u0131yla dolu, &ouml;zensiz ve acemice haz\u0131rland\u0131\u011f\u0131na da i\u015faret eden Atay, bu tasla\u011f\u0131n yasala\u015fmamas\u0131 i&ccedil;in m&uuml;cadele verilmesi gerekti\u011fini kaydetti. Toplant\u0131da se&ccedil;im s&uuml;recine girildi\u011fi bug&uuml;nlerde Sosyal G&uuml;venlik Yasas\u0131n\u0131n ertelendi\u011fi de g&ouml;z&ouml;n&uuml;nde tutulursa, bu tasla\u011f\u0131n &ccedil;ok yak\u0131n bir zamanda yasala\u015fmas\u0131n\u0131n beklenmedi\u011fi, ancak eczac\u0131l\u0131k mesle\u011fi a&ccedil;\u0131s\u0131ndan ciddi tehlikeler i&ccedil;eren bu yasaya kar\u015f\u0131 m&uuml;cadeleden vazge&ccedil;ilmemesi gerekti\u011fi vurguland\u0131. &Ouml;te yandan bu m&uuml;cadeleyi y&uuml;r&uuml;tmesi gereken T&uuml;rk Eczac\u0131lar\u0131 Birli\u011fi&rsquo;nin mesle\u011fi yok edecek bu yasa tasla\u011f\u0131n\u0131n arkas\u0131nda durmas\u0131 ele\u015ftirildi.<\/span><\/p>\n<p><span class=\"normalyazi1\">&nbsp;&nbsp;&nbsp;&nbsp;&nbsp;&nbsp;&nbsp;&nbsp;Abac\u0131o\u011flu ve Atay&rsquo;\u0131n sunumlar\u0131n\u0131n ard\u0131ndan ge&ccedil;ilen tart\u0131\u015fma b&ouml;l&uuml;m&uuml;nde yasa tasla\u011f\u0131n\u0131n ayr\u0131nt\u0131lar\u0131nda da dikkat &ccedil;ekici noktalar bulundu\u011fu ortaya &ccedil;\u0131kt\u0131. Bunlardan birinin H\u0131fz\u0131s\u0131hha Enstit&uuml;s&uuml;n&uuml;n i\u015flevini ortadan kald\u0131rmaya d&ouml;n&uuml;k oldu\u011fu belirtilirken, bu konunun da &ouml;zellikle &uuml;st&uuml;nde durulmas\u0131 gerekti\u011fi vurguland\u0131.<\/span><\/font><\/span><\/span><\/p>\n","protected":false},"excerpt":{"rendered":"<p>\u0130LA&Ccedil; VE TIBB\u0130 C\u0130HAZ KURUMU YASA TASLA\u011eI KABUL ED\u0130LEMEZ &nbsp;&nbsp;&nbsp;&nbsp;&nbsp;&nbsp;&nbsp;&nbsp;Sa\u011fl\u0131k Bakanl\u0131\u011f\u0131 taraf\u0131ndan haz\u0131rlanan \u0130la&ccedil; ve T\u0131bbi Cihaz Kurumu Yasa Tasla\u011f\u0131&#46;&#46;&#46;<\/p>\n","protected":false},"author":1,"featured_media":0,"comment_status":"closed","ping_status":"closed","sticky":false,"template":"","format":"standard","meta":{"_jetpack_memberships_contains_paid_content":false,"footnotes":""},"categories":[1],"tags":[],"class_list":["post-3278","post","type-post","status-publish","format-standard","hentry","category-ced"],"aioseo_notices":[],"jetpack_featured_media_url":"","jetpack_sharing_enabled":true,"jetpack-related-posts":[],"_links":{"self":[{"href":"http:\/\/www.ced.org.tr\/index.php?rest_route=\/wp\/v2\/posts\/3278","targetHints":{"allow":["GET"]}}],"collection":[{"href":"http:\/\/www.ced.org.tr\/index.php?rest_route=\/wp\/v2\/posts"}],"about":[{"href":"http:\/\/www.ced.org.tr\/index.php?rest_route=\/wp\/v2\/types\/post"}],"author":[{"embeddable":true,"href":"http:\/\/www.ced.org.tr\/index.php?rest_route=\/wp\/v2\/users\/1"}],"replies":[{"embeddable":true,"href":"http:\/\/www.ced.org.tr\/index.php?rest_route=%2Fwp%2Fv2%2Fcomments&post=3278"}],"version-history":[{"count":0,"href":"http:\/\/www.ced.org.tr\/index.php?rest_route=\/wp\/v2\/posts\/3278\/revisions"}],"wp:attachment":[{"href":"http:\/\/www.ced.org.tr\/index.php?rest_route=%2Fwp%2Fv2%2Fmedia&parent=3278"}],"wp:term":[{"taxonomy":"category","embeddable":true,"href":"http:\/\/www.ced.org.tr\/index.php?rest_route=%2Fwp%2Fv2%2Fcategories&post=3278"},{"taxonomy":"post_tag","embeddable":true,"href":"http:\/\/www.ced.org.tr\/index.php?rest_route=%2Fwp%2Fv2%2Ftags&post=3278"}],"curies":[{"name":"wp","href":"https:\/\/api.w.org\/{rel}","templated":true}]}}