{"id":3280,"date":"2007-04-05T15:34:55","date_gmt":"2007-04-05T12:34:55","guid":{"rendered":"http:\/\/www.ced.org.tr\/?p=3280"},"modified":"2007-04-05T15:34:55","modified_gmt":"2007-04-05T12:34:55","slug":"ilacta-reklam-yasagi-kalkiyor-mu","status":"publish","type":"post","link":"http:\/\/www.ced.org.tr\/?p=3280","title":{"rendered":"\u0130LA\u00c7TA REKLAM YASA\u011eI KALKIYOR MU?"},"content":{"rendered":"<h3 style=\"margin: 0cm 0cm 0pt; text-align: center\" class=\"MsoNormal\" align=\"center\">\u0130LA&Ccedil;TA REKLAM YASA\u011eI KALKIYOR MU?<\/h3>\n<p><font face=\"Times New Roman\" size=\"3\" color=\"#000000\">&nbsp;<\/font> <\/p>\n<p style=\"margin: 0cm 0cm 0pt\" class=\"MsoNormal\"><font face=\"Times New Roman\" size=\"3\" color=\"#000000\">\u0130la&ccedil; ve Eczac\u0131l\u0131k Genel M&uuml;d&uuml;r&uuml; kamuoyuna yapt\u0131\u011f\u0131 yaz\u0131l\u0131 a&ccedil;\u0131klamada reddetsede ila&ccedil;ta reklama d&ouml;n&uuml;k haz\u0131rl\u0131klar\u0131n yap\u0131ld\u0131\u011f\u0131 biliniyor.<\/font><\/p>\n<p style=\"margin: 0cm 0cm 0pt\" class=\"MsoNormal\">&nbsp;<\/p>\n<p style=\"margin: 0cm 0cm 0pt\" class=\"MsoNormal\"><font face=\"Times New Roman\" size=\"3\" color=\"#000000\">Sa\u011fl\u0131k Bakanl\u0131\u011f\u0131 ile sekt&ouml;r aras\u0131nda yap\u0131lan ikili g&ouml;r&uuml;\u015fmeler reklam \u015firketlerine verilen s&ouml;zler do\u011fru ise ila&ccedil;ta reklam se&ccedil;im sonras\u0131n\u0131 bekliyor. Haz\u0131r olan sadece reklam yasa\u011f\u0131n\u0131n kalkmas\u0131 ile ilgili d&uuml;zenleme de\u011fil. Yen \u0130la&ccedil; Fiyat Kararnamesi, OTC, 6197 say\u0131l\u0131 yasa tasar\u0131larla ilgili haz\u0131rl\u0131klar tamamlanm\u0131\u015f durumdad\u0131r.<\/font><\/p>\n<p style=\"margin: 0cm 0cm 0pt\" class=\"MsoNormal\">&nbsp;<\/p>\n<p style=\"margin: 0cm 0cm 0pt\" class=\"MsoNormal\"><font face=\"Times New Roman\" size=\"3\" color=\"#000000\">Sa\u011fl\u0131k Bakanl\u0131\u011f\u0131 \u0130nternet Sitesine girdi\u011finizde ila&ccedil;ta reklama ili\u015fkin haz\u0131rl\u0131klar\u0131n ipu&ccedil;lar\u0131n\u0131 bulman\u0131z m&uuml;mk&uuml;n. \u0130la&ccedil; ve Eczac\u0131l\u0131k Genel M&uuml;d&uuml;rl&uuml;\u011f&uuml; Ruhsatland\u0131rma Y&ouml;netmeli\u011fi gere\u011fince ruhsat ba\u015fvuru sahiplerinden bir &lsquo;Bildirim Formu&rsquo; doldurmalar\u0131 isteniyor. \u0130\u015fte bu &lsquo;Bildirim Formu&rsquo;nda cevaplanmas\u0131 istenen sorular ve alt\u0131ndaki yan\u0131tlar\u0131 olduk&ccedil;a dikkat &ccedil;ekici!<\/font><\/p>\n<p style=\"margin: 0cm 0cm 0pt\" class=\"MsoNormal\">&nbsp;<\/p>\n<p style=\"margin: 0cm 0cm 0pt\" class=\"MsoNormal\"><font face=\"Times New Roman\" size=\"3\" color=\"#000000\">Sorulardan biri re&ccedil;eteye tabi olmayan ila&ccedil;lar\u0131n tedariki ile ilgili. Alt\u0131nda ise;<\/font><\/p>\n<p style=\"margin: 0cm 0cm 0pt 36pt; text-indent: -18pt; tab-stops: list 36.0pt\" class=\"MsoNormal\"><font face=\"Times New Roman\"><span><font color=\"#000000\"><font size=\"3\">&#8211;<\/font><span style=\"font: 7pt &#39;Times New Roman&#39;\">&nbsp;&nbsp;&nbsp;&nbsp;&nbsp;&nbsp;&nbsp;&nbsp; <\/span><\/font><\/span><font size=\"3\" color=\"#000000\">Eczane olmayan d&uuml;kkanlarda m\u0131.<\/font><\/font><\/p>\n<p style=\"margin: 0cm 0cm 0pt 36pt; text-indent: -18pt; tab-stops: list 36.0pt\" class=\"MsoNormal\"><font face=\"Times New Roman\"><span><font color=\"#000000\"><font size=\"3\">&#8211;<\/font><span style=\"font: 7pt &#39;Times New Roman&#39;\">&nbsp;&nbsp;&nbsp;&nbsp;&nbsp;&nbsp;&nbsp;&nbsp; <\/span><\/font><\/span><font size=\"3\" color=\"#000000\">Eczanelerde mi satacaks\u0131n\u0131z diye yan\u0131t isteniyor.<\/font><\/font><\/p>\n<p style=\"margin: 0cm 0cm 0pt 36pt; text-indent: -18pt; tab-stops: list 36.0pt\" class=\"MsoNormal\">&nbsp;<\/p>\n<p style=\"margin: 0cm 0cm 0pt\" class=\"MsoNormal\"><font face=\"Times New Roman\" size=\"3\" color=\"#000000\">Bir ba\u015fka soru ise re&ccedil;eteye tabi olmayan ila&ccedil;lar\u0131n tan\u0131t\u0131m\u0131 ile ilgili.<\/font><\/p>\n<p style=\"margin: 0cm 0cm 0pt 36pt; text-indent: -18pt; tab-stops: list 36.0pt\" class=\"MsoNormal\"><font face=\"Times New Roman\"><span><font color=\"#000000\"><font size=\"3\">&#8211;<\/font><span style=\"font: 7pt &#39;Times New Roman&#39;\">&nbsp;&nbsp;&nbsp;&nbsp;&nbsp;&nbsp;&nbsp;&nbsp; <\/span><\/font><\/span><font size=\"3\" color=\"#000000\">Yaln\u0131zca sa\u011fl\u0131k personeline mi tan\u0131t\u0131m<\/font><\/font><\/p>\n<p style=\"margin: 0cm 0cm 0pt 36pt; text-indent: -18pt; tab-stops: list 36.0pt\" class=\"MsoNormal\"><font face=\"Times New Roman\"><span><font color=\"#000000\"><font size=\"3\">&#8211;<\/font><span style=\"font: 7pt &#39;Times New Roman&#39;\">&nbsp;&nbsp;&nbsp;&nbsp;&nbsp;&nbsp;&nbsp;&nbsp; <\/span><\/font><\/span><font size=\"3\" color=\"#000000\">Sa\u011fl\u0131k personeline ve halka m\u0131 tan\u0131t\u0131m<\/font><\/font><\/p>\n<p style=\"margin: 0cm 0cm 0pt 36pt; text-indent: -18pt; tab-stops: list 36.0pt\" class=\"MsoNormal\">&nbsp;<\/p>\n<p style=\"margin: 0cm 0cm 0pt\" class=\"MsoNormal\"><font face=\"Times New Roman\" size=\"3\" color=\"#000000\">1262 say\u0131l\u0131 yasada ilac\u0131n tan\u0131t\u0131m\u0131n\u0131 halka yap\u0131lamayaca\u011f\u0131 a&ccedil;\u0131k se&ccedil;ik yaz\u0131l\u0131yor. Geriye tek \u015f\u0131k kal\u0131yor. Yasay\u0131 de\u011fi\u015ftirmek.<\/font><\/p>\n<p style=\"margin: 0cm 0cm 0pt\" class=\"MsoNormal\">&nbsp;<\/p>\n<p style=\"margin: 0cm 0cm 0pt\" class=\"MsoNormal\"><font face=\"Times New Roman\" size=\"3\" color=\"#000000\">\u0130la&ccedil; ve T\u0131bbi Cihaz Kurumu Yasa Tasar\u0131s\u0131 ile yap\u0131lmak istenen tam da budur. \u0130la&ccedil;ta reklam gibi ila&ccedil; ve eczac\u0131l\u0131k alan\u0131 ile ilgili pek &ccedil;ok yasa haz\u0131rl\u0131\u011f\u0131 se&ccedil;im sonras\u0131n\u0131 bekliyor!<\/font><\/p>\n","protected":false},"excerpt":{"rendered":"<p>\u0130LA&Ccedil;TA REKLAM YASA\u011eI KALKIYOR MU? &nbsp; \u0130la&ccedil; ve Eczac\u0131l\u0131k Genel M&uuml;d&uuml;r&uuml; kamuoyuna yapt\u0131\u011f\u0131 yaz\u0131l\u0131 a&ccedil;\u0131klamada reddetsede ila&ccedil;ta reklama d&ouml;n&uuml;k haz\u0131rl\u0131klar\u0131n&#46;&#46;&#46;<\/p>\n","protected":false},"author":1,"featured_media":0,"comment_status":"closed","ping_status":"closed","sticky":false,"template":"","format":"standard","meta":{"_jetpack_memberships_contains_paid_content":false,"footnotes":""},"categories":[1],"tags":[],"class_list":["post-3280","post","type-post","status-publish","format-standard","hentry","category-ced"],"aioseo_notices":[],"jetpack_featured_media_url":"","jetpack_sharing_enabled":true,"jetpack-related-posts":[],"_links":{"self":[{"href":"http:\/\/www.ced.org.tr\/index.php?rest_route=\/wp\/v2\/posts\/3280","targetHints":{"allow":["GET"]}}],"collection":[{"href":"http:\/\/www.ced.org.tr\/index.php?rest_route=\/wp\/v2\/posts"}],"about":[{"href":"http:\/\/www.ced.org.tr\/index.php?rest_route=\/wp\/v2\/types\/post"}],"author":[{"embeddable":true,"href":"http:\/\/www.ced.org.tr\/index.php?rest_route=\/wp\/v2\/users\/1"}],"replies":[{"embeddable":true,"href":"http:\/\/www.ced.org.tr\/index.php?rest_route=%2Fwp%2Fv2%2Fcomments&post=3280"}],"version-history":[{"count":0,"href":"http:\/\/www.ced.org.tr\/index.php?rest_route=\/wp\/v2\/posts\/3280\/revisions"}],"wp:attachment":[{"href":"http:\/\/www.ced.org.tr\/index.php?rest_route=%2Fwp%2Fv2%2Fmedia&parent=3280"}],"wp:term":[{"taxonomy":"category","embeddable":true,"href":"http:\/\/www.ced.org.tr\/index.php?rest_route=%2Fwp%2Fv2%2Fcategories&post=3280"},{"taxonomy":"post_tag","embeddable":true,"href":"http:\/\/www.ced.org.tr\/index.php?rest_route=%2Fwp%2Fv2%2Ftags&post=3280"}],"curies":[{"name":"wp","href":"https:\/\/api.w.org\/{rel}","templated":true}]}}