{"id":3281,"date":"2007-04-18T14:11:57","date_gmt":"2007-04-18T11:11:57","guid":{"rendered":"http:\/\/www.ced.org.tr\/?p=3281"},"modified":"2007-04-18T14:11:57","modified_gmt":"2007-04-18T11:11:57","slug":"ilac-marketciligi-donemi-basliyor","status":"publish","type":"post","link":"http:\/\/www.ced.org.tr\/?p=3281","title":{"rendered":"&#8216;\u0130LA\u00c7 MARKET\u00c7\u0130L\u0130\u011e\u0130 D\u00d6NEM\u0130 BA\u015eLIYOR&#8217;"},"content":{"rendered":"<h3 style=\"margin: 0cm 0cm 0pt\" class=\"MsoNormal\" align=\"center\"><span style=\"font-size: 9pt; font-family: Verdana\">&#39;\u0130LA&Ccedil; MARKET&Ccedil;\u0130L\u0130\u011e\u0130 D&Ouml;NEM\u0130 BA\u015eLIYOR&#39;<\/span><\/h3>\n<p style=\"margin: 0cm 0cm 0pt\" class=\"MsoNormal\"><font color=\"#000000\"><span style=\"font-size: 9pt; font-family: Verdana\">H&uuml;k&uuml;met, baz\u0131 <\/span><span style=\"font-size: 9pt; font-family: Verdana\">ila&ccedil;<\/span><span style=\"font-size: 9pt; font-family: Verdana\">lar\u0131n geri &ouml;deme listelerinden &ccedil;\u0131kart\u0131lmas\u0131 yoluyla kamu <\/span><span style=\"font-size: 9pt; font-family: Verdana\">ila&ccedil;<\/span><span style=\"font-size: 9pt; font-family: Verdana\"> harcamalar\u0131nda tasarruf yap\u0131lmas\u0131n\u0131 &ouml;ng&ouml;r&uuml;rken, CHP Denizli Milletvekili Mehmet Ne\u015f\u015far, bu uygulaman\u0131n &quot;<\/span><span style=\"font-size: 9pt; font-family: Verdana\">ila&ccedil;<\/span><span style=\"font-size: 9pt; font-family: Verdana\"> <\/span><span style=\"font-size: 9pt; font-family: Verdana\">market&ccedil;ili\u011fi<\/span><span style=\"font-size: 9pt; font-family: Verdana\"> d&ouml;nemini ba\u015flataca\u011f\u0131n\u0131 savundu. \u0130lac\u0131n tan\u0131m\u0131 gere\u011fi re&ccedil;ete ile sat\u0131lmas\u0131n\u0131n\u0131 zorunluluk oldu\u011funu belirten Ne\u015f\u015far, \u015funlar\u0131 s&ouml;yledi: &quot;Uzun y\u0131llar denenmi\u015f baz\u0131 <\/span><span style=\"font-size: 9pt; font-family: Verdana\">ila&ccedil;<\/span><span style=\"font-size: 9pt; font-family: Verdana\">larla v&uuml;cuda destek sa\u011flayan baz\u0131 &uuml;r&uuml;nlerin re&ccedil;etesiz sat\u0131lmas\u0131 da m&uuml;mk&uuml;n. <\/span><\/font><\/p>\n<p><font face=\"Verdana\"><font size=\"2\">Ancak stratejik &uuml;r&uuml;n olan <\/font><span style=\"font-size: 9pt; font-family: Verdana\">ila&ccedil;<\/span><\/font><span style=\"font-size: 9pt; font-family: Verdana\"> serbest piyasa ko\u015fullar\u0131na terk edilemez. \u0130la&ccedil;lar eczac\u0131lar taraf\u0131ndan eczanelerde hastaya ula\u015ft\u0131r\u0131lmal\u0131d\u0131r. Reklamla <\/span><span style=\"font-size: 9pt; font-family: Verdana\">ila&ccedil;<\/span><span style=\"font-size: 9pt; font-family: Verdana\"> sat\u0131\u015f\u0131 da etik de\u011fildir.&quot;<\/span>&nbsp; <\/p>\n<p style=\"margin: 0cm 0cm 0pt\" class=\"MsoNormal\"><font color=\"#000000\"><span style=\"font-size: 9pt; font-family: Verdana\">CHP&#39;li Ne\u015f\u015far, h&uuml;k&uuml;metin g&uuml;ndeme getirdi\u011fi, &quot;raf &uuml;st&uuml; <\/span><span style=\"font-size: 9pt; font-family: Verdana\">ila&ccedil;<\/span><span style=\"font-size: 9pt; font-family: Verdana\"> sat\u0131\u015f\u0131&quot; kavram\u0131n\u0131n market reyonlar\u0131nda sat\u0131lan <\/span><span style=\"font-size: 9pt; font-family: Verdana\">ila&ccedil;<\/span><span style=\"font-size: 9pt; font-family: Verdana\">lar oldu\u011funu belirterek, &quot;Marketlerde bu yolla yap\u0131lan <\/span><span style=\"font-size: 9pt; font-family: Verdana\">ila&ccedil;<\/span><span style=\"font-size: 9pt; font-family: Verdana\"> sat\u0131\u015flar\u0131, reklamlarla zorlanarak insanlar\u0131n en duyarl\u0131 oldu\u011fu sa\u011fl\u0131k alan\u0131nda bir t&uuml;ketim s&ouml;m&uuml;r&uuml;s&uuml; olarak ortaya &ccedil;\u0131k\u0131yor&quot; dedi. Ne\u015f\u015far, serbest piyasa anlay\u0131\u015f\u0131n\u0131n gere\u011fi olan bu durumun etik olmad\u0131\u011f\u0131n\u0131 ifade ederek, <\/span><span style=\"font-size: 9pt; font-family: Verdana\">ila&ccedil;<\/span><span style=\"font-size: 9pt; font-family: Verdana\">lar\u0131n serbest piyasa anlay\u0131\u015f\u0131n\u0131n d\u0131\u015f\u0131nda tutulmas\u0131 gerekti\u011fini savundu.<\/span><\/font><\/p>\n<p>&nbsp;<font color=\"#000000\"><span style=\"font-size: 9pt; font-family: Verdana\">Sa\u011fl\u0131k Bakanl\u0131\u011f\u0131&#39;n\u0131n y\u0131llard\u0131r &quot;peynir ekmek gibi sat\u0131lan <\/span><span style=\"font-size: 9pt; font-family: Verdana\">ila&ccedil;<\/span><span style=\"font-size: 9pt; font-family: Verdana\">lar\u0131&quot; re&ccedil;ete denetimine alamam\u0131\u015f olmas\u0131n\u0131 da ele\u015ftiren Mehmet Ne\u015f\u015far, sekt&ouml;r&uuml;n bakanl\u0131\u011f\u0131 ele ge&ccedil;irdi\u011fini iddia etti.<\/span><\/font><\/p>\n<p><font color=\"#000000\"><span style=\"font-size: 9pt; font-family: Verdana\">Kaynak: 16\/04\/2007 Birg&uuml;n<\/span><\/font><\/p>\n","protected":false},"excerpt":{"rendered":"<p>&#39;\u0130LA&Ccedil; MARKET&Ccedil;\u0130L\u0130\u011e\u0130 D&Ouml;NEM\u0130 BA\u015eLIYOR&#39; H&uuml;k&uuml;met, baz\u0131 ila&ccedil;lar\u0131n geri &ouml;deme listelerinden &ccedil;\u0131kart\u0131lmas\u0131 yoluyla kamu ila&ccedil; harcamalar\u0131nda tasarruf yap\u0131lmas\u0131n\u0131 &ouml;ng&ouml;r&uuml;rken, CHP Denizli&#46;&#46;&#46;<\/p>\n","protected":false},"author":1,"featured_media":0,"comment_status":"closed","ping_status":"closed","sticky":false,"template":"","format":"standard","meta":{"_jetpack_memberships_contains_paid_content":false,"footnotes":""},"categories":[1],"tags":[],"class_list":["post-3281","post","type-post","status-publish","format-standard","hentry","category-ced"],"aioseo_notices":[],"jetpack_featured_media_url":"","jetpack_sharing_enabled":true,"jetpack-related-posts":[],"_links":{"self":[{"href":"http:\/\/www.ced.org.tr\/index.php?rest_route=\/wp\/v2\/posts\/3281","targetHints":{"allow":["GET"]}}],"collection":[{"href":"http:\/\/www.ced.org.tr\/index.php?rest_route=\/wp\/v2\/posts"}],"about":[{"href":"http:\/\/www.ced.org.tr\/index.php?rest_route=\/wp\/v2\/types\/post"}],"author":[{"embeddable":true,"href":"http:\/\/www.ced.org.tr\/index.php?rest_route=\/wp\/v2\/users\/1"}],"replies":[{"embeddable":true,"href":"http:\/\/www.ced.org.tr\/index.php?rest_route=%2Fwp%2Fv2%2Fcomments&post=3281"}],"version-history":[{"count":0,"href":"http:\/\/www.ced.org.tr\/index.php?rest_route=\/wp\/v2\/posts\/3281\/revisions"}],"wp:attachment":[{"href":"http:\/\/www.ced.org.tr\/index.php?rest_route=%2Fwp%2Fv2%2Fmedia&parent=3281"}],"wp:term":[{"taxonomy":"category","embeddable":true,"href":"http:\/\/www.ced.org.tr\/index.php?rest_route=%2Fwp%2Fv2%2Fcategories&post=3281"},{"taxonomy":"post_tag","embeddable":true,"href":"http:\/\/www.ced.org.tr\/index.php?rest_route=%2Fwp%2Fv2%2Ftags&post=3281"}],"curies":[{"name":"wp","href":"https:\/\/api.w.org\/{rel}","templated":true}]}}