{"id":3282,"date":"2007-04-18T14:16:06","date_gmt":"2007-04-18T11:16:06","guid":{"rendered":"http:\/\/www.ced.org.tr\/?p=3282"},"modified":"2007-04-18T14:16:06","modified_gmt":"2007-04-18T11:16:06","slug":"yesil-kart-yoksul-icin-degil-zengin-icinmis","status":"publish","type":"post","link":"http:\/\/www.ced.org.tr\/?p=3282","title":{"rendered":"YE\u015e\u0130L KART YOKSUL \u0130\u00c7\u0130N DE\u011e\u0130L ZENG\u0130N \u0130\u00c7\u0130NM\u0130\u015e!"},"content":{"rendered":"<h3 align=\"center\"><span style=\"font-size: 9pt; font-family: Verdana\">YE\u015e\u0130L KART YOKSUL \u0130&Ccedil;\u0130N DE\u011e\u0130L ZENG\u0130N \u0130&Ccedil;\u0130NM\u0130\u015e!&nbsp;<\/span><\/h3>\n<p><font color=\"#000000\"><span style=\"font-size: 9pt; font-family: Verdana\">MAL\u0130YE Bakanl\u0131\u011f\u0131, Ankara&#39;dan sonra \u0130stanbul, \u0130zmir, Bursa, Adana ve Gaziantep&#39;de de <\/span><span style=\"font-size: 9pt; font-family: Verdana\">ye\u015fil<\/span><span style=\"font-size: 9pt; font-family: Verdana\"> <\/span><span style=\"font-size: 9pt; font-family: Verdana\">kart<\/span><span style=\"font-size: 9pt; font-family: Verdana\">l\u0131lar\u0131 mercek alt\u0131na ald\u0131. Ankara&#39;daki denetimlerde, \u015firket ortaklar\u0131 ile 4 evi bulunanlar\u0131n bile <\/span><span style=\"font-size: 9pt; font-family: Verdana\">ye\u015fil<\/span><span style=\"font-size: 9pt; font-family: Verdana\"> <\/span><span style=\"font-size: 9pt; font-family: Verdana\">kart<\/span><span style=\"font-size: 9pt; font-family: Verdana\"> sahibi olduklar\u0131 anla\u015f\u0131ld\u0131. Maliye Bakanl\u0131\u011f\u0131 Muhasebat Genel M&uuml;d&uuml;r&uuml; &Ouml;mer Duman&#39;dan edinilen bilgiye g&ouml;re, &ccedil;al\u0131\u015fmada, 220 bin <\/span><span style=\"font-size: 9pt; font-family: Verdana\">ye\u015fil<\/span><span style=\"font-size: 9pt; font-family: Verdana\"> <\/span><span style=\"font-size: 9pt; font-family: Verdana\">kart<\/span><span style=\"font-size: 9pt; font-family: Verdana\">l\u0131n\u0131n bulundu\u011fu Ankara&#39;da 17 bin 638 <\/span><span style=\"font-size: 9pt; font-family: Verdana\">ye\u015fil<\/span><span style=\"font-size: 9pt; font-family: Verdana\"> <\/span><span style=\"font-size: 9pt; font-family: Verdana\">kart<\/span><span style=\"font-size: 9pt; font-family: Verdana\"> sahibinin, ekonomik a&ccedil;\u0131dan &ccedil;ok iyi durumda oldu\u011fu ve <\/span><span style=\"font-size: 9pt; font-family: Verdana\">ye\u015fil<\/span><span style=\"font-size: 9pt; font-family: Verdana\"> <\/span><span style=\"font-size: 9pt; font-family: Verdana\">kart<\/span><span style=\"font-size: 9pt; font-family: Verdana\"> sistemini suistimal etti\u011fi tespit edildi. <\/span><\/font><\/p>\n<p><font face=\"Verdana\"><font size=\"2\">Bu ki\u015filerin aileleri de dikkate al\u0131nd\u0131\u011f\u0131nda, haks\u0131z yere <\/font><span style=\"font-size: 9pt; font-family: Verdana\">ye\u015fil<\/span><\/font><span style=\"font-size: 9pt; font-family: Verdana\"> <\/span><span style=\"font-size: 9pt; font-family: Verdana\">kart<\/span><span style=\"font-size: 9pt; font-family: Verdana\"> kullanan ki\u015fi say\u0131s\u0131n\u0131n 40-50 binleri bulabilece\u011fi tahmini yap\u0131ld\u0131. Denetim sonucunda, Ankara&#39;da yalan beyanla <\/span><span style=\"font-size: 9pt; font-family: Verdana\">ye\u015fil<\/span><span style=\"font-size: 9pt; font-family: Verdana\"> <\/span><span style=\"font-size: 9pt; font-family: Verdana\">kart<\/span><span style=\"font-size: 9pt; font-family: Verdana\"> alanlar\u0131n 2 bin 600&#39;&uuml;n&uuml;n 1 ile 4 aras\u0131nda gayrimenkulu bulundu\u011fu, son model BMW ve Passat&#39;lar\u0131 oldu\u011fu ortaya &ccedil;\u0131kt\u0131.<\/span> <\/p>\n<p><font color=\"#000000\"><span style=\"font-size: 9pt; font-family: Verdana\">Kaynak: 16\/04\/2007 Birg&uuml;n<\/span><\/font><\/p>\n","protected":false},"excerpt":{"rendered":"<p>YE\u015e\u0130L KART YOKSUL \u0130&Ccedil;\u0130N DE\u011e\u0130L ZENG\u0130N \u0130&Ccedil;\u0130NM\u0130\u015e!&nbsp; MAL\u0130YE Bakanl\u0131\u011f\u0131, Ankara&#39;dan sonra \u0130stanbul, \u0130zmir, Bursa, Adana ve Gaziantep&#39;de de ye\u015fil kartl\u0131lar\u0131&#46;&#46;&#46;<\/p>\n","protected":false},"author":1,"featured_media":0,"comment_status":"closed","ping_status":"closed","sticky":false,"template":"","format":"standard","meta":{"_jetpack_memberships_contains_paid_content":false,"footnotes":""},"categories":[1],"tags":[],"class_list":["post-3282","post","type-post","status-publish","format-standard","hentry","category-ced"],"aioseo_notices":[],"jetpack_featured_media_url":"","jetpack_sharing_enabled":true,"jetpack-related-posts":[],"_links":{"self":[{"href":"http:\/\/www.ced.org.tr\/index.php?rest_route=\/wp\/v2\/posts\/3282","targetHints":{"allow":["GET"]}}],"collection":[{"href":"http:\/\/www.ced.org.tr\/index.php?rest_route=\/wp\/v2\/posts"}],"about":[{"href":"http:\/\/www.ced.org.tr\/index.php?rest_route=\/wp\/v2\/types\/post"}],"author":[{"embeddable":true,"href":"http:\/\/www.ced.org.tr\/index.php?rest_route=\/wp\/v2\/users\/1"}],"replies":[{"embeddable":true,"href":"http:\/\/www.ced.org.tr\/index.php?rest_route=%2Fwp%2Fv2%2Fcomments&post=3282"}],"version-history":[{"count":0,"href":"http:\/\/www.ced.org.tr\/index.php?rest_route=\/wp\/v2\/posts\/3282\/revisions"}],"wp:attachment":[{"href":"http:\/\/www.ced.org.tr\/index.php?rest_route=%2Fwp%2Fv2%2Fmedia&parent=3282"}],"wp:term":[{"taxonomy":"category","embeddable":true,"href":"http:\/\/www.ced.org.tr\/index.php?rest_route=%2Fwp%2Fv2%2Fcategories&post=3282"},{"taxonomy":"post_tag","embeddable":true,"href":"http:\/\/www.ced.org.tr\/index.php?rest_route=%2Fwp%2Fv2%2Ftags&post=3282"}],"curies":[{"name":"wp","href":"https:\/\/api.w.org\/{rel}","templated":true}]}}