{"id":3286,"date":"2007-05-14T17:02:36","date_gmt":"2007-05-14T14:02:36","guid":{"rendered":"http:\/\/www.ced.org.tr\/?p=3286"},"modified":"2007-05-14T17:02:36","modified_gmt":"2007-05-14T14:02:36","slug":"sosyal-guvenlik-reformu-2008e-kaldi","status":"publish","type":"post","link":"http:\/\/www.ced.org.tr\/?p=3286","title":{"rendered":"SOSYAL G\u00dcVENL\u0130K REFORMU 2008&#8217;e KALDI"},"content":{"rendered":"<p>Sosyal Sigortalar ve Genel Sa\u011fl\u0131k Sigortas\u0131 Kanunu&rsquo;nun uygulamas\u0131n\u0131n 1 Ocak 2008 tarihine ertelenmesini &ouml;ng&ouml;ren kanun teklifi, komisyonda kabul edildi.<\/p>\n<p>AK Parti Trabzon Milletvekili Cevdet Erd&ouml;l&rsquo;&uuml;n ba\u015fkanl\u0131\u011f\u0131nda toplanan TBMM Sa\u011fl\u0131k, Aile, &Ccedil;al\u0131\u015fma ve Sosyal \u0130\u015fler Komisyonu&rsquo;nda, AK Parti Kayseri Milletvekili Taner Y\u0131ld\u0131z&rsquo;\u0131n, Baz\u0131 Kanunlarda De\u011fi\u015fiklik Yap\u0131lmas\u0131 Hakk\u0131nda Kanun Teklifi ele al\u0131nd\u0131. <\/p>\n<p class=\"textBodyBlack\">Komisyonda benimsenen teklife g&ouml;re, Anayasa Mahkemesi taraf\u0131ndan baz\u0131 maddeleri iptal edilen Sosyal Sigortalar ve Genel Sa\u011fl\u0131k Sigortas\u0131 Kanunu&rsquo;nun y&uuml;r&uuml;rl&uuml;k tarihi, 1 Ocak 2008 olarak &ouml;ng&ouml;r&uuml;ld&uuml;.<\/p>\n<p>1 Ocak 2007&rsquo;den itibaren uygulanmas\u0131 &ouml;ng&ouml;r&uuml;len yasan\u0131n y&uuml;r&uuml;rl&uuml;k tarihi, 2007 y\u0131l\u0131 b&uuml;t&ccedil;e g&ouml;r&uuml;\u015fmeleri s\u0131ras\u0131nda 1 Temmuz 2007 tarihine ertelenmi\u015fti.<\/p>\n<p><!--\/\/div1--><\/p>\n","protected":false},"excerpt":{"rendered":"<p>Sosyal Sigortalar ve Genel Sa\u011fl\u0131k Sigortas\u0131 Kanunu&rsquo;nun uygulamas\u0131n\u0131n 1 Ocak 2008 tarihine ertelenmesini &ouml;ng&ouml;ren kanun teklifi, komisyonda kabul edildi. AK&#46;&#46;&#46;<\/p>\n","protected":false},"author":1,"featured_media":0,"comment_status":"closed","ping_status":"closed","sticky":false,"template":"","format":"standard","meta":{"_jetpack_memberships_contains_paid_content":false,"footnotes":""},"categories":[1],"tags":[],"class_list":["post-3286","post","type-post","status-publish","format-standard","hentry","category-ced"],"aioseo_notices":[],"jetpack_featured_media_url":"","jetpack_sharing_enabled":true,"jetpack-related-posts":[],"_links":{"self":[{"href":"http:\/\/www.ced.org.tr\/index.php?rest_route=\/wp\/v2\/posts\/3286","targetHints":{"allow":["GET"]}}],"collection":[{"href":"http:\/\/www.ced.org.tr\/index.php?rest_route=\/wp\/v2\/posts"}],"about":[{"href":"http:\/\/www.ced.org.tr\/index.php?rest_route=\/wp\/v2\/types\/post"}],"author":[{"embeddable":true,"href":"http:\/\/www.ced.org.tr\/index.php?rest_route=\/wp\/v2\/users\/1"}],"replies":[{"embeddable":true,"href":"http:\/\/www.ced.org.tr\/index.php?rest_route=%2Fwp%2Fv2%2Fcomments&post=3286"}],"version-history":[{"count":0,"href":"http:\/\/www.ced.org.tr\/index.php?rest_route=\/wp\/v2\/posts\/3286\/revisions"}],"wp:attachment":[{"href":"http:\/\/www.ced.org.tr\/index.php?rest_route=%2Fwp%2Fv2%2Fmedia&parent=3286"}],"wp:term":[{"taxonomy":"category","embeddable":true,"href":"http:\/\/www.ced.org.tr\/index.php?rest_route=%2Fwp%2Fv2%2Fcategories&post=3286"},{"taxonomy":"post_tag","embeddable":true,"href":"http:\/\/www.ced.org.tr\/index.php?rest_route=%2Fwp%2Fv2%2Ftags&post=3286"}],"curies":[{"name":"wp","href":"https:\/\/api.w.org\/{rel}","templated":true}]}}