{"id":3287,"date":"2007-05-14T17:06:53","date_gmt":"2007-05-14T14:06:53","guid":{"rendered":"http:\/\/www.ced.org.tr\/?p=3287"},"modified":"2007-05-14T17:06:53","modified_gmt":"2007-05-14T14:06:53","slug":"iskontolarin-serbest-birakilmasina-karsi-eylem-karari","status":"publish","type":"post","link":"http:\/\/www.ced.org.tr\/?p=3287","title":{"rendered":"\u0130SKONTOLARIN SERBEST BIRAKILMASINA KAR\u015eI EYLEM KARARI"},"content":{"rendered":"<p>TEB Merkez Heyeti&rsquo;nin &ccedil;a\u011fr\u0131s\u0131yla 10 May\u0131s 2007 tarihinde Ankara&rsquo;da yap\u0131lan Ola\u011fan&uuml;st&uuml; Ba\u015fkanlar Kurulu toplant\u0131s\u0131 sonucunda iskontolar\u0131n serbest b\u0131rak\u0131lmas\u0131na kar\u015f\u0131 bir dizi eylem karar\u0131 al\u0131nd\u0131.\u0130lgili Bakanl\u0131klar d&uuml;zeyinde tart\u0131\u015f\u0131lmakta olan 2007 y\u0131l\u0131 B&uuml;t&ccedil;e Uygulama Talimat\u0131 tasla\u011f\u0131n\u0131n 14.1 Maddesinin c f\u0131kras\u0131nda \u015f&ouml;yle denmektedir:<\/p>\n<p>&nbsp;&nbsp;&nbsp;&nbsp;&nbsp;&nbsp;<strong>&ldquo;Yukar\u0131da (a) ve (b) bentlerinde belirtilen imalat&ccedil;\u0131\/ithalat&ccedil;\u0131 indirimi yap\u0131ld\u0131ktan sonra kalan tutarlar &uuml;zerinden uygulanacak eczane indirimi,<\/p>\n<p>&nbsp;&nbsp;&nbsp;&nbsp;&nbsp;&nbsp;01.05.2007 tarihinden itibaren eczac\u0131 indirimi, 2006 y\u0131l\u0131 sat\u0131\u015f h&acirc;s\u0131lat\u0131 (KDV hari&ccedil;);<\/p>\n<p>&nbsp;&nbsp;&nbsp;&nbsp;&nbsp;&nbsp;240.000 YTL&rsquo;ye kadar olan eczaneler taraf\u0131ndan %3,<\/p>\n<p>&nbsp;&nbsp;&nbsp;&nbsp;&nbsp;&nbsp;240.000 YTL ile 480.000 YTL aras\u0131nda olan eczaneler taraf\u0131ndan %3,5,<\/p>\n<p>&nbsp;&nbsp;&nbsp;&nbsp;&nbsp;&nbsp;480.001 YTL ile 600.000 YTL aras\u0131nda olan eczaneler taraf\u0131ndan %4,<\/p>\n<p>&nbsp;&nbsp;&nbsp;&nbsp;&nbsp;&nbsp;600.001 YTL &uuml;zerinde olan eczaneler taraf\u0131ndan %4,5,<br \/>&nbsp;&nbsp;&nbsp;&nbsp;&nbsp;&nbsp;oran\u0131nda uygulanacakt\u0131r.<\/p>\n<p>&nbsp;&nbsp;&nbsp;&nbsp;&nbsp;&nbsp;Bu tarihe kadar, y&uuml;r&uuml;rl&uuml;kteki eczac\u0131 indirimi ge&ccedil;erli olmaya devam edecektir. <\/p>\n<p>&nbsp;&nbsp;&nbsp;&nbsp;&nbsp;&nbsp;<u>Eczaneler, yukar\u0131daki sat\u0131\u015f h&acirc;s\u0131latlar\u0131na g&ouml;re belirlenen indirim oranlar\u0131ndan daha y&uuml;ksek indirim oran\u0131 uygulayabilirler.<\/u>&rdquo;<\/strong><\/p>\n<p>&nbsp;&nbsp;&nbsp;&nbsp;&nbsp;&nbsp;G&ouml;r&uuml;ld&uuml;\u011f&uuml; gibi, AKP iktidar\u0131 giderayak, eczac\u0131l\u0131k mesle\u011fini &ccedil;\u0131kmaza sokmak ve bizleri kendi aram\u0131zda haks\u0131z, yasalara ayk\u0131r\u0131 ve y\u0131k\u0131c\u0131 bir rekabete mahkum etmek kararl\u0131l\u0131\u011f\u0131ndad\u0131r. Hat\u0131rlanacak olursa, 2006 y\u0131l\u0131 ba\u015f\u0131nda yine ayn\u0131 tart\u0131\u015fmay\u0131 ya\u015fam\u0131\u015f ve % 4,5&rsquo;lara varan iskonto dilimleri belirlenmi\u015fti. \u0130\u015fte bug&uuml;n yine, bizlere ucu a&ccedil;\u0131k iskonto yapma kural\u0131n\u0131 dayatmak istiyorlar. Yine sebep olarak Rekabet Kurulunu &ouml;ne s&uuml;r&uuml;yorlar. Oysa T&uuml;rkiye&rsquo;de ya\u015fayan her vatanda\u015f bilmektedir ki; ilac\u0131n fiyat\u0131 yasalarla belirlenmektedir ve ila&ccedil; T&uuml;rkiye&rsquo;nin her taraf\u0131nda ayn\u0131 fiyatla sat\u0131l\u0131r. \u0130la&ccedil; &uuml;zerinde eczac\u0131n\u0131n pay\u0131 yine yasalara dayanarak devlet taraf\u0131ndan belirlenmektedir. \u0130\u015fte bu ko\u015fullarda eczaneler d&uuml;zleminde bir rekabetten asla s&ouml;z edilemez. Rekabet Kurulu, e\u011fer varsa kendi misyonuna daha denk d&uuml;\u015fen, k&acirc;rl\u0131l\u0131klar\u0131 ve kazan&ccedil;lar\u0131 bug&uuml;ne kadar sorgulanma gere\u011fi duyulmam\u0131\u015f tekelci yap\u0131daki ila&ccedil; &uuml;retici, ithalat&ccedil;\u0131 ve da\u011f\u0131t\u0131m tekellerini sorgulamal\u0131d\u0131r.<\/p>\n<p>&nbsp;&nbsp;&nbsp;&nbsp;&nbsp;&nbsp;TEB Ba\u015fkanlar Kurulunda yap\u0131lan tart\u0131\u015fmalar sonucu bu haks\u0131zl\u0131\u011fa kar\u015f\u0131 b&uuml;t&uuml;n g&uuml;c&uuml;m&uuml;zle direnmeye karar verilmi\u015ftir. \u0130\u015fte bu nedenle, halk\u0131n sa\u011fl\u0131\u011f\u0131n\u0131 yak\u0131ndan ilgilendiren eczac\u0131l\u0131k mesle\u011fini yok etmeye y&ouml;nelik oyunlar\u0131 kamuoyuna anlatmak amac\u0131yla bir dizi eylemlilik kararlar\u0131 al\u0131nm\u0131\u015ft\u0131r.<\/p>\n<ol>\n<li>T&uuml;rkiye&rsquo;deki 47 eczac\u0131 odas\u0131 ba\u015fkan\u0131n\u0131n imzas\u0131yla haz\u0131rlanan bir bildiri bug&uuml;n Ba\u015fbakana ve ilgili bakanl\u0131klara sunulacakt\u0131r. <\/li>\n<li>&Ouml;n&uuml;m&uuml;zdeki g&uuml;nlerde sorunlar\u0131m\u0131z\u0131 kamuoyuna anlatan tam sayfa gazete ilan\u0131 verilecektir. <\/li>\n<li>Siyasi iktidar, eczac\u0131lara yap\u0131lmak istenen bu haks\u0131z dayatmadan vazge&ccedil;mezse 27 May\u0131s 2007 g&uuml;n&uuml; Ankara&rsquo;da binlerce eczac\u0131n\u0131n kat\u0131laca\u011f\u0131 bir miting yap\u0131lmas\u0131 kararla\u015ft\u0131r\u0131lm\u0131\u015ft\u0131r.<\/li>\n<\/ol>\n","protected":false},"excerpt":{"rendered":"<p>TEB Merkez Heyeti&rsquo;nin &ccedil;a\u011fr\u0131s\u0131yla 10 May\u0131s 2007 tarihinde Ankara&rsquo;da yap\u0131lan Ola\u011fan&uuml;st&uuml; Ba\u015fkanlar Kurulu toplant\u0131s\u0131 sonucunda iskontolar\u0131n serbest b\u0131rak\u0131lmas\u0131na kar\u015f\u0131 bir&#46;&#46;&#46;<\/p>\n","protected":false},"author":1,"featured_media":0,"comment_status":"closed","ping_status":"closed","sticky":false,"template":"","format":"standard","meta":{"_jetpack_memberships_contains_paid_content":false,"footnotes":""},"categories":[1],"tags":[],"class_list":["post-3287","post","type-post","status-publish","format-standard","hentry","category-ced"],"aioseo_notices":[],"jetpack_featured_media_url":"","jetpack_sharing_enabled":true,"jetpack-related-posts":[],"_links":{"self":[{"href":"http:\/\/www.ced.org.tr\/index.php?rest_route=\/wp\/v2\/posts\/3287","targetHints":{"allow":["GET"]}}],"collection":[{"href":"http:\/\/www.ced.org.tr\/index.php?rest_route=\/wp\/v2\/posts"}],"about":[{"href":"http:\/\/www.ced.org.tr\/index.php?rest_route=\/wp\/v2\/types\/post"}],"author":[{"embeddable":true,"href":"http:\/\/www.ced.org.tr\/index.php?rest_route=\/wp\/v2\/users\/1"}],"replies":[{"embeddable":true,"href":"http:\/\/www.ced.org.tr\/index.php?rest_route=%2Fwp%2Fv2%2Fcomments&post=3287"}],"version-history":[{"count":0,"href":"http:\/\/www.ced.org.tr\/index.php?rest_route=\/wp\/v2\/posts\/3287\/revisions"}],"wp:attachment":[{"href":"http:\/\/www.ced.org.tr\/index.php?rest_route=%2Fwp%2Fv2%2Fmedia&parent=3287"}],"wp:term":[{"taxonomy":"category","embeddable":true,"href":"http:\/\/www.ced.org.tr\/index.php?rest_route=%2Fwp%2Fv2%2Fcategories&post=3287"},{"taxonomy":"post_tag","embeddable":true,"href":"http:\/\/www.ced.org.tr\/index.php?rest_route=%2Fwp%2Fv2%2Ftags&post=3287"}],"curies":[{"name":"wp","href":"https:\/\/api.w.org\/{rel}","templated":true}]}}