{"id":3288,"date":"2007-05-17T13:50:10","date_gmt":"2007-05-17T10:50:10","guid":{"rendered":"http:\/\/www.ced.org.tr\/?p=3288"},"modified":"2007-05-17T13:50:10","modified_gmt":"2007-05-17T10:50:10","slug":"rekor-seviyede-antidepresan-kullanimi","status":"publish","type":"post","link":"http:\/\/www.ced.org.tr\/?p=3288","title":{"rendered":"REKOR SEV\u0130YEDE ANT\u0130DEPRESAN KULLANIMI"},"content":{"rendered":"<p>\u0130ngiltere&rsquo;de aile hekimlerinin rekor seviyede ki\u015fiye antidepresan verdi\u011fi, sadece ge&ccedil;en bir y\u0131l i&ccedil;inde 31 milyon m&uuml;sekkin ila&ccedil; re&ccedil;etesi yaz\u0131ld\u0131\u011f\u0131 a&ccedil;\u0131kland\u0131.<\/p>\n<p>Sa\u011fl\u0131k Bakanl\u0131\u011f\u0131 ve uzmanlar\u0131n uyar\u0131lar\u0131na ra\u011fmen, antidepresan kullan\u0131m\u0131n\u0131n artmas\u0131n\u0131 ele\u015ftiren The Times gazetesi, &ldquo;Antidepresan Milleti Olduk&rdquo; diye man\u015fet att\u0131.<\/p>\n<p class=\"textBodyBlack\">En &ccedil;ok Prozac ve Seroxat gibi ila&ccedil;lar\u0131n yaz\u0131ld\u0131\u011f\u0131n\u0131 ve kullan\u0131mda y\u0131lda yakla\u015f\u0131k y&uuml;zde 10 gibi art\u0131\u015f oldu\u011funu duyuran Times, bu t&uuml;r ila&ccedil;lar\u0131 kullanan bireylerin kesin say\u0131s\u0131n\u0131nsa bilinmedi\u011fini yazd\u0131.<\/p>\n<p>\u0130ngiltere&rsquo;de aile hekimlerinin b&uuml;y&uuml;k b&ouml;l&uuml;m&uuml;n&uuml;n de bu t&uuml;r ila&ccedil;lar\u0131n &ccedil;ok fazla verilmesinden \u015fikayet&ccedil;i oldu\u011fu, ancak hastalar\u0131n\u0131n \u0131srarlar\u0131na dayanamad\u0131klar\u0131, kaynak ve eleman yoklu\u011fundan dolay\u0131 hastaya davran\u0131\u015f tedavisi &ouml;neremedikleri i&ccedil;in ila&ccedil; yazmak zorunda kald\u0131klar\u0131 belirtiliyor.<\/p>\n<p>\u0130ngiltere&rsquo;de yap\u0131lan ara\u015ft\u0131rmalar, depresyonun her be\u015f ki\u015fiden birini hayat\u0131n\u0131n en az bir d&ouml;neminde etkisi alt\u0131na ald\u0131\u011f\u0131n\u0131 g&ouml;steriyor. Bu da 16-75 ya\u015f aras\u0131ndaki n&uuml;fusun i&ccedil;inde en az 1,5 milyon ki\u015finin depresyonun etkisi alt\u0131nda oldu\u011fu anlam\u0131na geliyor. Depresyon ayr\u0131ca, \u0130ngiltere&rsquo;deki intiharlar\u0131n y&uuml;zde 70&rsquo;inde temel etkenlerden biri kabul ediliyor.&nbsp;<\/p>\n","protected":false},"excerpt":{"rendered":"<p>\u0130ngiltere&rsquo;de aile hekimlerinin rekor seviyede ki\u015fiye antidepresan verdi\u011fi, sadece ge&ccedil;en bir y\u0131l i&ccedil;inde 31 milyon m&uuml;sekkin ila&ccedil; re&ccedil;etesi yaz\u0131ld\u0131\u011f\u0131 a&ccedil;\u0131kland\u0131.&#46;&#46;&#46;<\/p>\n","protected":false},"author":1,"featured_media":0,"comment_status":"closed","ping_status":"closed","sticky":false,"template":"","format":"standard","meta":{"_jetpack_memberships_contains_paid_content":false,"footnotes":""},"categories":[1],"tags":[],"class_list":["post-3288","post","type-post","status-publish","format-standard","hentry","category-ced"],"aioseo_notices":[],"jetpack_featured_media_url":"","jetpack_sharing_enabled":true,"jetpack-related-posts":[],"_links":{"self":[{"href":"http:\/\/www.ced.org.tr\/index.php?rest_route=\/wp\/v2\/posts\/3288","targetHints":{"allow":["GET"]}}],"collection":[{"href":"http:\/\/www.ced.org.tr\/index.php?rest_route=\/wp\/v2\/posts"}],"about":[{"href":"http:\/\/www.ced.org.tr\/index.php?rest_route=\/wp\/v2\/types\/post"}],"author":[{"embeddable":true,"href":"http:\/\/www.ced.org.tr\/index.php?rest_route=\/wp\/v2\/users\/1"}],"replies":[{"embeddable":true,"href":"http:\/\/www.ced.org.tr\/index.php?rest_route=%2Fwp%2Fv2%2Fcomments&post=3288"}],"version-history":[{"count":0,"href":"http:\/\/www.ced.org.tr\/index.php?rest_route=\/wp\/v2\/posts\/3288\/revisions"}],"wp:attachment":[{"href":"http:\/\/www.ced.org.tr\/index.php?rest_route=%2Fwp%2Fv2%2Fmedia&parent=3288"}],"wp:term":[{"taxonomy":"category","embeddable":true,"href":"http:\/\/www.ced.org.tr\/index.php?rest_route=%2Fwp%2Fv2%2Fcategories&post=3288"},{"taxonomy":"post_tag","embeddable":true,"href":"http:\/\/www.ced.org.tr\/index.php?rest_route=%2Fwp%2Fv2%2Ftags&post=3288"}],"curies":[{"name":"wp","href":"https:\/\/api.w.org\/{rel}","templated":true}]}}