{"id":3290,"date":"2007-05-17T14:04:56","date_gmt":"2007-05-17T11:04:56","guid":{"rendered":"http:\/\/www.ced.org.tr\/?p=3290"},"modified":"2007-05-17T14:04:56","modified_gmt":"2007-05-17T11:04:56","slug":"14-mayis-eczacilik-gunu-kutlandi","status":"publish","type":"post","link":"http:\/\/www.ced.org.tr\/?p=3290","title":{"rendered":"14 MAYIS ECZACILIK G\u00dcN\u00dc KUTLANDI"},"content":{"rendered":"<p>14 May\u0131s Eczac\u0131l\u0131k G&uuml;n&uuml;&nbsp; \u0130stanbul Eczac\u0131 Odas\u0131 taraf\u0131ndan d&uuml;zenlenen bir dizi etkinlik ile kutland\u0131. 13 May\u0131s 2007 pazar g&uuml;n&uuml; yap\u0131lan kutlama etkinliklerinin ilkinde Galatasaray Lisesi &ouml;ninde ba\u015flay\u0131p Taksim Meydan\u0131nda son bulan bir y&uuml;r&uuml;y&uuml;\u015f d&uuml;zenlendi. Maliye Bakanl\u0131\u011f\u0131nca eczac\u0131lara dayat\u0131lmak istenen ve kurumlara yap\u0131lan iskontolar\u0131n ucunu a&ccedil;\u0131k b\u0131rakan uygulaman\u0131n protesto edildi\u011fi bu y&uuml;r&uuml;y&uuml;\u015f&uuml;n ard\u0131ndan Nippon hotelde d&uuml;zenlenen 14 MAy\u0131s Eczac\u0131l\u0131k G&uuml;n&uuml; program\u0131na ge&ccedil;ildi.<\/p>\n<p>Marmara &Uuml;niversitesi ve Yeditepe &Uuml;niversitesi Eczac\u0131l\u0131k Fak&uuml;ltesi Dekanlar\u0131n\u0131n &ccedil;a\u011fr\u0131l\u0131 oldu\u011fu bu a&ccedil;\u0131l\u0131\u015f program\u0131n\u0131 &Uuml;&ccedil;bant Bilardo Turnuvas\u0131 &Ouml;d&uuml;l T&ouml;reni ve Tekerlekli Sandalye Kampanyas\u0131 Kamsam\u0131nda engellilere tekerlekli sandalyelerinin verilmesi izledi.<\/p>\n<p>Kutlama program\u0131n\u0131n &ouml;\u011fleden sonraki aya\u011f\u0131nda ise iki &ouml;nemli etkinlik vard\u0131.<\/p>\n<p>\u0130lki\u015fnde Prof.Dr. Fikret Vehbi \u0130ZZETT\u0130N&#39;\u0130N &quot;Eczac\u0131l\u0131\u011f\u0131n Geli\u015fen Y&uuml;z&uuml;, Klinik Eczac\u0131l\u0131k ve Farmas&ouml;tik Bak\u0131m&quot; konulu sunumu yer ald\u0131.<\/p>\n<p>15:30&#39;da ba\u015flayan panelin konusu ise &quot;Genel Se&ccedil;imlere Do\u011fru &Uuml;lkemizin Sa\u011fl\u0131k ve \u0130la&ccedil; Politikalar\u0131na Bak\u0131\u015f&#39;t\u0131&quot;.Panelde ila&ccedil; ve sa\u011fl\u0131k politikalar\u0131n\u0131n sa\u011fl\u0131ks\u0131zl\u0131\u011f\u0131 g&uuml;ndem edildi.<\/p>\n<p>14 May\u0131s Eczac\u0131l\u0131k G&uuml;ni Etkinlikleri kokteyl ve Ezginin G&uuml;nl&uuml;\u011f&uuml; konseri ile sona erdi.<\/p>\n","protected":false},"excerpt":{"rendered":"<p>14 May\u0131s Eczac\u0131l\u0131k G&uuml;n&uuml;&nbsp; \u0130stanbul Eczac\u0131 Odas\u0131 taraf\u0131ndan d&uuml;zenlenen bir dizi etkinlik ile kutland\u0131. 13 May\u0131s 2007 pazar g&uuml;n&uuml; yap\u0131lan&#46;&#46;&#46;<\/p>\n","protected":false},"author":1,"featured_media":0,"comment_status":"closed","ping_status":"closed","sticky":false,"template":"","format":"standard","meta":{"_jetpack_memberships_contains_paid_content":false,"footnotes":""},"categories":[1],"tags":[],"class_list":["post-3290","post","type-post","status-publish","format-standard","hentry","category-ced"],"aioseo_notices":[],"jetpack_featured_media_url":"","jetpack_sharing_enabled":true,"jetpack-related-posts":[],"_links":{"self":[{"href":"http:\/\/www.ced.org.tr\/index.php?rest_route=\/wp\/v2\/posts\/3290","targetHints":{"allow":["GET"]}}],"collection":[{"href":"http:\/\/www.ced.org.tr\/index.php?rest_route=\/wp\/v2\/posts"}],"about":[{"href":"http:\/\/www.ced.org.tr\/index.php?rest_route=\/wp\/v2\/types\/post"}],"author":[{"embeddable":true,"href":"http:\/\/www.ced.org.tr\/index.php?rest_route=\/wp\/v2\/users\/1"}],"replies":[{"embeddable":true,"href":"http:\/\/www.ced.org.tr\/index.php?rest_route=%2Fwp%2Fv2%2Fcomments&post=3290"}],"version-history":[{"count":0,"href":"http:\/\/www.ced.org.tr\/index.php?rest_route=\/wp\/v2\/posts\/3290\/revisions"}],"wp:attachment":[{"href":"http:\/\/www.ced.org.tr\/index.php?rest_route=%2Fwp%2Fv2%2Fmedia&parent=3290"}],"wp:term":[{"taxonomy":"category","embeddable":true,"href":"http:\/\/www.ced.org.tr\/index.php?rest_route=%2Fwp%2Fv2%2Fcategories&post=3290"},{"taxonomy":"post_tag","embeddable":true,"href":"http:\/\/www.ced.org.tr\/index.php?rest_route=%2Fwp%2Fv2%2Ftags&post=3290"}],"curies":[{"name":"wp","href":"https:\/\/api.w.org\/{rel}","templated":true}]}}