{"id":3296,"date":"2007-06-11T16:06:49","date_gmt":"2007-06-11T13:06:49","guid":{"rendered":"http:\/\/www.ced.org.tr\/?p=3296"},"modified":"2007-06-11T16:06:49","modified_gmt":"2007-06-11T13:06:49","slug":"anayasa-mahkemesinin-iptal-karari-deliniyor","status":"publish","type":"post","link":"http:\/\/www.ced.org.tr\/?p=3296","title":{"rendered":"&#8220;ANAYASA MAHKEMES\u0130&#8217;N\u0130N \u0130PTAL KARARI DEL\u0130N\u0130YOR&#8221;"},"content":{"rendered":"<p>T&uuml;rk-\u0130\u015f ve T&uuml;rk Tabipleri Birli\u011fi (TTB), Anayasa Mahkemesi&#39;nin baz\u0131 h&uuml;k&uuml;mlerini iptal etti\u011fi 5510 say\u0131l\u0131 Sosyal G&uuml;venlik Yasas\u0131&#39;n\u0131n yeni bir tebli\u011fle uygulanmak istendi\u011fini &ouml;ne s&uuml;rd&uuml;. Sosyal G&uuml;venlik Kurumu&#39;nca 25 May\u0131s 2007 tarihli Resmi Gazete&#39;de yay\u0131mlanan ve 15 Haziran 2007&#39;den itibaren y&uuml;r&uuml;rl&uuml;\u011fe girecek tebli\u011fe g&ouml;re, i\u015f&ccedil;i, Ba\u011f-Kur&#39;lu ve emekliler, kurumla s&ouml;zle\u015fmesi bulunan &uuml;niversite hastaneleri ve &ouml;zel hastanelere sevksiz do\u011frudan ba\u015fvurabilecekler. Ba\u015fvuru s\u0131ras\u0131nda 95 YKr muayene kat\u0131l\u0131m pay\u0131 &ouml;denecek. Maliye Bakanl\u0131\u011f\u0131 da bir uygulama genelgesi &ccedil;\u0131kard\u0131. <br \/>T&uuml;rk-\u0130\u015f Ara\u015ft\u0131rma M&uuml;d&uuml;r Yard\u0131mc\u0131s\u0131 Nam\u0131k Tan, bu tebli\u011fle hastanelerin birer i\u015fletme olarak g&ouml;r&uuml;ld&uuml;\u011f&uuml;n&uuml;, poliklinik muayene kat\u0131l\u0131m <br \/>pay\u0131n\u0131n al\u0131nmas\u0131nda memurlar\u0131n kapsam d\u0131\u015f\u0131 tutularak tek &ccedil;at\u0131 ve e\u015fitli\u011fe ayk\u0131r\u0131 davran\u0131ld\u0131\u011f\u0131n\u0131 belirtti. Tan &quot;Anayasa Mahkemesi&#39;nin iptal etti\u011fi bir kanunun tebli\u011f ad\u0131 alt\u0131nda uygulanmaya &ccedil;al\u0131\u015f\u0131lmas\u0131n\u0131n hukuk devletinde yeri yoktur&quot; dedi. <\/p>\n<p><strong>Hekimlerin g&ouml;r&uuml;\u015f&uuml;<\/strong> <br \/>TTB a&ccedil;\u0131klamas\u0131nda da, sevk zincirinin kald\u0131r\u0131lmas\u0131n\u0131n bir aldatmaca oldu\u011fu, AKP h&uuml;k&uuml;metinin se&ccedil;im pop&uuml;lizmi yapt\u0131\u011f\u0131, sevk zincirinin kald\u0131r\u0131lmas\u0131yla hastanelerde bir y\u0131\u011f\u0131lma ve kaotik durum yarat\u0131laca\u011f\u0131 belirtildi. A&ccedil;\u0131klamada, &ouml;zel sa\u011fl\u0131k sekt&ouml;r&uuml;ne sosyal g&uuml;venlik fonlardan kaynak aktar\u0131lmak istendi\u011fi, vatanda\u015f\u0131n resmi katk\u0131 pay\u0131 d\u0131\u015f\u0131nda bir de ek &uuml;cret &ouml;demek zorunda kalaca\u011f\u0131 hat\u0131rlat\u0131ld\u0131. <br \/>TTB a&ccedil;\u0131klamas\u0131nda &quot;Anayasa Mahkemesi&#39;nce iptal edilen Genel Sa\u011fl\u0131k Sigortas\u0131, Maliye Bakanl\u0131\u011f\u0131 genelgesiyle uygulanmak isteniyor&quot; denildi.<\/p>\n","protected":false},"excerpt":{"rendered":"<p>T&uuml;rk-\u0130\u015f ve T&uuml;rk Tabipleri Birli\u011fi (TTB), Anayasa Mahkemesi&#39;nin baz\u0131 h&uuml;k&uuml;mlerini iptal etti\u011fi 5510 say\u0131l\u0131 Sosyal G&uuml;venlik Yasas\u0131&#39;n\u0131n yeni bir tebli\u011fle&#46;&#46;&#46;<\/p>\n","protected":false},"author":1,"featured_media":0,"comment_status":"closed","ping_status":"closed","sticky":false,"template":"","format":"standard","meta":{"_jetpack_memberships_contains_paid_content":false,"footnotes":""},"categories":[1],"tags":[],"class_list":["post-3296","post","type-post","status-publish","format-standard","hentry","category-ced"],"aioseo_notices":[],"jetpack_featured_media_url":"","jetpack_sharing_enabled":true,"jetpack-related-posts":[],"_links":{"self":[{"href":"http:\/\/www.ced.org.tr\/index.php?rest_route=\/wp\/v2\/posts\/3296","targetHints":{"allow":["GET"]}}],"collection":[{"href":"http:\/\/www.ced.org.tr\/index.php?rest_route=\/wp\/v2\/posts"}],"about":[{"href":"http:\/\/www.ced.org.tr\/index.php?rest_route=\/wp\/v2\/types\/post"}],"author":[{"embeddable":true,"href":"http:\/\/www.ced.org.tr\/index.php?rest_route=\/wp\/v2\/users\/1"}],"replies":[{"embeddable":true,"href":"http:\/\/www.ced.org.tr\/index.php?rest_route=%2Fwp%2Fv2%2Fcomments&post=3296"}],"version-history":[{"count":0,"href":"http:\/\/www.ced.org.tr\/index.php?rest_route=\/wp\/v2\/posts\/3296\/revisions"}],"wp:attachment":[{"href":"http:\/\/www.ced.org.tr\/index.php?rest_route=%2Fwp%2Fv2%2Fmedia&parent=3296"}],"wp:term":[{"taxonomy":"category","embeddable":true,"href":"http:\/\/www.ced.org.tr\/index.php?rest_route=%2Fwp%2Fv2%2Fcategories&post=3296"},{"taxonomy":"post_tag","embeddable":true,"href":"http:\/\/www.ced.org.tr\/index.php?rest_route=%2Fwp%2Fv2%2Ftags&post=3296"}],"curies":[{"name":"wp","href":"https:\/\/api.w.org\/{rel}","templated":true}]}}