{"id":3298,"date":"2007-06-14T18:00:03","date_gmt":"2007-06-14T15:00:03","guid":{"rendered":"http:\/\/www.ced.org.tr\/?p=3298"},"modified":"2007-06-14T18:00:03","modified_gmt":"2007-06-14T15:00:03","slug":"mehmet-domac-istifa-etti","status":"publish","type":"post","link":"http:\/\/www.ced.org.tr\/?p=3298","title":{"rendered":"MEHMET DOMA\u00c7 \u0130ST\u0130FA ETT\u0130"},"content":{"rendered":"<p class=\"clr\">Beklenen istifa nihayet ger&ccedil;ekle\u015fti.<\/p>\n<p class=\"clr\">TEB Ba\u015fkan\u0131 Mehmet DOMA&Ccedil;&#39;\u0131n istifas\u0131 &uuml;zerine merkez heyeti 14.06.2007 tarihinde toplanarak yeni ba\u015fkanl\u0131k divan\u0131n\u0131 belirledi. Yap\u0131lan g&ouml;rev b&ouml;l&uuml;m&uuml; sonucunda yeni ba\u015fkanl\u0131k divan\u0131 &uuml;yeleri<\/p>\n<p><span style=\"font-size: 11pt; font-family: Verdana\">Ba\u015fkan:<span>&nbsp;&nbsp;&nbsp;&nbsp;&nbsp;&nbsp;&nbsp;&nbsp;&nbsp;&nbsp;&nbsp;&nbsp;&nbsp;&nbsp;&nbsp; <\/span>Ecz.Erdo\u011fan &Ccedil;olak<\/span><\/p>\n<p><span style=\"font-size: 11pt; font-family: Verdana\">II.Ba\u015fkan:<span>&nbsp;&nbsp;&nbsp;&nbsp;&nbsp;&nbsp;&nbsp;&nbsp;&nbsp;&nbsp;&nbsp;&nbsp; <\/span>Ecz.Alaaddin I\u015f\u0131k<\/span><\/p>\n<p><span style=\"font-size: 11pt; font-family: Verdana\">Genel Sekreter:<span>&nbsp;&nbsp;&nbsp;&nbsp; <\/span>Ecz.Serta&ccedil; &Ouml;zmen<\/span><\/p>\n<p><span style=\"font-size: 11pt; font-family: Verdana\">Sayman:<span>&nbsp;&nbsp;&nbsp;&nbsp;&nbsp;&nbsp;&nbsp;&nbsp;&nbsp;&nbsp;&nbsp;&nbsp;&nbsp;&nbsp; <\/span>Ecz.F\u0131rat Ate\u015f&#39;ten olu\u015ftu.<\/span><\/p>\n<p><span style=\"font-size: 11pt; font-family: Verdana\">Ba\u015fkanl\u0131k d\u0131\u015f\u0131nda kalan merkez heyeti &uuml;yeleri ise;<\/span><\/p>\n<p><span style=\"font-size: 11pt; font-family: Verdana\">Ecz.M.Ekrem E\u015fkinat<\/span><\/p>\n<p><span style=\"font-size: 11pt; font-family: Verdana\">Ecz.Metin Kocag&uuml;l<\/span><\/p>\n<p><span style=\"font-size: 11pt; font-family: Verdana\">Ecz.N&uuml;khet Tartan<\/span><\/p>\n<p><span style=\"font-size: 11pt; font-family: Verdana\">Ecz.Sabih Tekin &Ccedil;a\u011flar<\/span><\/p>\n<p><span style=\"font-size: 11pt; font-family: Verdana\">Ecz.Mustafa G&ouml;nen<\/span><\/p>\n<p><span style=\"font-size: 11pt; font-family: Verdana\">Ecz.&Ccedil;a\u011fatay &Ccedil;akar<\/span><\/p>\n<p><span style=\"font-size: 11pt; font-family: Verdana\">Ecz.Ali Aslan <\/span><span style=\"font-size: 11pt; font-family: Verdana\">&nbsp;<\/span><\/p>\n","protected":false},"excerpt":{"rendered":"<p>Beklenen istifa nihayet ger&ccedil;ekle\u015fti. TEB Ba\u015fkan\u0131 Mehmet DOMA&Ccedil;&#39;\u0131n istifas\u0131 &uuml;zerine merkez heyeti 14.06.2007 tarihinde toplanarak yeni ba\u015fkanl\u0131k divan\u0131n\u0131 belirledi. Yap\u0131lan&#46;&#46;&#46;<\/p>\n","protected":false},"author":1,"featured_media":0,"comment_status":"closed","ping_status":"closed","sticky":false,"template":"","format":"standard","meta":{"_jetpack_memberships_contains_paid_content":false,"footnotes":""},"categories":[1],"tags":[],"class_list":["post-3298","post","type-post","status-publish","format-standard","hentry","category-ced"],"aioseo_notices":[],"jetpack_featured_media_url":"","jetpack_sharing_enabled":true,"jetpack-related-posts":[],"_links":{"self":[{"href":"http:\/\/www.ced.org.tr\/index.php?rest_route=\/wp\/v2\/posts\/3298","targetHints":{"allow":["GET"]}}],"collection":[{"href":"http:\/\/www.ced.org.tr\/index.php?rest_route=\/wp\/v2\/posts"}],"about":[{"href":"http:\/\/www.ced.org.tr\/index.php?rest_route=\/wp\/v2\/types\/post"}],"author":[{"embeddable":true,"href":"http:\/\/www.ced.org.tr\/index.php?rest_route=\/wp\/v2\/users\/1"}],"replies":[{"embeddable":true,"href":"http:\/\/www.ced.org.tr\/index.php?rest_route=%2Fwp%2Fv2%2Fcomments&post=3298"}],"version-history":[{"count":0,"href":"http:\/\/www.ced.org.tr\/index.php?rest_route=\/wp\/v2\/posts\/3298\/revisions"}],"wp:attachment":[{"href":"http:\/\/www.ced.org.tr\/index.php?rest_route=%2Fwp%2Fv2%2Fmedia&parent=3298"}],"wp:term":[{"taxonomy":"category","embeddable":true,"href":"http:\/\/www.ced.org.tr\/index.php?rest_route=%2Fwp%2Fv2%2Fcategories&post=3298"},{"taxonomy":"post_tag","embeddable":true,"href":"http:\/\/www.ced.org.tr\/index.php?rest_route=%2Fwp%2Fv2%2Ftags&post=3298"}],"curies":[{"name":"wp","href":"https:\/\/api.w.org\/{rel}","templated":true}]}}