{"id":3301,"date":"2007-06-22T18:24:03","date_gmt":"2007-06-22T15:24:03","guid":{"rendered":"http:\/\/www.ced.org.tr\/?p=3301"},"modified":"2007-06-22T18:24:03","modified_gmt":"2007-06-22T15:24:03","slug":"47-eczaci-odasi-baskanindan-ortak-aciklama","status":"publish","type":"post","link":"http:\/\/www.ced.org.tr\/?p=3301","title":{"rendered":"47 ECZACI ODASI BA\u015eKANINDAN ORTAK A\u00c7IKLAMA"},"content":{"rendered":"<p><em>&nbsp;&nbsp;&nbsp;&nbsp; T&uuml;rk Eczac\u0131lar\u0131 Birli\u011fi&rsquo;ni olu\u015fturan 47 Eczac\u0131 Odas\u0131&rsquo;n\u0131n Ba\u015fkanlar\u0131 taraf\u0131ndan Sn. Ba\u015fbakan&rsquo;a, ilgili Bakanl\u0131klara, eczac\u0131 milletvekillerine, Sosyal G&uuml;venlik Kurumu Ba\u015fkanl\u0131\u011f\u0131&rsquo;na, siyasi parti genel merkezlerine ve bas\u0131n yay\u0131n kurulu\u015flar\u0131na ula\u015ft\u0131r\u0131lan ortak metni a\u015fa\u011f\u0131da meslekta\u015flar\u0131m\u0131z\u0131n bilgisine sunuyoruz:<\/em><\/p>\n<p>&nbsp;&nbsp;&nbsp;&nbsp;&nbsp;&nbsp;25 May\u0131s 2007 tarihli Resmi Gazete&rsquo;de yay\u0131mlanan Sa\u011fl\u0131k Uygulama Tebli\u011fi&rsquo;yle; &ouml;nceki y\u0131llarda yay\u0131mlanan Tebli\u011flerden farkl\u0131 olarak, T&uuml;rk Eczac\u0131lar\u0131 Birli\u011fi ile m&uuml;zakere edilerek, kar\u015f\u0131l\u0131kl\u0131 uzla\u015f\u0131 sonucu Protokol metninde yer almas\u0131 gereken pek &ccedil;ok h&uuml;k&uuml;m, tek tarafl\u0131 olarak tebli\u011f kapsam\u0131na al\u0131nm\u0131\u015f, adeta bir dayatma \u015feklinde ve oldubittiye getirilerek uygulamaya sokulmu\u015ftur. <\/p>\n<ul>\n<li>G&uuml;n&uuml;birlik tedavi ad\u0131 alt\u0131nda, eczac\u0131l\u0131k mevzuat\u0131na ve t\u0131p literat&uuml;r&uuml;ne tamamen ayk\u0131r\u0131 olarak zorlama bir tan\u0131mlama getirilmi\u015f, ayaktan tedavi kapsam\u0131ndaki ila&ccedil;lar\u0131n hastane eczanelerinden temininin &ouml;n&uuml; a&ccedil;\u0131lm\u0131\u015ft\u0131r. <\/li>\n<li>Raporlu hastalar\u0131n, hekime gitmeden ila&ccedil;lar\u0131n\u0131 s&ouml;zle\u015fmeli eczanelerden re&ccedil;etesiz olarak temininin, halk sa\u011fl\u0131\u011f\u0131 a&ccedil;\u0131s\u0131ndan do\u011furaca\u011f\u0131 sak\u0131ncalar g&ouml;z ard\u0131 edilmi\u015ftir. <\/li>\n<li>Yatan Hasta re&ccedil;etelerinin 120 g&uuml;n sonra hastane eczaneleri d\u0131\u015f\u0131nda kesinlikle kar\u015f\u0131lanamayacak olmas\u0131, hastane eczanesinde olas\u0131 bir ila&ccedil; eksikli\u011finde telafisi m&uuml;mk&uuml;n olmayan sonu&ccedil;lar do\u011furacakt\u0131r. <\/li>\n<li>Ba\u011f-Kur ve SSK&rsquo;l\u0131 hastalar\u0131n sa\u011fl\u0131k kurum ve kurulu\u015flar\u0131na &ouml;demeleri gereken muayene &uuml;cretlerinin eczanelerce tahsili h&uuml;km&uuml; getirilmi\u015ftir. Hastaya izah\u0131 m&uuml;mk&uuml;n olmayan bu uygulaman\u0131n yasal dayana\u011f\u0131 da belirtilmemi\u015ftir. <\/li>\n<li>Re&ccedil;ete te\u015fhislerinde t\u0131p literat&uuml;r&uuml;ne ge&ccedil;mi\u015f olan k\u0131saltmalar dahi kabul edilmemektedir. Bu k\u0131s\u0131tlama, hastalar\u0131 eczanelerden doktora geri d&ouml;nd&uuml;rmekte, anlams\u0131z yere ma\u011fdur etmekte ve pratikte hi&ccedil;bir fayda sa\u011flamamaktad\u0131r.<\/li>\n<\/ul>\n<p>&nbsp;&nbsp;&nbsp;&nbsp;&nbsp;&nbsp;Sa\u011fl\u0131k Uygulama Tebli\u011fi&rsquo;nde yukar\u0131daki konu ba\u015fl\u0131klar\u0131n\u0131n d\u0131\u015f\u0131nda bir&ccedil;ok eksiklikler de bulunmaktad\u0131r. Ayr\u0131ca; <\/p>\n<p>&nbsp;&nbsp;&nbsp;&nbsp;&nbsp;&nbsp;Re&ccedil;ete kontrollerini h\u0131zland\u0131rmak amac\u0131yla &ccedil;\u0131kar\u0131lan <strong>13 Haziran 2007 tarihli &ouml;rnekleme y&ouml;ntemine ili\u015fkin Genelge<\/strong>, T&uuml;rk Eczac\u0131lar\u0131 Birli\u011fi ve Eczac\u0131 Odalar\u0131n\u0131n g&ouml;r&uuml;\u015f ve &ouml;nerileri de\u011ferlendirilmeden yay\u0131mlanm\u0131\u015ft\u0131r.<\/p>\n<p>&nbsp;&nbsp;&nbsp;&nbsp;&nbsp;&nbsp;2007 y\u0131l\u0131 protokol&uuml; hen&uuml;z imzalanmam\u0131\u015f, hatta tasla\u011f\u0131 bile bizlerle payla\u015f\u0131lmam\u0131\u015fken, bir an &ouml;nce s&ouml;zle\u015fmeli eczanelerin &ouml;rnekleme y&ouml;ntemini kabul etmesine y&ouml;nelik &ccedil;abalar, meslekta\u015flar\u0131m\u0131z\u0131 tedirgin etmektedir. <strong>&Ccedil;&uuml;nk&uuml; y&ouml;ntemi kabul eden ve etmeyen meslekta\u015flar\u0131m\u0131z\u0131n bu uygulamadan nas\u0131l etkilenecekleri, ancak 2007 protokol&uuml; ile netlik kazanacakt\u0131r.<\/strong><\/p>\n<p>&nbsp;&nbsp;&nbsp;&nbsp;&nbsp;&nbsp;&Ouml;rnekleme y&ouml;ntemi; bu haliyle kabul edilmesi m&uuml;mk&uuml;n olmayan, son derece sak\u0131ncal\u0131 d&uuml;zenlemeler i&ccedil;ermektedir. Uygulamay\u0131 kabul edenlerin, karar\u0131n\u0131 y\u0131lda bir kez Aral\u0131k ay\u0131nda de\u011fi\u015ftirebilecek olmalar\u0131, buna kar\u015f\u0131n kabul etmeyenlerin, istedikleri anda bu sisteme d&acirc;hil olabilmeleri, Sosyal G&uuml;venlik Kurumu&rsquo;nun bu konudaki zorlay\u0131c\u0131 tutumunu a&ccedil;\u0131k&ccedil;a g&ouml;zler &ouml;n&uuml;ne sermektedir.<\/p>\n<p>&nbsp;&nbsp;&nbsp;&nbsp;&nbsp;&nbsp;Bu sebeplerden dolay\u0131 biz <strong>Eczac\u0131 Odas\u0131 Ba\u015fkanlar\u0131, 2007 SGK Sa\u011fl\u0131k Uygulama Tebli\u011fi ve &Ouml;rnekleme Y&ouml;ntemi Genelgesi konular\u0131nda TEB ve B&ouml;lge Eczac\u0131 Odalar\u0131&rsquo;n\u0131n g&ouml;r&uuml;\u015fleri al\u0131narak gerekli d&uuml;zeltmelerin ivedilikle yap\u0131lmas\u0131n\u0131 bekliyoruz. <u>Genelgeyi bu haliyle kabul etmemiz m&uuml;mk&uuml;n de\u011fildir.<\/u><\/strong><\/p>\n<p>&nbsp;&nbsp;&nbsp;&nbsp;&nbsp;&nbsp;T&uuml;m olumsuzluklara ra\u011fmen, 24.000 serbest eczanenin &uuml;retti\u011fi ila&ccedil; eczac\u0131l\u0131k hizmeti, &uuml;lkemizde aksamadan s&uuml;rerken ve toplumun her kesiminden daha fazla fedak&acirc;rl\u0131k meslekta\u015flar\u0131m\u0131z taraf\u0131ndan yap\u0131l\u0131rken, sald\u0131r\u0131 boyutundaki d&uuml;zenlemelerle \u0131srarla &uuml;zerimize gelinmektedir. <strong>Bu noktada mesle\u011fimizi ve gelece\u011fimizi korumak ad\u0131na g&ouml;sterece\u011fimiz kitlesel kar\u015f\u0131 duru\u015fun sonu&ccedil;lar\u0131n\u0131n sorumlusu biz olmayaca\u011f\u0131z, bu noktaya gelmemek i&ccedil;in t&uuml;m yetkilileri sesimize kulak vermeye &ccedil;a\u011f\u0131r\u0131yoruz.<\/strong><\/p>\n<p>Ecz. Zafer KAPLAN<br \/>1. B&ouml;lge \u0130stanbul Eczac\u0131 Odas\u0131 Ba\u015fkan\u0131<\/p>\n<p>Ecz. Hilmi \u015eENER<br \/>2. B&ouml;lge Ankara Eczac\u0131 Odas\u0131 Ba\u015fkan\u0131<\/p>\n<p>Ecz. Tuncay SAYILKAN <br \/>3. B&ouml;lge \u0130zmir Eczac\u0131 Odas\u0131 Ba\u015fkan\u0131<\/p>\n<p>Ecz. Burhanettin BULUT<br \/>4. B&ouml;lge Adana Eczac\u0131 Odas\u0131 Ba\u015fkan\u0131<\/p>\n<p>Ecz. Harun KIZILAY<br \/>5. B&ouml;lge Konya Eczac\u0131 Odas\u0131 Ba\u015fkan\u0131<\/p>\n<p>Ecz. G&ouml;n&uuml;l BERKER<br \/>6. B&ouml;lge Samsun Eczac\u0131 Odas\u0131 Ba\u015fkan\u0131<\/p>\n<p>Ecz. Deniz \u0130&Ccedil;ER<br \/>7. B&ouml;lge Bursa Eczac\u0131 Odas\u0131 Ba\u015fkan\u0131<\/p>\n<p>Ecz. Mustafa BALIK<br \/>8. B&ouml;lge Gaziantep Eczac\u0131 Odas\u0131 Ba\u015fkan\u0131<\/p>\n<p>Ecz.Mukaddes Harmanc\u0131o\u011flu<br \/>9. B&ouml;lge Eski\u015fehir Eczac\u0131 Odas\u0131 Ba\u015fkan\u0131<\/p>\n<p>Ecz. Havva KURNAZ<br \/>10. B&ouml;lge Antalya Eczac\u0131 Odas\u0131 Ba\u015fkan\u0131<\/p>\n<p>Ecz. Ferat DE\u011eER<br \/>11. B&ouml;lge Diyarbak\u0131r Eczac\u0131 Odas\u0131 Ba\u015fkan\u0131<\/p>\n<p>Ecz. B&uuml;lent &Uuml;NSAL<br \/>12. B&ouml;lge Kayseri Eczac\u0131 Odas\u0131 Ba\u015fkan\u0131<\/p>\n<p>Ecz. Hasan Fehmi ALTINTA\u015e<br \/>13. B&ouml;lge Erzurum Eczac\u0131 Odas\u0131 Ba\u015fkan\u0131<\/p>\n<p>Ecz. Mustafa H&Uuml;DAY\u0130O\u011eLU<br \/>14. B&ouml;lge K.Mara\u015f Eczac\u0131 Odas\u0131 Ba\u015fkan\u0131<\/p>\n<p>Ecz. R. Ziya &Ouml;RMEC\u0130<br \/>15. B&ouml;lge Isparta Eczac\u0131 Odas\u0131 Ba\u015fkan\u0131<\/p>\n<p>Ecz. \u0130smail BA\u015eD\u0130L<br \/>16. B&ouml;lge Denizli Eczac\u0131 Odas\u0131 Ba\u015fkan\u0131<\/p>\n<p>Ecz. Sema KARAG&Uuml;LLE<br \/>17. B&ouml;lge Zonguldak Eczac\u0131 Odas\u0131 Ba\u015fkan\u0131<\/p>\n<p>Ecz. Nevzat AKMAN<br \/>18. B&ouml;lge Trabzon Eczac\u0131 Odas\u0131 Ba\u015fkan\u0131<\/p>\n<p>Ecz. Ufuk B. ERS&Ouml;Z<br \/>19. B&ouml;lge Tekirda\u011f Eczac\u0131 Odas\u0131 Ba\u015fkan\u0131<\/p>\n<p>Ecz. F&uuml;sun &Ccedil;ET\u0130N<br \/>20. B&ouml;lge Sakarya Eczac\u0131 Odas\u0131 Ba\u015fkan\u0131<\/p>\n<p>Ecz. \u015eevket KAYA<br \/>21. B&ouml;lge Ayd\u0131n Eczac\u0131 Odas\u0131 Ba\u015fkan\u0131<\/p>\n<p>Ecz. B&uuml;lent K&Ouml;SE<br \/>22. B&ouml;lge Malatya Eczac\u0131 Odas\u0131 Ba\u015fkan\u0131<\/p>\n<p>Ecz. Yavuz TATAR<br \/>23. B&ouml;lge Elaz\u0131\u011f Eczac\u0131 Odas\u0131 Ba\u015fkan\u0131<\/p>\n<p>Ecz. Murat Y&Uuml;R&Uuml;R<br \/>24. B&ouml;lge Ordu Eczac\u0131 Odas\u0131 Ba\u015fkan\u0131<\/p>\n<p>Ecz. H&uuml;seyin \u015e\u0130M\u015eEK<br \/>25. B&ouml;lge Mersin Eczac\u0131 Odas\u0131 Ba\u015fkan\u0131<\/p>\n<p>Ecz. Ay\u015fenur &Ouml;ZDEN<br \/>26. B&ouml;lge Kastamonu Eczac\u0131 Odas\u0131 Ba\u015fkan\u0131<\/p>\n<p>Ecz. Mahmut DOLAP<br \/>27. B&ouml;lge \u015eanl\u0131urfa Eczac\u0131 Odas\u0131 Ba\u015fkan\u0131<\/p>\n<p>Ecz. Mehmet G&Ouml;NEN&Ccedil;<br \/>28. B&ouml;lge Hatay Eczac\u0131 Odas\u0131 Ba\u015fkan\u0131<\/p>\n<p>Ecz. &Ouml;zg&uuml;r &Ouml;ZEL<br \/>29. B&ouml;lge Manisa Eczac\u0131 Odas\u0131 Ba\u015fkan\u0131<\/p>\n<p>Ecz. Adil TOSUNER<br \/>30. B&ouml;lge Bal\u0131kesir Eczac\u0131 Odas\u0131 Ba\u015fkan\u0131<\/p>\n<p>Ecz. Sinan USTA<br \/>31. B&ouml;lge Kocaeli Eczac\u0131 Odas\u0131 Ba\u015fkan\u0131<\/p>\n<p>Ecz. M. Arif YILMAZ<br \/>32. B&ouml;lge Mu\u011fla Eczac\u0131 Odas\u0131 Ba\u015fkan\u0131<\/p>\n<p>Ecz. M&uuml;jgan AYDIN<br \/>33. B&ouml;lge Afyon Eczac\u0131 Odas\u0131 Ba\u015fkan\u0131<\/p>\n<p>Ecz. Naim PEREK<br \/>34. B&ouml;lge Aksaray Eczac\u0131 Odas\u0131 Ba\u015fkan\u0131<\/p>\n<p>Ecz. Hasan Basri KALE<br \/>35. B&ouml;lge K&uuml;tahya Eczac\u0131 Odas\u0131 Ba\u015fkan\u0131<\/p>\n<p>Ecz. Selim BALCI<br \/>36. B&ouml;lge &Ccedil;anakkale Eczac\u0131 Odas\u0131 Ba\u015fkan\u0131<\/p>\n<p>Ecz. U\u011fur AKKU\u015e<br \/>37. B&ouml;lge Sivas Eczac\u0131 Odas\u0131 Ba\u015fkan\u0131<\/p>\n<p>Ecz. A.Murat KE&Ccedil;EC\u0130O\u011eLU<br \/>38. B&ouml;lge Van Eczac\u0131 Odas\u0131 Ba\u015fkan\u0131<\/p>\n<p>Ecz. B&uuml;lent VAREL<br \/>39. B&ouml;lge Edirne Eczac\u0131 Odas\u0131 Ba\u015fkan\u0131<\/p>\n<p>Ecz. Selami &Uuml;ST&Uuml;NDA\u011e<br \/>40. B&ouml;lge K\u0131rklareli Eczac\u0131 Odas\u0131 Ba\u015fkan\u0131<\/p>\n<p>Ecz. M. Ali DURMAZ<br \/>41. B&ouml;lge Tokat Eczac\u0131 Odas\u0131 Ba\u015fkan\u0131<\/p>\n<p>Ecz. Meyse KADEMO\u011eLU<br \/>42. B&ouml;lge Giresun Eczac\u0131 Odas\u0131 Ba\u015fkan\u0131<\/p>\n<p>Ecz. Ecz. Cengiz B\u0130NG&Uuml;L<br \/>43. B&ouml;lge Mardin Eczac\u0131 Odas\u0131 Ba\u015fkan\u0131<\/p>\n<p>Ecz. M. Emin BEYAZ<br \/>44. B&ouml;lge Batman Eczac\u0131 Odas\u0131 Ba\u015fkan\u0131<\/p>\n<p>Ecz. \u015eefkat G&Uuml;LER<br \/>45. B&ouml;lge &Ccedil;orum Eczac\u0131 Odas\u0131 Ba\u015fkan\u0131<\/p>\n<p>Ecz. Halime &Ouml;ZEN<br \/>46. B&ouml;lge U\u015fak Eczac\u0131 Odas\u0131 Ba\u015fkan\u0131<\/p>\n<p>Ecz. Besim G&Ouml;KALP<br \/>47. B&ouml;lge Amasya Eczac\u0131 Odas\u0131 Ba\u015fkan\u0131<\/p>\n","protected":false},"excerpt":{"rendered":"<p>&nbsp;&nbsp;&nbsp;&nbsp; T&uuml;rk Eczac\u0131lar\u0131 Birli\u011fi&rsquo;ni olu\u015fturan 47 Eczac\u0131 Odas\u0131&rsquo;n\u0131n Ba\u015fkanlar\u0131 taraf\u0131ndan Sn. Ba\u015fbakan&rsquo;a, ilgili Bakanl\u0131klara, eczac\u0131 milletvekillerine, Sosyal G&uuml;venlik Kurumu Ba\u015fkanl\u0131\u011f\u0131&rsquo;na,&#46;&#46;&#46;<\/p>\n","protected":false},"author":1,"featured_media":0,"comment_status":"closed","ping_status":"closed","sticky":false,"template":"","format":"standard","meta":{"_jetpack_memberships_contains_paid_content":false,"footnotes":""},"categories":[1],"tags":[],"class_list":["post-3301","post","type-post","status-publish","format-standard","hentry","category-ced"],"aioseo_notices":[],"jetpack_featured_media_url":"","jetpack_sharing_enabled":true,"jetpack-related-posts":[],"_links":{"self":[{"href":"http:\/\/www.ced.org.tr\/index.php?rest_route=\/wp\/v2\/posts\/3301","targetHints":{"allow":["GET"]}}],"collection":[{"href":"http:\/\/www.ced.org.tr\/index.php?rest_route=\/wp\/v2\/posts"}],"about":[{"href":"http:\/\/www.ced.org.tr\/index.php?rest_route=\/wp\/v2\/types\/post"}],"author":[{"embeddable":true,"href":"http:\/\/www.ced.org.tr\/index.php?rest_route=\/wp\/v2\/users\/1"}],"replies":[{"embeddable":true,"href":"http:\/\/www.ced.org.tr\/index.php?rest_route=%2Fwp%2Fv2%2Fcomments&post=3301"}],"version-history":[{"count":0,"href":"http:\/\/www.ced.org.tr\/index.php?rest_route=\/wp\/v2\/posts\/3301\/revisions"}],"wp:attachment":[{"href":"http:\/\/www.ced.org.tr\/index.php?rest_route=%2Fwp%2Fv2%2Fmedia&parent=3301"}],"wp:term":[{"taxonomy":"category","embeddable":true,"href":"http:\/\/www.ced.org.tr\/index.php?rest_route=%2Fwp%2Fv2%2Fcategories&post=3301"},{"taxonomy":"post_tag","embeddable":true,"href":"http:\/\/www.ced.org.tr\/index.php?rest_route=%2Fwp%2Fv2%2Ftags&post=3301"}],"curies":[{"name":"wp","href":"https:\/\/api.w.org\/{rel}","templated":true}]}}