{"id":3302,"date":"2007-06-27T10:58:29","date_gmt":"2007-06-27T07:58:29","guid":{"rendered":"http:\/\/www.ced.org.tr\/?p=3302"},"modified":"2007-06-27T10:58:29","modified_gmt":"2007-06-27T07:58:29","slug":"v-baskanlar-danisma-kurulu-deklarasyonu","status":"publish","type":"post","link":"http:\/\/www.ced.org.tr\/?p=3302","title":{"rendered":"V. BA\u015eKANLAR DANI\u015eMA KURULU DEKLARASYONU"},"content":{"rendered":"<p>&nbsp;&nbsp;&nbsp;&nbsp;&nbsp;&nbsp;25-26 Haziran 2007 tarihlerinde yap\u0131lan, T&uuml;rk Eczac\u0131lar\u0131 Birli\u011fi V. Ba\u015fkanlar Dan\u0131\u015fma Kurulu Toplant\u0131s\u0131 sonucunda, 47 Eczac\u0131 Odas\u0131 Ba\u015fkan\u0131n\u0131n oy birli\u011fiyle ald\u0131\u011f\u0131 kararlar a\u015fa\u011f\u0131dad\u0131r.<br \/>&nbsp;&nbsp;&nbsp;&nbsp;&nbsp;&nbsp;Ge&ccedil;mi\u015f y\u0131llarda eczac\u0131 &ouml;rg&uuml;t&uuml; ile m&uuml;zakere edilerek haz\u0131rlanan ve kar\u015f\u0131l\u0131kl\u0131 imzalanan s&ouml;zle\u015fmelerde yer alan baz\u0131 h&uuml;k&uuml;mler SGK taraf\u0131ndan haz\u0131rlanan 2007 y\u0131l\u0131 Sa\u011fl\u0131k Uygulama Tebli\u011fi kapsam\u0131na al\u0131narak dayatma \u015feklinde uygulamaya konulmak istenmektedir. <\/p>\n<ol>\n<li>2007 SUT&rsquo;ta yer alan;\n<ul>\n<li>Yatan hasta re&ccedil;etelerinin ve &ldquo;g&uuml;n&uuml;birlik tedavi&rdquo; ad\u0131 alt\u0131nda ayaktan tedavide kullan\u0131lan ila&ccedil;lar\u0131n da bu uygulama ile t&uuml;m&uuml;yle serbest eczanelerin kapsam\u0131 d\u0131\u015f\u0131na &ccedil;\u0131kar\u0131larak hastane eczanelerinden kar\u015f\u0131lanmas\u0131 halk sa\u011fl\u0131\u011f\u0131n\u0131 tehdit eden, sa\u011fl\u0131k hizmetinde ciddi aksamalara yol a&ccedil;acak d&uuml;zenlemelerdir. <\/li>\n<li>Ayr\u0131ca, raporlu hastalar\u0131n doktora gitmeden re&ccedil;etesiz ila&ccedil; temin edebilecek olmalar\u0131 s&uuml;rekli takip alt\u0131nda tutulmas\u0131 gereken hastalar\u0131n tedavilerinde aksamalara yol a&ccedil;acakt\u0131r. <\/li>\n<li>Re&ccedil;ete te\u015fhislerindeki t\u0131bbi literat&uuml;re girmi\u015f te\u015fhis k\u0131saltmalar\u0131n\u0131n kabul edilmemesinin do\u011furaca\u011f\u0131 tek sonu&ccedil; hasta ma\u011fduriyetidir. <\/li>\n<li>Muayene &uuml;cretlerinin eczanelerce tahsil edilmesi, yasal dayana\u011f\u0131 olmayan bir uygulama olup eczac\u0131 ile hastay\u0131 kar\u015f\u0131 kar\u015f\u0131ya getirecek sonu&ccedil;lar do\u011furmaktad\u0131r. <\/li>\n<li>Sosyal G&uuml;venlik Kurumu taraf\u0131ndan haz\u0131rlanan Sa\u011fl\u0131k Uygulama Tebli\u011fi&rsquo;nin 13 &uuml;nc&uuml; maddesinde yer alan &ldquo;Kurum, Tebli\u011fin kapsam b&ouml;l&uuml;m&uuml;nde say\u0131lan ki\u015filerin tedavileri i&ccedil;in gerekli olan ila&ccedil; ve gere&ccedil;lerin sa\u011flanmas\u0131n\u0131n m&uuml;mk&uuml;n olmad\u0131\u011f\u0131 hallerde eczaneler ile yap\u0131lacak s&ouml;zle\u015fmeye esas te\u015fkil etmek &uuml;zere T&uuml;rk Eczac\u0131lar\u0131 Birli\u011fi Merkez Heyeti (TEB) ile Protokol imzalamaya yetkilidir. 2007 protokol&uuml; imzalan\u0131ncaya kadar T&uuml;rk Eczac\u0131lar\u0131 Birli\u011fi Merkez Heyeti (TEB) ile 2006 y\u0131l\u0131nda imzalanan devredilen kurumlar\u0131n (Emekli Sand\u0131\u011f\u0131, BA\u011e-KUR ve SSK) protokolleri ge&ccedil;erlidir. <strong><u>Ancak, Kurumca yay\u0131mlanan tebli\u011flerin h&uuml;k&uuml;mleri ile y&uuml;r&uuml;rl&uuml;kteki protokol h&uuml;k&uuml;mlerinin &ccedil;eli\u015fmesi halinde tebli\u011flerde yer alan h&uuml;k&uuml;mler ge&ccedil;erlidir.&rdquo;<\/u><\/strong> h&uuml;km&uuml;n&uuml;n &ccedil;\u0131kar\u0131lmas\u0131 gerekmektedir.<\/li>\n<\/ul>\n<\/li>\n<li>Her y\u0131l eczac\u0131lara yeni y&uuml;kler getiren s&ouml;zle\u015fme h&uuml;k&uuml;mleri, bu y\u0131l daha da a\u011f\u0131rla\u015ft\u0131r\u0131lm\u0131\u015f olup kabul edilemez bir hal alm\u0131\u015ft\u0131r. Eczanelerle yap\u0131lacak olan s&ouml;zle\u015fmeler Kurumun tek tarafl\u0131 belirledi\u011fi ko\u015fullarda de\u011fil, TEB ile kar\u015f\u0131l\u0131kl\u0131 m&uuml;zakere edilerek uzla\u015fma ile haz\u0131rlanmal\u0131d\u0131r. Bu noktadan hareketle, kurum taraf\u0131ndan s&ouml;zle\u015fmenin s&uuml;resinin dolmas\u0131na 5 i\u015f g&uuml;n&uuml; kala, Birli\u011fimize ula\u015ft\u0131r\u0131lan taslak metin incelendi\u011finde, daha &ouml;nce Kurum ile TEB aras\u0131nda yap\u0131lan g&ouml;r&uuml;\u015fmeler sonucunda olu\u015fturulan s&ouml;zle\u015fme tasla\u011f\u0131ndan &ccedil;ok farkl\u0131 bir noktada ve beklentilerimizden olduk&ccedil;a uzak oldu\u011fu g&ouml;zlenmi\u015ftir. <\/li>\n<li>Kurumun y&uuml;k&uuml;ml&uuml;l&uuml;\u011f&uuml; oldu\u011fu halde, re&ccedil;ete kontrollerindeki gecikmeler sebep g&ouml;sterilerek &ouml;ne s&uuml;r&uuml;len &ldquo;&ouml;rnekleme y&ouml;ntemi&rdquo; belirsizlikler i&ccedil;erirken, eczac\u0131lar taraf\u0131ndan ilk fatura ekinde kabul edilip edilmedi\u011finin bildirilmesi zorunlulu\u011fu &uuml;yelerimiz aras\u0131nda endi\u015fe yaratmaktad\u0131r. S&ouml;z konusu y&ouml;ntem TEB ve konuyla ilgili ba\u011f\u0131ms\u0131z bilim adamlar\u0131n\u0131n da i&ccedil;inde bulundu\u011fu bir &ccedil;al\u0131\u015fma grubu taraf\u0131ndan revize edilmelidir. Bu &ccedil;al\u0131\u015fman\u0131n sonu&ccedil;lar\u0131 &uuml;yelerimize her y&ouml;n&uuml;yle anlat\u0131lmal\u0131 ve protokol h&uuml;k&uuml;mleriyle bask\u0131 yap\u0131lmaks\u0131z\u0131n &uuml;yelerimizin tercih yapmas\u0131 sa\u011flanmal\u0131d\u0131r.<\/li>\n<\/ol>\n<p>&nbsp;&nbsp;&nbsp;&nbsp;&nbsp;&nbsp;Sa\u011fl\u0131kta d&ouml;n&uuml;\u015f&uuml;m s&uuml;recinde &ouml;nemli kay\u0131plar ya\u015famalar\u0131na kar\u015f\u0131n, hastalar\u0131 ma\u011fdur etmemek ad\u0131na sa\u011fl\u0131k hizmetini aksatmayan eczac\u0131lar, yukar\u0131da belirtilen olumsuzluklar kar\u015f\u0131s\u0131nda hizmeti s&uuml;rd&uuml;remez noktaya gelmi\u015flerdir. S&ouml;z konusu 2007 y\u0131l\u0131 SUT ve s&ouml;zle\u015fme tasla\u011f\u0131, 01.07.2007 tarihinden itibaren t&uuml;m iyi niyetimize ve &ccedil;abalar\u0131m\u0131za ra\u011fmen s&ouml;zle\u015fme yap\u0131lmas\u0131n\u0131 imkans\u0131z k\u0131lmaktad\u0131r.<\/p>\n<p>&nbsp;&nbsp;&nbsp;&nbsp;&nbsp;&nbsp;Sonu&ccedil; olarak,<\/p>\n<p>&nbsp;&nbsp;&nbsp;&nbsp;&nbsp;&nbsp;Y\u0131llard\u0131r reform ad\u0131 alt\u0131nda meslekta\u015flar\u0131m\u0131za dayat\u0131lan uygulamalar sonlanmad\u0131\u011f\u0131, halk sa\u011fl\u0131\u011f\u0131 konusunda meslek &ouml;rg&uuml;t&uuml;m&uuml;z&uuml;n g&ouml;r&uuml;\u015fleri dikkate al\u0131nmad\u0131\u011f\u0131 takdirde, T&uuml;rkiye genelindeki 24000 eczanenin verdi\u011fi ila&ccedil; ve eczac\u0131l\u0131k hizmetinin durmas\u0131n\u0131n ve olu\u015facak hasta ma\u011fduriyetinin sorumlusu biz eczac\u0131lar olmayaca\u011f\u0131z. <\/p>\n<p>&nbsp;&nbsp;&nbsp;&nbsp;&nbsp;&nbsp;Bu s&uuml;re&ccedil;te, <\/p>\n<ol>\n<li>Temmuz ay\u0131 ba\u015f\u0131nda Kuruma teslim edilecek olan SSK faturalar\u0131 &ouml;ncesi, &ouml;rnekleme metodunun onaylan\u0131p onaylanmamas\u0131na dair istenecek dilek&ccedil;elerin verilmemesi ya da uygulamay\u0131 kabul etmeyen dilek&ccedil;e metni verilmesi, <\/li>\n<li>SSK ile eczane s&ouml;zle\u015fmelerinin sona erdi\u011fi 01.07.2007 tarihinden itibaren elektronik ortamda s&ouml;zle\u015fme ile re&ccedil;ete kar\u015f\u0131lama teklifinin kabul edilmemesi, <\/li>\n<li>29.06.2007 Cuma g&uuml;n&uuml; bas\u0131n a&ccedil;\u0131klamas\u0131 yap\u0131lmas\u0131 <\/li>\n<li>01.07.2007 Pazar g&uuml;n&uuml; tam sayfa gazete ilan\u0131 verilmesi <\/li>\n<li>02.07.2007 Pazartesi g&uuml;n&uuml; eczanelere afi\u015f as\u0131lmas\u0131<\/li>\n<\/ol>\n<p>&nbsp;&nbsp;&nbsp;&nbsp;&nbsp;&nbsp;kararlar\u0131 al\u0131nm\u0131\u015ft\u0131r.<\/p>\n<p>&nbsp;&nbsp;&nbsp;&nbsp;&nbsp;&nbsp;T&uuml;m bu geli\u015fmeler sonucunda herhangi bir sonu&ccedil; al\u0131namad\u0131\u011f\u0131 takdirde, ge&ccedil;mi\u015fte sergiledi\u011fimiz ve t&uuml;m meslek &ouml;rg&uuml;tlerine &ouml;rnek olan kararl\u0131 duru\u015fumuzu tekrar sergileyece\u011fimizi t&uuml;m kamuoyuna bildiririz.<\/p>\n<p>&nbsp;&nbsp;&nbsp;&nbsp;&nbsp;&nbsp;Ayr\u0131ca, s&ouml;zle\u015fme yenilenmemesi durumunda, 01.07.2007 tarihinden itibaren fatural\u0131 ya\u015fama ge&ccedil;ilece\u011fi ihtimaline kar\u015f\u0131, eczac\u0131lar\u0131n ila&ccedil; al\u0131mlar\u0131na dikkat etmesi ve her re&ccedil;eteye bir fatura verilece\u011fi g&ouml;z &ouml;n&uuml;ne al\u0131narak fatura ko&ccedil;anlar\u0131n\u0131n yeterli miktara getirilmesi i&ccedil;in gerekli &ouml;nlemlerin al\u0131nmas\u0131 ya\u015fanacak ma\u011fduriyeti azaltacakt\u0131r.<\/p>\n<table border=\"0\" align=\"center\">\n<tbody>\n<tr>\n<td class=\"NormalYazi\">1. B&ouml;lge \u0130stanbul Eczac\u0131 Odas\u0131 Ba\u015fkan\u0131<br \/>2. B&ouml;lge Ankara Eczac\u0131 Odas\u0131 Ba\u015fkan\u0131<br \/>3. B&ouml;lge \u0130zmir Eczac\u0131 Odas\u0131 Ba\u015fkan\u0131<br \/>4. B&ouml;lge Adana Eczac\u0131 Odas\u0131 Ba\u015fkan\u0131<br \/>5. B&ouml;lge Konya Eczac\u0131 Odas\u0131 Ba\u015fkan\u0131<br \/>6. B&ouml;lge Samsun Eczac\u0131 Odas\u0131 Ba\u015fkan\u0131<br \/>7. B&ouml;lge Bursa Eczac\u0131 Odas\u0131 Ba\u015fkan\u0131<br \/>8. B&ouml;lge Gaziantep Eczac\u0131 Odas\u0131 Ba\u015fkan\u0131<br \/>9. B&ouml;lge Eski\u015fehir Eczac\u0131 Odas\u0131 Ba\u015fkan\u0131<br \/>10. B&ouml;lge Antalya Eczac\u0131 Odas\u0131 Ba\u015fkan\u0131<br \/>11. B&ouml;lge Diyarbak\u0131r Eczac\u0131 Odas\u0131 Ba\u015fkan\u0131<br \/>12. B&ouml;lge Kayseri Eczac\u0131 Odas\u0131 Ba\u015fkan\u0131<br \/>13. B&ouml;lge Erzurum Eczac\u0131 Odas\u0131 Ba\u015fkan\u0131<br \/>14. B&ouml;lge K.Mara\u015f Eczac\u0131 Odas\u0131 Ba\u015fkan\u0131<br \/>15. B&ouml;lge Isparta Eczac\u0131 Odas\u0131 Ba\u015fkan\u0131<br \/>16. B&ouml;lge Denizli Eczac\u0131 Odas\u0131 Ba\u015fkan\u0131<br \/>17. B&ouml;lge Zonguldak Eczac\u0131 Odas\u0131 Ba\u015fkan\u0131<br \/>18. B&ouml;lge Trabzon Eczac\u0131 Odas\u0131 Ba\u015fkan\u0131<br \/>19. B&ouml;lge Tekirda\u011f Eczac\u0131 Odas\u0131 Ba\u015fkan\u0131<br \/>20. B&ouml;lge Sakarya Eczac\u0131 Odas\u0131 Ba\u015fkan\u0131<br \/>21. B&ouml;lge Ayd\u0131n Eczac\u0131 Odas\u0131 Ba\u015fkan\u0131<br \/>22. B&ouml;lge Malatya Eczac\u0131 Odas\u0131 Ba\u015fkan\u0131<br \/>23. B&ouml;lge Elaz\u0131\u011f Eczac\u0131 Odas\u0131 Ba\u015fkan\u0131<br \/>24. B&ouml;lge Ordu Eczac\u0131 Odas\u0131 Ba\u015fkan\u0131<\/td>\n<td>&nbsp;&nbsp;&nbsp;<\/td>\n<td class=\"NormalYazi\">25. B&ouml;lge Mersin Eczac\u0131 Odas\u0131 Ba\u015fkan\u0131<br \/>26. B&ouml;lge Kastamonu Eczac\u0131 Odas\u0131 Ba\u015fkan\u0131<br \/>27. B&ouml;lge \u015eanl\u0131urfa Eczac\u0131 Odas\u0131 Ba\u015fkan\u0131<br \/>28. B&ouml;lge Hatay Eczac\u0131 Odas\u0131 Ba\u015fkan\u0131<br \/>29. B&ouml;lge Manisa Eczac\u0131 Odas\u0131 Ba\u015fkan\u0131<br \/>30. B&ouml;lge Bal\u0131kesir Eczac\u0131 Odas\u0131 Ba\u015fkan\u0131<br \/>31. B&ouml;lge Kocaeli Eczac\u0131 Odas\u0131 Ba\u015fkan\u0131<br \/>32. B&ouml;lge Mu\u011fla Eczac\u0131 Odas\u0131 Ba\u015fkan\u0131<br \/>33. B&ouml;lge Afyon Eczac\u0131 Odas\u0131 Ba\u015fkan\u0131<br \/>34. B&ouml;lge Aksaray Eczac\u0131 Odas\u0131 Ba\u015fkan\u0131<br \/>35. B&ouml;lge K&uuml;tahya Eczac\u0131 Odas\u0131 Ba\u015fkan\u0131<br \/>36. B&ouml;lge &Ccedil;anakkale Eczac\u0131 Odas\u0131 Ba\u015fkan\u0131<br \/>37. B&ouml;lge Sivas Eczac\u0131 Odas\u0131 Ba\u015fkan\u0131<br \/>38. B&ouml;lge Van Eczac\u0131 Odas\u0131 Ba\u015fkan\u0131<br \/>39. B&ouml;lge Edirne Eczac\u0131 Odas\u0131 Ba\u015fkan\u0131<br \/>40. B&ouml;lge K\u0131rklareli Eczac\u0131 Odas\u0131 Ba\u015fkan\u0131<br \/>41. B&ouml;lge Tokat Eczac\u0131 Odas\u0131 Ba\u015fkan\u0131<br \/>42. B&ouml;lge Giresun Eczac\u0131 Odas\u0131 Ba\u015fkan\u0131<br \/>43. B&ouml;lge Mardin Eczac\u0131 Odas\u0131 Ba\u015fkan\u0131<br \/>44. B&ouml;lge Batman Eczac\u0131 Odas\u0131 Ba\u015fkan\u0131<br \/>45. B&ouml;lge &Ccedil;orum Eczac\u0131 Odas\u0131 Ba\u015fkan\u0131<br \/>46. B&ouml;lge U\u015fak Eczac\u0131 Odas\u0131 Ba\u015fkan\u0131<br \/>47. B&ouml;lge Amasya Eczac\u0131 Odas\u0131 Ba\u015fkan\u0131<\/td>\n<\/tr>\n<\/tbody>\n<\/table>\n","protected":false},"excerpt":{"rendered":"<p>&nbsp;&nbsp;&nbsp;&nbsp;&nbsp;&nbsp;25-26 Haziran 2007 tarihlerinde yap\u0131lan, T&uuml;rk Eczac\u0131lar\u0131 Birli\u011fi V. Ba\u015fkanlar Dan\u0131\u015fma Kurulu Toplant\u0131s\u0131 sonucunda, 47 Eczac\u0131 Odas\u0131 Ba\u015fkan\u0131n\u0131n oy birli\u011fiyle&#46;&#46;&#46;<\/p>\n","protected":false},"author":1,"featured_media":0,"comment_status":"closed","ping_status":"closed","sticky":false,"template":"","format":"standard","meta":{"_jetpack_memberships_contains_paid_content":false,"footnotes":""},"categories":[1],"tags":[],"class_list":["post-3302","post","type-post","status-publish","format-standard","hentry","category-ced"],"aioseo_notices":[],"jetpack_featured_media_url":"","jetpack_sharing_enabled":true,"jetpack-related-posts":[],"_links":{"self":[{"href":"http:\/\/www.ced.org.tr\/index.php?rest_route=\/wp\/v2\/posts\/3302","targetHints":{"allow":["GET"]}}],"collection":[{"href":"http:\/\/www.ced.org.tr\/index.php?rest_route=\/wp\/v2\/posts"}],"about":[{"href":"http:\/\/www.ced.org.tr\/index.php?rest_route=\/wp\/v2\/types\/post"}],"author":[{"embeddable":true,"href":"http:\/\/www.ced.org.tr\/index.php?rest_route=\/wp\/v2\/users\/1"}],"replies":[{"embeddable":true,"href":"http:\/\/www.ced.org.tr\/index.php?rest_route=%2Fwp%2Fv2%2Fcomments&post=3302"}],"version-history":[{"count":0,"href":"http:\/\/www.ced.org.tr\/index.php?rest_route=\/wp\/v2\/posts\/3302\/revisions"}],"wp:attachment":[{"href":"http:\/\/www.ced.org.tr\/index.php?rest_route=%2Fwp%2Fv2%2Fmedia&parent=3302"}],"wp:term":[{"taxonomy":"category","embeddable":true,"href":"http:\/\/www.ced.org.tr\/index.php?rest_route=%2Fwp%2Fv2%2Fcategories&post=3302"},{"taxonomy":"post_tag","embeddable":true,"href":"http:\/\/www.ced.org.tr\/index.php?rest_route=%2Fwp%2Fv2%2Ftags&post=3302"}],"curies":[{"name":"wp","href":"https:\/\/api.w.org\/{rel}","templated":true}]}}