{"id":3304,"date":"2007-06-29T16:48:30","date_gmt":"2007-06-29T13:48:30","guid":{"rendered":"http:\/\/www.ced.org.tr\/?p=3304"},"modified":"2007-06-29T16:48:30","modified_gmt":"2007-06-29T13:48:30","slug":"47-eczaci-odasindan-basin-aciklamasi","status":"publish","type":"post","link":"http:\/\/www.ced.org.tr\/?p=3304","title":{"rendered":"47 ECZACI ODASINDAN BASIN A\u00c7IKLAMASI"},"content":{"rendered":"<p><font size=\"2\" color=\"#000000\">De\u011ferli Bas\u0131n mensuplar\u0131,<\/p>\n<p>De\u011ferli Vatanda\u015flar\u0131m\u0131z,<\/p>\n<p>Biz b&uuml;y&uuml;k kentlerden k&ouml;ylere kadar, &uuml;lkemizin her k&ouml;\u015fesinde sizlere ila&ccedil; ve dan\u0131\u015fmanl\u0131k hizmeti veren eczac\u0131lar\u0131n\u0131z olarak uygulanan sa\u011fl\u0131k ve ila&ccedil; politikalar\u0131n\u0131n yans\u0131malar\u0131 sonucunda varl\u0131\u011f\u0131m\u0131z\u0131 s&uuml;rd&uuml;remez hale geldik.<\/font><font size=\"2\" color=\"#000000\">Ge&ccedil;mi\u015f y\u0131llarda eczac\u0131 &ouml;rg&uuml;t&uuml; ile m&uuml;zakere edilerek haz\u0131rlanan ve kar\u015f\u0131l\u0131kl\u0131 imzalanan re&ccedil;ete kar\u015f\u0131lanma ko\u015fullar\u0131n\u0131 belirleyen s&ouml;zle\u015fmelerde yer alan baz\u0131 h&uuml;k&uuml;mler SGK taraf\u0131ndan haz\u0131rlanan 2007 y\u0131l\u0131 SUT kapsam\u0131na al\u0131narak adeta dayatma \u015feklinde uygulamaya konulmak istenmektedir.<\/p>\n<p>2007 y\u0131l\u0131 Sa\u011fl\u0131k Uygulama Tebli\u011fi, vatanda\u015f\u0131, hekimi ve eczac\u0131y\u0131 ma\u011fdur edecek uygulamalar i&ccedil;ermektedir.<\/p>\n<p>* SUT ile yasalarda yeri olmayan &quot;g&uuml;n&uuml;birlik tedavi&quot; ad\u0131 alt\u0131nda, bug&uuml;n ayaktan tedavide kullan\u0131lan pek &ccedil;ok ila&ccedil; ve yatan hasta re&ccedil;etelerinin Ekim ay\u0131ndan itibaren, sadece hastane eczanelerinden kar\u015f\u0131lanmas\u0131 h&uuml;km&uuml;ne ba\u011flanm\u0131\u015ft\u0131r. Bu durumda hastane eczanesinde ila&ccedil; yoksa, ya ba\u015fka bir ila&ccedil; alacaks\u0131n\u0131z ya da d\u0131\u015fardan sat\u0131n almak zorunda kalacaks\u0131n\u0131z. 30 y\u0131l s&uuml;reyle SSK hastanelerinde bu sistem uygulanm\u0131\u015f ve ya\u015fanan hasta ma\u011fduriyetleri nedeniyle, ila&ccedil; eczac\u0131l\u0131k hizmetinin &ccedil;a\u011fda\u015f standartlara ta\u015f\u0131nmas\u0131 ad\u0131na sonland\u0131r\u0131lm\u0131\u015ft\u0131r. Sa\u011fl\u0131k hizmetinde ciddi aksamalara yol a&ccedil;acak olan bu uygulaman\u0131n hayata ge&ccedil;irilmesini kabul edilemez buluyoruz.<\/p>\n<p>* Muayene &uuml;cretlerini hastalardan sosyal g&uuml;venlik kurumu ad\u0131na tahsil etmemiz bizim talebimiz de\u011fildir. Hi&ccedil;bir yasal dayana\u011f\u0131 olmayan bu uygulaman\u0131n sonlanmas\u0131ndan yanay\u0131z.<\/p>\n<p>* Raporlu hastalar\u0131n doktora gitmeden re&ccedil;etesiz ila&ccedil; temin edebilecek olmalar\u0131, s&uuml;rekli takip alt\u0131nda tutulmas\u0131 gereken bu hastalar\u0131n tedavilerinde aksamalara yol a&ccedil;acakt\u0131r.<\/p>\n<p>* Y\u0131llard\u0131r tasarruf ad\u0131 alt\u0131nda meslekta\u015flar\u0131m\u0131za dayat\u0131lan, halk sa\u011fl\u0131\u011f\u0131n\u0131 hi&ccedil;e sayan ve s\u0131k s\u0131k de\u011fi\u015fen tebli\u011fler sonucu hasta, eczac\u0131 ve hekim ma\u011fduriyetleri bizleri bunaltm\u0131\u015ft\u0131r.<\/p>\n<p>* \u0130la&ccedil; fiyat d&uuml;\u015f&uuml;\u015flerini olumlu kar\u015f\u0131lamam\u0131za ve desteklememize ra\u011fmen stoklar\u0131m\u0131zdaki bedelsiz kamula\u015ft\u0131rma devam etmektedir.<\/p>\n<p>* Yanl\u0131\u015f uygulamalarda hi&ccedil;bir sorumlulu\u011fu olmayan hastalar ve eczac\u0131lar kar\u015f\u0131 kar\u015f\u0131ya getirilmektedir.<\/p>\n<p>Siyasi iktidardan, yetkili sa\u011fl\u0131k otoritelerden yukar\u0131da alt\u0131n\u0131 &ccedil;izdi\u011fimiz sorunlar\u0131n &ccedil;&ouml;z&uuml;m&uuml;ne ili\u015fkin daha fazla duyarl\u0131l\u0131k ve ak\u0131lc\u0131 bir &ccedil;&ouml;z&uuml;m bekliyoruz.<\/p>\n<p>Eczac\u0131 odalar\u0131 olarak olu\u015fturulacak &ccedil;&ouml;z&uuml;mlere ortak olmak istiyoruz.<\/p>\n<p>\u0130&ccedil;inde bulundu\u011fumuz ko\u015fullar bizleri, verdi\u011fimiz ya\u015fam sava\u015f\u0131nda, mesle\u011fimizi ve gelece\u011fimizi korumak ad\u0131na kitlesel tepki g&ouml;sterme noktas\u0131na ta\u015f\u0131m\u0131\u015ft\u0131r. Sesimize kulak verilmesini istiyoruz.<\/p>\n<p>T&uuml;rkiye genelindeki 24000 eczanenin verdi\u011fi ila&ccedil; eczac\u0131l\u0131k hizmeti durma noktas\u0131na gelmi\u015ftir. T&uuml;m &ccedil;abalar\u0131m\u0131za ra\u011fmen olu\u015facak hasta ma\u011fduriyetinin sorumlusu bizler olmayaca\u011f\u0131z.<\/p>\n<p>T&uuml;m olumsuzluklara ra\u011fmen, hizmetin s&uuml;rd&uuml;r&uuml;lmesine y&ouml;nelik &ccedil;abalar\u0131m\u0131z devam etmektedir, &Ccedil;al\u0131\u015fma ve Sosyal G&uuml;venlik Bakan\u0131m\u0131z Say\u0131n Murat Ba\u015fesgio\u011flu&#39;nun bug&uuml;n saat 14.00&#39;te Merkez Heyetimizle yapaca\u011f\u0131 toplant\u0131y\u0131 bu ba\u011flamda son derece &ouml;nemsiyoruz. Bug&uuml;ne kadar halk\u0131m\u0131z\u0131n sa\u011fl\u0131\u011f\u0131n\u0131 birincil &ouml;nceli\u011fi olarak benimsemi\u015f, her zaman halk\u0131m\u0131z\u0131n yan\u0131nda yer alan meslekta\u015flar\u0131m\u0131z\u0131n hak ettikleri kamuoyu deste\u011finin sa\u011flanaca\u011f\u0131na olan inanc\u0131m\u0131zla yine halk\u0131m\u0131za sesleniyoruz.<\/p>\n<p>\u0130lac\u0131n\u0131za ve Eczac\u0131n\u0131za sahip &ccedil;\u0131k\u0131n.<\/p>\n<p>( 1 ) Bu a&ccedil;\u0131klama T&uuml;rkiye genelindeki 47 eczac\u0131 odas\u0131n\u0131n ortak imzas\u0131yla haz\u0131rlanm\u0131\u015f, di\u011fer eczac\u0131 odalar\u0131 taraf\u0131ndan da bas\u0131na g&ouml;nderilmi\u015ftir.<\/font><\/p>\n","protected":false},"excerpt":{"rendered":"<p>De\u011ferli Bas\u0131n mensuplar\u0131, De\u011ferli Vatanda\u015flar\u0131m\u0131z, Biz b&uuml;y&uuml;k kentlerden k&ouml;ylere kadar, &uuml;lkemizin her k&ouml;\u015fesinde sizlere ila&ccedil; ve dan\u0131\u015fmanl\u0131k hizmeti veren eczac\u0131lar\u0131n\u0131z&#46;&#46;&#46;<\/p>\n","protected":false},"author":1,"featured_media":0,"comment_status":"closed","ping_status":"closed","sticky":false,"template":"","format":"standard","meta":{"_jetpack_memberships_contains_paid_content":false,"footnotes":""},"categories":[1],"tags":[],"class_list":["post-3304","post","type-post","status-publish","format-standard","hentry","category-ced"],"aioseo_notices":[],"jetpack_featured_media_url":"","jetpack_sharing_enabled":true,"jetpack-related-posts":[],"_links":{"self":[{"href":"http:\/\/www.ced.org.tr\/index.php?rest_route=\/wp\/v2\/posts\/3304","targetHints":{"allow":["GET"]}}],"collection":[{"href":"http:\/\/www.ced.org.tr\/index.php?rest_route=\/wp\/v2\/posts"}],"about":[{"href":"http:\/\/www.ced.org.tr\/index.php?rest_route=\/wp\/v2\/types\/post"}],"author":[{"embeddable":true,"href":"http:\/\/www.ced.org.tr\/index.php?rest_route=\/wp\/v2\/users\/1"}],"replies":[{"embeddable":true,"href":"http:\/\/www.ced.org.tr\/index.php?rest_route=%2Fwp%2Fv2%2Fcomments&post=3304"}],"version-history":[{"count":0,"href":"http:\/\/www.ced.org.tr\/index.php?rest_route=\/wp\/v2\/posts\/3304\/revisions"}],"wp:attachment":[{"href":"http:\/\/www.ced.org.tr\/index.php?rest_route=%2Fwp%2Fv2%2Fmedia&parent=3304"}],"wp:term":[{"taxonomy":"category","embeddable":true,"href":"http:\/\/www.ced.org.tr\/index.php?rest_route=%2Fwp%2Fv2%2Fcategories&post=3304"},{"taxonomy":"post_tag","embeddable":true,"href":"http:\/\/www.ced.org.tr\/index.php?rest_route=%2Fwp%2Fv2%2Ftags&post=3304"}],"curies":[{"name":"wp","href":"https:\/\/api.w.org\/{rel}","templated":true}]}}