{"id":3305,"date":"2007-07-02T13:04:43","date_gmt":"2007-07-02T10:04:43","guid":{"rendered":"http:\/\/www.ced.org.tr\/?p=3305"},"modified":"2007-07-02T13:04:43","modified_gmt":"2007-07-02T10:04:43","slug":"istanbul-eczaci-odasindan-eczaci-kamuoyuna-onemli-duyuru","status":"publish","type":"post","link":"http:\/\/www.ced.org.tr\/?p=3305","title":{"rendered":"\u0130STANBUL ECZACI ODASINDAN ECZACI KAMUOYUNA \u00d6NEML\u0130 DUYURU"},"content":{"rendered":"<p>&nbsp;&nbsp;&nbsp; Sosyal G&uuml;venlik Kurumu Sa\u011fl\u0131k Uygulama Tebli\u011fi ile Tedavi Yard\u0131m\u0131na \u0130li\u015fkin Uygulama Tebli\u011fi 25-May\u0131s-2007 Cuma g&uuml;n&uuml; Resmi Gazetede yay\u0131nland\u0131 ve 15-Haziran-2007 tarihinde y&uuml;r&uuml;rl&uuml;\u011fe girdi. Ayr\u0131ca &ouml;rnekleme metodu ile re&ccedil;ete kontrol&uuml;ne a&ccedil;\u0131kl\u0131k getiren Fatura Bedellerinin &Ouml;denmesine ait Genelge 13-Haziran-2007 tarihinde yay\u0131nland\u0131.<\/p>\n<p>&nbsp;&nbsp;&nbsp;&nbsp;&nbsp;&nbsp;Sosyal G&uuml;venlik Kurumu Sa\u011fl\u0131k Uygulama Tebli\u011fi ve Tedavi Yard\u0131m\u0131na \u0130li\u015fkin Uygulama Tebli\u011fi daha &ouml;nce yay\u0131nlanan Tebli\u011fler gibi vatanda\u015f\u0131,eczac\u0131y\u0131 ve hekimi ma\u011fdur edecek uygulamalar i&ccedil;eriyordu.Ayr\u0131ca daha &ouml;nce Sosyal G&uuml;venlik Kurumlar\u0131n\u0131n eczanelerle imzalad\u0131klar\u0131 Resmi Protokol&uuml;n i&ccedil;ersinde yer alan ve kar\u015f\u0131l\u0131kl\u0131 mutabakata var\u0131ld\u0131ktan sonra uygulamaya giren &ouml;nemli maddeler eczac\u0131lar\u0131n &ouml;n&uuml;ne bir dayatma olarak konuluyordu.<\/p>\n<p>&nbsp;&nbsp;&nbsp;&nbsp;&nbsp;&nbsp;TEB Merkez Heyeti ve Sosyal G&uuml;venlik Kurumu yetkilileri, 2007 Resmi Protokol Tasla\u011f\u0131yla ilgili g&ouml;r&uuml;\u015fmeleri \u0130stanbul Eczac\u0131 Odas\u0131n\u0131n \u0131srarla i&ccedil;ersinde yer alma taleplerinin reddedildi\u011fi bir komisyonun katk\u0131lar\u0131 ile Mart ay\u0131 sonuna kadar s&uuml;rd&uuml;rm&uuml;\u015f, taslak &uuml;zerinde kar\u015f\u0131l\u0131kl\u0131 mutabakat noktas\u0131na var\u0131ld\u0131\u011f\u0131 bildirilmi\u015fti. Ancak Sa\u011fl\u0131k Uygulama Tebli\u011finin yay\u0131nlanmas\u0131n\u0131n ard\u0131ndan TEB Merkez Heyetinin \u0131srarl\u0131 talebi sonucu 22-Haziran-2007 Cuma ak\u015fam\u0131, &uuml;zerinde g&ouml;r&uuml;\u015f&uuml;len taslak metinden tamamen farkl\u0131 Sosyal G&uuml;venlik Kurumunun tek tarafl\u0131 haz\u0131rlad\u0131\u011f\u0131 dayatma bir protokol metni TEB Merkez Heyeti Ba\u015fkanl\u0131\u011f\u0131na ve oradan da Odalara g&ouml;nderildi. Kurumun g&ouml;r&uuml;\u015fleri do\u011frultusunda haz\u0131rlanan 2007 Taslak Protokol&uuml; \u0130stanbul Eczac\u0131 Odas\u0131na Cumartesi ak\u015fam\u0131 saat 23.00&rsquo;de mail olarak ula\u015ft\u0131.<\/p>\n<p>&nbsp;&nbsp;&nbsp;&nbsp;&nbsp;&nbsp;TEB Merkez Heyeti bu geli\u015fmeler kar\u015f\u0131s\u0131nda Ba\u015fkanlar Dan\u0131\u015fma Kurulunu ola\u011fan&uuml;st&uuml; olarak hem &ouml;rnekleme metodu ile re&ccedil;ete kontrol&uuml;n&uuml; d&uuml;zenleyen Genelgeyi hem de 2007 Resmi Protokol Tasla\u011f\u0131n\u0131 g&ouml;r&uuml;\u015fmek &uuml;zere 25-26 Haziran tarihlerinde iki g&uuml;n s&uuml;recek toplant\u0131ya &ccedil;a\u011f\u0131rd\u0131.<\/p>\n<p>&nbsp;&nbsp;&nbsp;&nbsp;&nbsp;&nbsp;25-Haziran-2007 Pazartesi ak\u015fam\u0131 47 Eczac\u0131 Odas\u0131n\u0131n ba\u015fkan ve y&ouml;neticilerinin kat\u0131ld\u0131\u011f\u0131 toplant\u0131da &ouml;nce &ouml;rnekleme metodu ile re&ccedil;ete kontrol&uuml; tart\u0131\u015f\u0131ld\u0131.Yap\u0131lan g&ouml;r&uuml;\u015fmeler sonunda Genelgenin bu \u015fekli ile kabul&uuml;n&uuml;n m&uuml;mk&uuml;n olmad\u0131\u011f\u0131, ancak bir&ccedil;ok ilde re&ccedil;ete kontrol&uuml;n&uuml;n iki y\u0131l geriden geldi\u011fi ve bu durumun eczac\u0131lar\u0131 ma\u011fdur etti\u011fi g&ouml;z &ouml;n&uuml;ne al\u0131narak bilimsel verilere dayanan, g&uuml;ven duyulacak, adil bir y&ouml;ntem konusunda yap\u0131lacak kar\u015f\u0131l\u0131kl\u0131 &ccedil;al\u0131\u015fma sonucunda konunun yeniden de\u011ferlendirilebilece\u011fi karar alt\u0131na al\u0131nd\u0131.<\/p>\n<p>&nbsp;&nbsp;&nbsp;&nbsp;&nbsp;&nbsp;Daha sonra g&ouml;r&uuml;\u015f&uuml;lmeye ba\u015flanan 2007 Protokol Tasla\u011f\u0131n\u0131n ise bir dayatma oldu\u011fu ve hi&ccedil;bir \u015fekilde kabul edilemeyece\u011fi t&uuml;m odalar taraf\u0131ndan ortaya konularak, TEB Merkez Heyetinin taslakla ilgili g&ouml;r&uuml;\u015fmeleri daha &ouml;nce tart\u0131\u015f\u0131l\u0131p, &ccedil;al\u0131\u015f\u0131larak bir noktaya kadar getirilmi\u015f ilk taslak esas al\u0131narak s&uuml;rd&uuml;rmesi kabul edildi. Ayr\u0131ca bu tasla\u011f\u0131n hemen olu\u015fturulacak bir komisyonla gerekirse sabaha kadar &ccedil;al\u0131\u015f\u0131l\u0131p yeniden d&uuml;zenlenerek g&uuml;ncel hale getirilmesi kabul edildi. Toplant\u0131da Sosyal G&uuml;venlik Kurumu Sa\u011fl\u0131k Uygulama Tebli\u011finde yer alan ve eczac\u0131lar taraf\u0131ndan hi&ccedil;bir \u015fekilde kabul edilmesi m&uuml;mk&uuml;n olmayan maddeler tespit edilerek,26-Haziran-2007 Sal\u0131 g&uuml;n&uuml; yap\u0131lacak g&ouml;r&uuml;\u015fmede kurum yetkililerine bu maddelerin tebli\u011fden &ccedil;\u0131kart\u0131lmas\u0131 talebimizin de iletilmesi ve g&ouml;r&uuml;\u015fmelerin bu &ccedil;er&ccedil;eve i&ccedil;erisinde y&uuml;r&uuml;t&uuml;lerek k\u0131sa s&uuml;rede sonu&ccedil;land\u0131r\u0131lmas\u0131 kararla\u015ft\u0131r\u0131ld\u0131.<\/p>\n<p>&nbsp;&nbsp;&nbsp;&nbsp;&nbsp;&nbsp;26-Haziran-2007 Sal\u0131 g&uuml;n&uuml; toplanan Ba\u015fkanlar Dan\u0131\u015fma Kurulu, g&ouml;r&uuml;\u015fmeler s&uuml;rerken kamuoyuna a&ccedil;\u0131klanacak deklarasyonu haz\u0131rlad\u0131. Ayr\u0131ca bu s&uuml;re&ccedil;te t&uuml;m odalar\u0131n ortakla\u015fa hayata ge&ccedil;irecekleri eylemler takvimlendirildi. TEB Merkez Heyeti Sosyal G&uuml;venlik Kurumu yetkilileri ile ak\u015fam saatlerine kadar s&uuml;ren g&ouml;r&uuml;\u015fmeler sonunda Ba\u015fkanlar Kurulu toplant\u0131s\u0131na kat\u0131larak kurulu bilgilendirdiler. Ba\u015fkanlar Kurulu Sosyal G&uuml;venlik Kurumu yetkililerinin kendi taslaklar\u0131 &uuml;zerinden g&ouml;r&uuml;\u015fmelerin s&uuml;rmesi talebini reddederek haz\u0131rlanan tasla\u011f\u0131n temel al\u0131nmas\u0131n\u0131 ve eylemlilik s&uuml;recinin kararl\u0131l\u0131kla s&uuml;rd&uuml;r&uuml;lmesini kararla\u015ft\u0131rarak &ccedil;al\u0131\u015fmalar\u0131n\u0131 sonland\u0131rd\u0131.<\/p>\n<p>&nbsp;&nbsp;&nbsp;&nbsp;&nbsp;&nbsp;27-Haziran-2007 &Ccedil;ar\u015famba g&uuml;n&uuml; haz\u0131rlanm\u0131\u015f olan Ortak Deklarasyon Eczac\u0131 Odalar\u0131n\u0131n Web Sayfalar\u0131nda yay\u0131nlanarak meslekta\u015flar\u0131m\u0131z ve kamuoyu bilgilendirildi.<\/p>\n<p>&nbsp;&nbsp;&nbsp;&nbsp;&nbsp;&nbsp;28-Haziran-2007 Per\u015fembe g&uuml;n&uuml; haz\u0131rlanan Bas\u0131n A&ccedil;\u0131klamas\u0131 47 Eczac\u0131 Odas\u0131na g&ouml;nderildi. TEB Merkez Heyeti, &Ccedil;al\u0131\u015fma Ve Sosyal G&uuml;venlik Bakan\u0131 Say\u0131n Murat Ba\u015fesgio\u011flu ile ya\u015fanan sorunlar\u0131 g&ouml;r&uuml;\u015fmek &uuml;zere Cuma g&uuml;n&uuml; randevu ald\u0131.<\/p>\n<p>&nbsp;&nbsp;&nbsp;&nbsp;&nbsp;&nbsp;29-Haziran-2007 Cuma g&uuml;n&uuml; Odalar\u0131n ortak Bas\u0131n A&ccedil;\u0131klamas\u0131 yap\u0131ld\u0131.<\/p>\n<p>&nbsp;&nbsp;&nbsp;&nbsp;&nbsp;&nbsp;Yine ayn\u0131 g&uuml;n saat 14.00 de TEB Merkez Heyeti \u0130stanbul, Ankara, Bursa, Kocaeli, Adana, Manisa, Kastamonu, Konya Eczac\u0131 Odalar\u0131 ile birlikte &Ccedil;al\u0131\u015fma ve Sosyal G&uuml;venlik Bakan\u0131 Say\u0131n Murat Ba\u015fesgio\u011flu&rsquo;nu ziyaret ederek taleplerini say\u0131n Bakana ve toplant\u0131da yer alan Sosyal G&uuml;venlik Kurumu Ba\u015fkan Yard\u0131mc\u0131s\u0131 Say\u0131n Tahsin G&uuml;ney ile Genel Sa\u011fl\u0131k Sigortas\u0131 Genel M&uuml;d&uuml;r&uuml; Say\u0131n Sami T&uuml;rko\u011flu&rsquo;na ilettiler. Say\u0131n Murat Ba\u015fesgio\u011flu Merkez Heyetinin sunumunun ard\u0131ndan Oda Ba\u015fkanlar\u0131n\u0131 da dinleyerek detayl\u0131 bilgi ald\u0131 Toplant\u0131 sonunda Say\u0131n Bakan sorunun k\u0131sa s&uuml;rede &ccedil;&ouml;z&uuml;m&uuml; konusunda elinden gelen &ccedil;abay\u0131 g&ouml;sterece\u011fini, taleplerimizi Kurum Yetkilileri ile g&ouml;r&uuml;\u015ferek onlar\u0131nda de\u011ferlendirmelerini alaca\u011f\u0131n\u0131 ve son olarak da gerekirse TEB Merkez Heyeti ile daha dar bir &ccedil;er&ccedil;evede bir araya gelerek tekrar g&ouml;r&uuml;\u015febilece\u011fini belirtti.Ayr\u0131ca gerekirse her iki taraf\u0131nda hafta sonu da bir araya gelerek sorunlar\u0131 m&uuml;zakere edebilece\u011fini dile getirdi.<\/p>\n<p>&nbsp;&nbsp;&nbsp;&nbsp;&nbsp;&nbsp;Toplant\u0131 sonunda TEB Merkez Heyeti ile toplant\u0131ya kat\u0131lan odalar bir araya gelerek geli\u015fmeleri de\u011ferlendirdiler.Toplant\u0131ya kat\u0131lan odalar sorunlar\u0131n &ccedil;&ouml;z&uuml;m&uuml; i&ccedil;in g&ouml;r&uuml;\u015fmelerin kararl\u0131l\u0131kla ve h\u0131zla &ccedil;&ouml;z&uuml;me ula\u015fma hedefi do\u011frultusunda s&uuml;rd&uuml;r&uuml;lmesini &ouml;nerdiler.Bu g&ouml;r&uuml;\u015fmeler s&uuml;rerken di\u011fer yandan 47 Eczac\u0131 Odas\u0131 taraf\u0131ndan al\u0131nan karar gere\u011fi eylemlerin belirlenen tarihlerde s\u0131rayla hayata ge&ccedil;irilmesinin Merkez Heyetinin vazge&ccedil;ilemez sorumlulu\u011fu oldu\u011fu bir kez daha taraf\u0131m\u0131zdan vurguland\u0131.<\/p>\n<p>&nbsp;&nbsp;&nbsp;&nbsp;&nbsp;&nbsp;01-Temmuz-2007 Pazar ak\u015fam saatlerinde protokol&uuml;n imzalanma a\u015famas\u0131na geldi\u011fi bilgisi bizlere ula\u015fm\u0131\u015ft\u0131r. 25-26-Haziran-2007 tarihinde yap\u0131lan TEB V. Ba\u015fkanlar Dan\u0131\u015fma Kurulu Toplant\u0131s\u0131 sonucunda, 47 Eczac\u0131 Odas\u0131&rsquo;n\u0131n ba\u015fkanlar\u0131n\u0131n oy birli\u011fi ile yapt\u0131\u011f\u0131 tespitlerle, uzla\u015f\u0131lan protokol metninin kar\u015f\u0131la\u015ft\u0131r\u0131larak de\u011ferlendirilmesi i&ccedil;in Ba\u015fkanlar Kurulu acilen toplanmal\u0131d\u0131r.<\/p>\n<p>&nbsp;&nbsp;&nbsp;&nbsp;&nbsp;&nbsp;\u0130stanbul Eczac\u0131 Odas\u0131 bu y&ouml;ndeki talebini TEB Merkez Heyeti&rsquo;ne ula\u015ft\u0131rm\u0131\u015ft\u0131r.<\/p>\n<p>&nbsp;&nbsp;&nbsp;&nbsp;&nbsp;&nbsp;Meslekta\u015flar\u0131m\u0131z\u0131n bilgilerine &ouml;nemle sunar\u0131z.<\/p>\n","protected":false},"excerpt":{"rendered":"<p>&nbsp;&nbsp;&nbsp; Sosyal G&uuml;venlik Kurumu Sa\u011fl\u0131k Uygulama Tebli\u011fi ile Tedavi Yard\u0131m\u0131na \u0130li\u015fkin Uygulama Tebli\u011fi 25-May\u0131s-2007 Cuma g&uuml;n&uuml; Resmi Gazetede yay\u0131nland\u0131 ve&#46;&#46;&#46;<\/p>\n","protected":false},"author":1,"featured_media":0,"comment_status":"closed","ping_status":"closed","sticky":false,"template":"","format":"standard","meta":{"_jetpack_memberships_contains_paid_content":false,"footnotes":""},"categories":[1],"tags":[],"class_list":["post-3305","post","type-post","status-publish","format-standard","hentry","category-ced"],"aioseo_notices":[],"jetpack_featured_media_url":"","jetpack_sharing_enabled":true,"jetpack-related-posts":[],"_links":{"self":[{"href":"http:\/\/www.ced.org.tr\/index.php?rest_route=\/wp\/v2\/posts\/3305","targetHints":{"allow":["GET"]}}],"collection":[{"href":"http:\/\/www.ced.org.tr\/index.php?rest_route=\/wp\/v2\/posts"}],"about":[{"href":"http:\/\/www.ced.org.tr\/index.php?rest_route=\/wp\/v2\/types\/post"}],"author":[{"embeddable":true,"href":"http:\/\/www.ced.org.tr\/index.php?rest_route=\/wp\/v2\/users\/1"}],"replies":[{"embeddable":true,"href":"http:\/\/www.ced.org.tr\/index.php?rest_route=%2Fwp%2Fv2%2Fcomments&post=3305"}],"version-history":[{"count":0,"href":"http:\/\/www.ced.org.tr\/index.php?rest_route=\/wp\/v2\/posts\/3305\/revisions"}],"wp:attachment":[{"href":"http:\/\/www.ced.org.tr\/index.php?rest_route=%2Fwp%2Fv2%2Fmedia&parent=3305"}],"wp:term":[{"taxonomy":"category","embeddable":true,"href":"http:\/\/www.ced.org.tr\/index.php?rest_route=%2Fwp%2Fv2%2Fcategories&post=3305"},{"taxonomy":"post_tag","embeddable":true,"href":"http:\/\/www.ced.org.tr\/index.php?rest_route=%2Fwp%2Fv2%2Ftags&post=3305"}],"curies":[{"name":"wp","href":"https:\/\/api.w.org\/{rel}","templated":true}]}}