{"id":3306,"date":"2007-07-02T13:59:08","date_gmt":"2007-07-02T10:59:08","guid":{"rendered":"http:\/\/www.ced.org.tr\/?p=3306"},"modified":"2007-07-02T13:59:08","modified_gmt":"2007-07-02T10:59:08","slug":"beseri-ilaclarin-fiyatlandirilmasina-dair-karar-yayinlandi","status":"publish","type":"post","link":"http:\/\/www.ced.org.tr\/?p=3306","title":{"rendered":"BE\u015eER\u0130 \u0130LA\u00c7LARIN F\u0130YATLANDIRILMASINA DA\u0130R KARAR YAYINLANDI"},"content":{"rendered":"<p style=\"margin: 0cm 0cm 0pt\" class=\"MsoNormal\"><font face=\"Times New Roman\" size=\"3\" color=\"#000000\">30 Haziran 2007 Cumartesi g&uuml;n&uuml; 26568 say\u0131 ile Resmi Gazete&rsquo;de yay\u0131nlanan<\/font><\/p>\n<p style=\"margin: 0cm 0cm 0pt\" class=\"MsoNormal\"><font face=\"Times New Roman\" size=\"3\" color=\"#000000\">karar, 01.08.2007 tarihinde y&uuml;r&uuml;rl&uuml;\u011fe girecek.<\/font><\/p>\n<p style=\"margin: 0cm 0cm 0pt\" class=\"MsoNormal\">&nbsp;<\/p>\n<p style=\"margin: 0cm 0cm 0pt\" class=\"MsoNormal\"><font face=\"Times New Roman\" size=\"3\" color=\"#000000\">Y&uuml;r&uuml;rl&uuml;\u011fe girecek yeni kararnamede g&ouml;ze &ccedil;arpan &ouml;nemli de\u011fi\u015fikliklerden biri<\/font><\/p>\n<p style=\"margin: 0cm 0cm 0pt\" class=\"MsoNormal\"><font face=\"Times New Roman\" size=\"3\" color=\"#000000\">referans olarak al\u0131nan AB &uuml;lkelerinin say\u0131s\u0131n\u0131n 5&rsquo;ten 10&rsquo;a &ccedil;\u0131kar\u0131lmas\u0131. 2004<\/font><\/p>\n<p style=\"margin: 0cm 0cm 0pt\" class=\"MsoNormal\"><font face=\"Times New Roman\" size=\"3\" color=\"#000000\">Kararnamesinde referans al\u0131nan 5 &uuml;lke bilinirken, yeni kararnamede 10&rsquo;a<\/font><\/p>\n<p style=\"margin: 0cm 0cm 0pt\" class=\"MsoNormal\"><font face=\"Times New Roman\" size=\"3\" color=\"#000000\">&ccedil;\u0131kar\u0131lan referans AB &uuml;lkelerinin isimleri bilinmiyor. En az 5 ve en fazla 10<\/font><\/p>\n<p style=\"margin: 0cm 0cm 0pt\" class=\"MsoNormal\"><font face=\"Times New Roman\" size=\"3\" color=\"#000000\">olan referans &uuml;lkelerinin hangileri olaca\u011f\u0131 her y\u0131l Sa\u011fl\u0131k Bakanl\u0131\u011f\u0131 taraf\u0131ndan<\/font><\/p>\n<p style=\"margin: 0cm 0cm 0pt\" class=\"MsoNormal\"><font face=\"Times New Roman\" size=\"3\" color=\"#000000\">belirlenecek. Belirlenen referans &uuml;lkeler y\u0131l i&ccedil;inde 4 ay &ouml;ncesinden ilan<\/font><\/p>\n<p style=\"margin: 0cm 0cm 0pt\" class=\"MsoNormal\"><font face=\"Times New Roman\" size=\"3\" color=\"#000000\">edilmek \u015fart\u0131yla de\u011fi\u015ftirilebilecek.<\/font><\/p>\n<p><font face=\"Times New Roman\" size=\"3\" color=\"#000000\">&nbsp;<\/font> <\/p>\n<p style=\"margin: 0cm 0cm 0pt\" class=\"MsoNormal\"><font face=\"Times New Roman\" size=\"3\" color=\"#000000\">Yeni kararname, referans fiyatlarda ger&ccedil;ekle\u015fecek d&uuml;\u015f&uuml;\u015flerin oran\u0131 toplamda<\/font><\/p>\n<p style=\"margin: 0cm 0cm 0pt\" class=\"MsoNormal\"><font face=\"Times New Roman\" size=\"3\" color=\"#000000\">y&uuml;zde 3&rsquo;&uuml; ge&ccedil;erse, bunun &uuml;&ccedil; ay i&ccedil;inde Fiyat De\u011ferlendirme Komisyonu&rsquo;na<\/font><\/p>\n<p style=\"margin: 0cm 0cm 0pt\" class=\"MsoNormal\"><font face=\"Times New Roman\" size=\"3\" color=\"#000000\">bildirilmesini ve fiyatlara yans\u0131t\u0131lmas\u0131n\u0131 zorunlu k\u0131l\u0131yor. <\/font><\/p>\n<p><font face=\"Times New Roman\" size=\"3\" color=\"#000000\">&nbsp;<\/font> <\/p>\n<p style=\"margin: 0cm 0cm 0pt\" class=\"MsoNormal\"><font face=\"Times New Roman\" size=\"3\" color=\"#000000\">Fiyat listesinde yap\u0131lacak de\u011fi\u015fiklikler yay\u0131nland\u0131\u011f\u0131 tarihten 45 g&uuml;n sonra<\/font><\/p>\n<p style=\"margin: 0cm 0cm 0pt\" class=\"MsoNormal\"><font face=\"Times New Roman\" size=\"3\" color=\"#000000\">uygulanmaya ba\u015flanacak. Firmalar\u0131n kendi istekleriyle yap\u0131lan fiyat<\/font><\/p>\n<p style=\"margin: 0cm 0cm 0pt\" class=\"MsoNormal\"><font face=\"Times New Roman\" size=\"3\" color=\"#000000\">d&uuml;\u015f&uuml;\u015flerindeyse <\/font><font face=\"Times New Roman\" size=\"3\" color=\"#000000\">eczane stoklar\u0131nda olu\u015facak kay\u0131plar\u0131n telafi edilece\u011finin<\/font><\/p>\n<p style=\"margin: 0cm 0cm 0pt\" class=\"MsoNormal\"><font face=\"Times New Roman\" size=\"3\" color=\"#000000\">ilgili firma taraf\u0131ndan <\/font><font face=\"Times New Roman\" size=\"3\" color=\"#000000\">taahh&uuml;t edilmesi kayd\u0131yla bu s&uuml;re beklenilmeyecek.<\/font><\/p>\n<p><font face=\"Times New Roman\" size=\"3\" color=\"#000000\">&nbsp;<\/font> <\/p>\n<p style=\"margin: 0cm 0cm 0pt\" class=\"MsoNormal\"><font face=\"Times New Roman\" size=\"3\" color=\"#000000\">Kararnamede eczanelerle ilgili bir di\u011fer de\u011fi\u015fiklik de ila&ccedil;lar\u0131n perakende sat\u0131\u015f<\/font><\/p>\n<p style=\"margin: 0cm 0cm 0pt\" class=\"MsoNormal\"><font face=\"Times New Roman\" size=\"3\" color=\"#000000\">fiyatlar\u0131 belirlenirken uygulanacak eczac\u0131 k&acirc;r oran\u0131n\u0131n fiyat\u0131 200 YTL&rsquo;nin<\/font><\/p>\n<p style=\"margin: 0cm 0cm 0pt\" class=\"MsoNormal\"><font face=\"Times New Roman\" size=\"3\" color=\"#000000\">&uuml;st&uuml;nde kalan ila&ccedil;lar i&ccedil;in y&uuml;zde 10&rsquo;dan 12&rsquo;ye &ccedil;\u0131kar\u0131l\u0131yor olmas\u0131d\u0131r.<\/font><\/p>\n<div class=\"NormalBaslik\" align=\"center\"><\/div>\n<div class=\"NormalYazi\" align=\"justify\"><strong>1 A\u011fustos 2007 tarihinden itibaren y&uuml;r&uuml;rl&uuml;\u011fe girmek &uuml;zere yay\u0131nlanan \u0130la&ccedil; Fiyat<\/strong><\/div>\n<div class=\"NormalYazi\" align=\"justify\"><strong>Kararnamesi a\u015fa\u011f\u0131dad\u0131r.<\/strong><\/p>\n<p><img loading=\"lazy\" decoding=\"async\" style=\"width: 559px; height: 827px\" src=\"images\/stories\/belgeler\/12325_01.jpg\" border=\"1\" alt=\"\" width=\"559\" height=\"827\" \/><\/p>\n<p><img loading=\"lazy\" decoding=\"async\" src=\"images\/stories\/belgeler\/12325_02.jpg\" border=\"1\" alt=\"\" width=\"560\" height=\"805\" \/><\/p>\n<p><img loading=\"lazy\" decoding=\"async\" src=\"images\/stories\/belgeler\/12325_03.jpg\" border=\"1\" alt=\"\" width=\"560\" height=\"487\" \/><\/p>\n<\/div>\n","protected":false},"excerpt":{"rendered":"<p>30 Haziran 2007 Cumartesi g&uuml;n&uuml; 26568 say\u0131 ile Resmi Gazete&rsquo;de yay\u0131nlanan karar, 01.08.2007 tarihinde y&uuml;r&uuml;rl&uuml;\u011fe girecek. &nbsp; Y&uuml;r&uuml;rl&uuml;\u011fe girecek yeni&#46;&#46;&#46;<\/p>\n","protected":false},"author":1,"featured_media":0,"comment_status":"closed","ping_status":"closed","sticky":false,"template":"","format":"standard","meta":{"_jetpack_memberships_contains_paid_content":false,"footnotes":""},"categories":[1],"tags":[],"class_list":["post-3306","post","type-post","status-publish","format-standard","hentry","category-ced"],"aioseo_notices":[],"jetpack_featured_media_url":"","jetpack_sharing_enabled":true,"jetpack-related-posts":[],"_links":{"self":[{"href":"http:\/\/www.ced.org.tr\/index.php?rest_route=\/wp\/v2\/posts\/3306","targetHints":{"allow":["GET"]}}],"collection":[{"href":"http:\/\/www.ced.org.tr\/index.php?rest_route=\/wp\/v2\/posts"}],"about":[{"href":"http:\/\/www.ced.org.tr\/index.php?rest_route=\/wp\/v2\/types\/post"}],"author":[{"embeddable":true,"href":"http:\/\/www.ced.org.tr\/index.php?rest_route=\/wp\/v2\/users\/1"}],"replies":[{"embeddable":true,"href":"http:\/\/www.ced.org.tr\/index.php?rest_route=%2Fwp%2Fv2%2Fcomments&post=3306"}],"version-history":[{"count":0,"href":"http:\/\/www.ced.org.tr\/index.php?rest_route=\/wp\/v2\/posts\/3306\/revisions"}],"wp:attachment":[{"href":"http:\/\/www.ced.org.tr\/index.php?rest_route=%2Fwp%2Fv2%2Fmedia&parent=3306"}],"wp:term":[{"taxonomy":"category","embeddable":true,"href":"http:\/\/www.ced.org.tr\/index.php?rest_route=%2Fwp%2Fv2%2Fcategories&post=3306"},{"taxonomy":"post_tag","embeddable":true,"href":"http:\/\/www.ced.org.tr\/index.php?rest_route=%2Fwp%2Fv2%2Ftags&post=3306"}],"curies":[{"name":"wp","href":"https:\/\/api.w.org\/{rel}","templated":true}]}}