{"id":3308,"date":"2007-07-03T16:56:40","date_gmt":"2007-07-03T13:56:40","guid":{"rendered":"http:\/\/www.ced.org.tr\/?p=3308"},"modified":"2007-07-03T16:56:40","modified_gmt":"2007-07-03T13:56:40","slug":"turk-eczacilari-birligi-merkez-heyetine-acik-mektup","status":"publish","type":"post","link":"http:\/\/www.ced.org.tr\/?p=3308","title":{"rendered":"T\u00dcRK ECZACILARI B\u0130RL\u0130\u011e\u0130 MERKEZ HEYET\u0130NE A\u00c7IK MEKTUP"},"content":{"rendered":"<p>&nbsp;&nbsp;&nbsp; 15-Haziran-2007 tarihinde y&uuml;r&uuml;rl&uuml;\u011fe giren Sosyal G&uuml;venlik Kurumu Sa\u011fl\u0131k Uygulama Tebli\u011fi ile g&uuml;ndeme gelen sorunlar, 13-Haziran-2007 tarihinde yay\u0131nlanan Genelge ile &ouml;rnekleme metoduyla re&ccedil;ete kontrol&uuml;n&uuml;n hayata ge&ccedil;mesi ve son olarak 2007 y\u0131l\u0131 Resmi Protokol tasla\u011f\u0131n\u0131 Sosyal G&uuml;venlik Kurumu ile aylarca &uuml;zerinde g&ouml;r&uuml;\u015ferek bir noktaya getirmenize ra\u011fmen; 23-Haziranda i&ccedil;eri\u011fi tamamen de\u011fi\u015ftirilip bir dayatma olarak &ouml;n&uuml;n&uuml;ze konmas\u0131 &uuml;zerine 25-Haziran-2007 Pazartesi g&uuml;n&uuml; bizleri Ola\u011fan&uuml;st&uuml; Ba\u015fkanlar Kuruluna davet ettiniz.<\/p>\n<p>&nbsp;&nbsp;&nbsp;&nbsp;&nbsp;&nbsp;Bu toplant\u0131da bizler bu g&uuml;ne kadar g&ouml;r&uuml;lmemi\u015f bir birliktelik ve kararl\u0131l\u0131k sergileyerek Sa\u011fl\u0131k Uygulama Tebli\u011finde getirilen uygulamalar\u0131, genelgedeki \u015fekliyle &ouml;rnekleme metodu ile re&ccedil;ete kontrol&uuml;n&uuml;, bir dayatma olarak &ouml;n&uuml;m&uuml;ze konan Protokol Tasla\u011f\u0131n\u0131 reddettik. Hep birlikte &ccedil;al\u0131\u015farak k\u0131sa s&uuml;rede kurumla yap\u0131lacak g&ouml;r&uuml;\u015fmede temel olacak kendi Protokol Tasla\u011f\u0131m\u0131z\u0131 haz\u0131rlad\u0131k ve sizlere sunduk. Ayr\u0131ca Sa\u011fl\u0131k Uygulama Tebli\u011finde kabul etmedi\u011fimiz hususlar\u0131 ve &ouml;rnekleme y&ouml;ntemi ile re&ccedil;ete kontrol&uuml;ne y&ouml;nelik itirazlar\u0131m\u0131z\u0131 birlikte belirledik. Ba\u015fkanlar Kurulu olarak taleplerimizi oybirli\u011fi ile karar alt\u0131na ald\u0131k. Ba\u015fkanlar Kurulu sonunda bu taleplerimizin &ccedil;&ouml;z&uuml;m&uuml; i&ccedil;in hep birlikte, bir eylem takvimi olu\u015fturarak, yay\u0131nlad\u0131\u011f\u0131m\u0131z deklarasyonla bunu kamuoyuna duyurduk. Eczac\u0131 odalar\u0131n\u0131n &ouml;rg&uuml;tl&uuml; g&uuml;c&uuml;n&uuml; arkan\u0131za alman\u0131z\u0131 ve g&ouml;r&uuml;\u015fme masas\u0131na bu g&uuml;&ccedil;le oturman\u0131z\u0131 sa\u011flad\u0131k. 47 eczac\u0131 oda ba\u015fkan\u0131 olarak kararl\u0131l\u0131kla yan\u0131n\u0131zda oldu\u011fumuzu sizlere ve kamuoyuna a&ccedil;\u0131klad\u0131k.<\/p>\n<p>&nbsp;&nbsp;&nbsp;&nbsp;&nbsp;&nbsp;Sosyal G&uuml;venlik Kurumu yetkilileri ile g&ouml;r&uuml;\u015fmeleriniz s&uuml;rerken sizlere her t&uuml;rl&uuml; deste\u011fi verdik. Yapt\u0131\u011f\u0131m\u0131z ortak Bas\u0131n A&ccedil;\u0131klamas\u0131 ile halk\u0131m\u0131z\u0131 bilgilendirdik. &Ccedil;al\u0131\u015fma ve Sosyal G&uuml;venlik Bakan\u0131 Say\u0131n Murat Ba\u015fesgio\u011flu ile yapt\u0131\u011f\u0131n\u0131z g&ouml;r&uuml;\u015fmeye kat\u0131larak g&ouml;r&uuml;\u015flerimizi aktard\u0131k. Say\u0131n Bakandan sorunlar\u0131n &ccedil;&ouml;z&uuml;m&uuml; i&ccedil;in &ccedil;aba g&ouml;sterece\u011fi s&ouml;z&uuml;n&uuml; ald\u0131k. &Ouml;rnekleme metodu ile re&ccedil;ete kontrol&uuml; i&ccedil;in en uygun y&ouml;ntemin belirlenmesi konusunda bir komisyon kurulup bilimsel d&uuml;zeyde &ccedil;al\u0131\u015fma yap\u0131lmas\u0131 s&ouml;z&uuml;n&uuml; sizlere bizzat Say\u0131n Bakan verdi.<\/p>\n<p>&nbsp;&nbsp;&nbsp;&nbsp;&nbsp;&nbsp;Bu g&ouml;r&uuml;\u015fmeler s&uuml;rerken bizler eylemlilik s&uuml;recinin s&uuml;rmesini Gazete ilan\u0131n\u0131n verilmesini, afi\u015f &ccedil;al\u0131\u015fmas\u0131n\u0131n tamamlanarak eczac\u0131 odalar\u0131na g&ouml;nderilmesini \u0131srarla vurgulamam\u0131za ra\u011fmen, ald\u0131\u011f\u0131m\u0131z kararlar\u0131 uygulamad\u0131n\u0131z.<\/p>\n<p>&nbsp;&nbsp;&nbsp;&nbsp;&nbsp;&nbsp;Protokol g&ouml;r&uuml;\u015fmelerinin tamamlanmas\u0131n\u0131n ard\u0131ndan imza at\u0131lmadan &ouml;nce Ba\u015fkanlar Kurulunun ivedilikle toplanmas\u0131 &ccedil;a\u011fr\u0131lar\u0131m\u0131za, sizlerin de y&ouml;netici olarak i&ccedil;erisinde yer ald\u0131\u011f\u0131n\u0131z TEB Merkez Heyetinin bir &ouml;nceki Ba\u015fkan\u0131n Protokolu imzalamadan &ouml;nce bizlerin &ouml;n&uuml;ne getirme s&ouml;z&uuml;ne ra\u011fmen kulak t\u0131kad\u0131n\u0131z. Anla\u015fmaya vard\u0131\u011f\u0131n\u0131z Protokol&uuml; eczac\u0131 oda ba\u015fkanlar\u0131ndan ka&ccedil;\u0131rd\u0131n\u0131z.<\/p>\n<p>&nbsp;&nbsp;&nbsp;&nbsp;&nbsp;&nbsp;Ve sonunda 1-Temmuz Pazar ak\u015fam\u0131 bizlerin \u015fahs\u0131nda 24 bin eczac\u0131n\u0131n iradesini hi&ccedil;e sayarak 6643 say\u0131l\u0131 yasadan ald\u0131\u011f\u0131n\u0131z yetkiyi kullanarak (ba\u015far\u0131l\u0131 buldu\u011funuz) bu protokol&uuml; imzalad\u0131n\u0131z.<\/p>\n<p>&nbsp;&nbsp;&nbsp;&nbsp;&nbsp;&nbsp;<u>Sizlere soruyoruz, ba\u015far\u0131 olarak adland\u0131rd\u0131\u011f\u0131n\u0131z nedir?<\/u><\/p>\n<p>&nbsp;&nbsp;&nbsp;&nbsp;&nbsp;&nbsp;Yatan hastalara verdi\u011fimiz hizmetin 120 G&Uuml;N SONRA SONA ERECEK olmas\u0131 m\u0131d\u0131r ba\u015far\u0131?<\/p>\n<p>&nbsp;&nbsp;&nbsp;&nbsp;&nbsp;&nbsp;G&uuml;n&uuml; Birlik Tedavi olarak s\u0131n\u0131fland\u0131r\u0131larak yatan hasta kapsam\u0131na al\u0131nan ila&ccedil;lar\u0131n tedavi hizmetini veren kurum taraf\u0131ndan kar\u015f\u0131lanaca\u011f\u0131 ancak bu gruba giren ila&ccedil;lardan Sosyal G&uuml;venlik Kurumunun belirleyece\u011fi kadar\u0131n\u0131n eczaneler taraf\u0131ndan kar\u015f\u0131lanmaya devam edilece\u011fi; ancak G&Uuml;N&Uuml; B\u0130RL\u0130K TEDAV\u0130N\u0130N Sa\u011fl\u0131k Uygulama Tebli\u011finde yer almaya devam etmesi midir ba\u015far\u0131?<\/p>\n<p>&nbsp;&nbsp;&nbsp;&nbsp;&nbsp;&nbsp;MUAYENE &Uuml;CRETLER\u0130N\u0130N eczanelerden tahsilinin s&uuml;rece\u011fi midir ba\u015far\u0131?<\/p>\n<p>&nbsp;&nbsp;&nbsp;&nbsp;&nbsp;&nbsp;\u0130la&ccedil; Sanayinin kuruma uygulad\u0131\u011f\u0131 \u0130SKONTOLARIN eczac\u0131lara getirdi\u011fi ortalama y&uuml;zde ikilik kay\u0131p konusunda sanayi ile g&ouml;r&uuml;\u015f&uuml;l&uuml;p bir &ccedil;&ouml;z&uuml;m bulunmaya &ccedil;al\u0131\u015f\u0131laca\u011f\u0131 m\u0131d\u0131r ba\u015far\u0131?<\/p>\n<p>&nbsp;&nbsp;&nbsp;&nbsp;&nbsp;&nbsp;\u0130la&ccedil; fiyat d&uuml;\u015f&uuml;\u015fleri kar\u015f\u0131s\u0131nda stoklar\u0131m\u0131zda BEDELS\u0130Z KAMULA\u015eTIRMANIN devam edecek olmas\u0131 m\u0131d\u0131r ba\u015far\u0131?<\/p>\n<p>&nbsp;&nbsp;&nbsp;&nbsp;&nbsp;&nbsp;&Ouml;RNEKLEME Y&Ouml;NTEM\u0130 ile re&ccedil;ete kontrol&uuml;n&uuml;n tercih edilebilecek bir uygulama olmaktan &ccedil;\u0131kar\u0131l\u0131p, bir dayatma olarak Resmi Protokole konmas\u0131 m\u0131d\u0131r ba\u015far\u0131?<\/p>\n<p>&nbsp;&nbsp;&nbsp;&nbsp;&nbsp;&nbsp;5502 say\u0131l\u0131 yasaya ve yay\u0131nlanan genelgeye ra\u011fmen &ouml;rnekleme y&ouml;netimini kabul etmeyen ECZACILARI ORTADA BIRAKMAK m\u0131d\u0131r ba\u015far\u0131?<\/p>\n<p>&nbsp;&nbsp;&nbsp;&nbsp;&nbsp;&nbsp;&Ouml;rnekleme Y&ouml;ntemi ile re&ccedil;ete kontrol&uuml; sonucunda tespit edilen hata oran\u0131n\u0131n %5 gibi T&Uuml;RK\u0130YE ORTALAMASININ \u0130K\u0130 BU&Ccedil;UK KATININ &uuml;zerinde olmas\u0131 halinde o re&ccedil;etelerin yer ald\u0131\u011f\u0131 faturan\u0131n t&uuml;m&uuml;n&uuml;n incelenebilece\u011fi midir ba\u015far\u0131?<\/p>\n<p>&nbsp;&nbsp;&nbsp;&nbsp;&nbsp;&nbsp;\u0130ncelenecek faturalara %50 AVANS &ouml;denecek olmas\u0131 m\u0131d\u0131r ba\u015far\u0131?<\/p>\n<p>&nbsp;&nbsp;&nbsp;&nbsp;&nbsp;&nbsp;15 sayfal\u0131k metnin YARISININ CEZALARDAN olu\u015ftu\u011fu bir protokole imza koymak m\u0131d\u0131r ba\u015far\u0131?<\/p>\n<p>&nbsp;&nbsp;&nbsp;&nbsp;&nbsp;&nbsp;TEMEL \u0130T\u0130RAZ NOKTALARIMIZ YERL\u0130 YER\u0130NDE DURURKEN BA\u015eARDIK DED\u0130KLER\u0130N\u0130Z\u0130 ECZACI KAMUOYUNA ANLATMA CESARET\u0130N\u0130 G&Ouml;STEREB\u0130LECEK M\u0130S\u0130N\u0130Z?<\/p>\n<p>&nbsp;&nbsp;&nbsp;&nbsp;&nbsp;&nbsp;\u0130STANBUL ECZACI ODASI OLARAK S&Uuml;REC\u0130N BA\u015eINDAN BU YANA D\u0130\u011eER ECZACI ODALARI \u0130LE B\u0130RL\u0130KTE KARARLI TUTUM ve DAVRANI\u015eIN SAH\u0130B\u0130 OLDUK.<\/p>\n<p>&nbsp;&nbsp;&nbsp;&nbsp;&nbsp;&nbsp;SORUNLARIMIZIN &Ccedil;&Ouml;Z&Uuml;M&Uuml; ADINA B\u0130RL\u0130K ve BERABERL\u0130\u011eE DENK D&Uuml;\u015eEN B\u0130R POL\u0130T\u0130KA SERG\u0130LEMEYE &Ouml;ZEN G&Ouml;STERD\u0130K.<\/p>\n<p>&nbsp;&nbsp;&nbsp;&nbsp;&nbsp;&nbsp;ALTINA \u0130MZA ATTI\u011eINIZ BU PROTOKOL&Uuml; \u0130STANBUL ECZACI ODASI OLARAK ONAYLAMIYORUZ.<\/p>\n<p>&nbsp;&nbsp;&nbsp;&nbsp;&nbsp;&nbsp;S\u0130Z T&Uuml;RK ECZACILARI B\u0130RL\u0130\u011e\u0130 Y&Ouml;NET\u0130C\u0130LER\u0130N\u0130, 47 ECZACI ODA BA\u015eKANININ ve 24 B\u0130N ECZACININ \u0130RADES\u0130N\u0130 YOK SAYARAK \u0130MZA ATTI\u011eINIZ BU PROTOKOL&Uuml;N TAR\u0130H\u0130 SORUMLULU\u011eU \u0130LE BA\u015e BA\u015eA BIRAKIYORUZ.<\/p>\n<p>\u0130STANBUL ECZACI ODASI<br \/>Y&Ouml;NET\u0130M KURULU<\/p>\n","protected":false},"excerpt":{"rendered":"<p>&nbsp;&nbsp;&nbsp; 15-Haziran-2007 tarihinde y&uuml;r&uuml;rl&uuml;\u011fe giren Sosyal G&uuml;venlik Kurumu Sa\u011fl\u0131k Uygulama Tebli\u011fi ile g&uuml;ndeme gelen sorunlar, 13-Haziran-2007 tarihinde yay\u0131nlanan Genelge ile&#46;&#46;&#46;<\/p>\n","protected":false},"author":1,"featured_media":0,"comment_status":"closed","ping_status":"closed","sticky":false,"template":"","format":"standard","meta":{"_jetpack_memberships_contains_paid_content":false,"footnotes":""},"categories":[1],"tags":[],"class_list":["post-3308","post","type-post","status-publish","format-standard","hentry","category-ced"],"aioseo_notices":[],"jetpack_featured_media_url":"","jetpack_sharing_enabled":true,"jetpack-related-posts":[],"_links":{"self":[{"href":"http:\/\/www.ced.org.tr\/index.php?rest_route=\/wp\/v2\/posts\/3308","targetHints":{"allow":["GET"]}}],"collection":[{"href":"http:\/\/www.ced.org.tr\/index.php?rest_route=\/wp\/v2\/posts"}],"about":[{"href":"http:\/\/www.ced.org.tr\/index.php?rest_route=\/wp\/v2\/types\/post"}],"author":[{"embeddable":true,"href":"http:\/\/www.ced.org.tr\/index.php?rest_route=\/wp\/v2\/users\/1"}],"replies":[{"embeddable":true,"href":"http:\/\/www.ced.org.tr\/index.php?rest_route=%2Fwp%2Fv2%2Fcomments&post=3308"}],"version-history":[{"count":0,"href":"http:\/\/www.ced.org.tr\/index.php?rest_route=\/wp\/v2\/posts\/3308\/revisions"}],"wp:attachment":[{"href":"http:\/\/www.ced.org.tr\/index.php?rest_route=%2Fwp%2Fv2%2Fmedia&parent=3308"}],"wp:term":[{"taxonomy":"category","embeddable":true,"href":"http:\/\/www.ced.org.tr\/index.php?rest_route=%2Fwp%2Fv2%2Fcategories&post=3308"},{"taxonomy":"post_tag","embeddable":true,"href":"http:\/\/www.ced.org.tr\/index.php?rest_route=%2Fwp%2Fv2%2Ftags&post=3308"}],"curies":[{"name":"wp","href":"https:\/\/api.w.org\/{rel}","templated":true}]}}