{"id":3309,"date":"2007-07-16T10:17:48","date_gmt":"2007-07-16T07:17:48","guid":{"rendered":"http:\/\/www.ced.org.tr\/?p=3309"},"modified":"2007-07-16T10:17:48","modified_gmt":"2007-07-16T07:17:48","slug":"eczaci-odalarindan-uyari","status":"publish","type":"post","link":"http:\/\/www.ced.org.tr\/?p=3309","title":{"rendered":"ECZACI ODALARINDAN UYARI!"},"content":{"rendered":"<p>\u0130stanbul, Ankara ve \u0130zmir eczac\u0131 odalar\u0131n\u0131n da&nbsp;yer ald\u0131\u011f\u0131 10 eczac\u0131 odas\u0131 15\/07\/2007 tarihli H&uuml;rriyet gazetesine verdiklari tam sayfa ilan ile SGK y&ouml;netimini ve \u0130ktidar\u0131 uyard\u0131.<\/p>\n<table border=\"0\" cellspacing=\"4\" cellpadding=\"4\" align=\"center\">\n<tbody>\n<tr>\n<td>\n<div align=\"center\"><span style=\"color: #000000; line-height: 40px\" class=\"NormalBaslik\"><strong><font size=\"6\">UYARIYORUZ!!!<\/font><\/strong><\/span><\/div>\n<\/td>\n<\/tr>\n<tr>\n<td><\/p>\n<div class=\"NormalYazi\" align=\"justify\">&nbsp;&nbsp;&nbsp;&nbsp;&nbsp;&nbsp;<strong>DE\u011eERL\u0130 HALKIMIZ;<\/strong><\/p>\n<p>&nbsp;&nbsp;&nbsp;&nbsp;&nbsp;&nbsp;Biz Eczac\u0131lar &uuml;lkemizin her k&ouml;\u015fesinde y\u0131llardan beri, sizlere verdi\u011fimiz ila&ccedil; hizmetini olumsuz ko\u015fullara ra\u011fmen &ouml;zveriyle s&uuml;rd&uuml;rmeye &ccedil;al\u0131\u015fmaktay\u0131z.<\/p>\n<p>&nbsp;&nbsp;&nbsp;&nbsp;&nbsp;&nbsp;T&uuml;m kar\u015f\u0131 &ccedil;\u0131k\u0131\u015flar\u0131m\u0131za ve uyar\u0131lar\u0131m\u0131za ra\u011fmen;<\/p>\n<p>&nbsp;&nbsp;&nbsp;&nbsp;&nbsp;&nbsp;*** 15 Haziran 2007&rsquo;de uygulamaya konulan Sa\u011fl\u0131k Uygulama Tebli\u011fi gere\u011fince; 15 Ekim 2007&rsquo;den itibaren yatan hasta re&ccedil;eteleri sadece hastane eczanelerinden kar\u015f\u0131lanacakt\u0131r. Bu uygulaman\u0131n ba\u015flamas\u0131yla hastane eczanesinde bulunamayan ila&ccedil;lar\u0131n tedavide aksamalara yol a&ccedil;mas\u0131, temin edilemeyen ila&ccedil;lar\u0131n hasta taraf\u0131ndan para ile al\u0131nacak olmas\u0131, hepsinden &ouml;nemlisi de hastane eczanelerinin bir&ccedil;o\u011funda eczac\u0131 bulunmamas\u0131 sebebiyle eczac\u0131s\u0131z ila&ccedil; hizmetinde do\u011fabilecek ciddi sak\u0131ncalar,<\/p>\n<p>&nbsp;&nbsp;&nbsp;&nbsp;&nbsp;&nbsp;*** &ldquo;G&uuml;n&uuml;birlik tedavi&rdquo; tan\u0131m\u0131 alt\u0131nda yasalara ayk\u0131r\u0131 olarak kanser ve diyaliz gibi hastal\u0131klar\u0131n ayaktan tedavilerinde kullan\u0131lan ila&ccedil;lar\u0131n\u0131n, yatan hasta ila&ccedil;lar\u0131 kapsam\u0131nda de\u011ferlendirilerek serbest eczanelerin hizmet alan\u0131n\u0131n d\u0131\u015f\u0131na &ccedil;\u0131kart\u0131lmas\u0131 ve b&ouml;ylece eczac\u0131n\u0131n dan\u0131\u015fmanl\u0131k hizmetinin ortadan kald\u0131r\u0131lmas\u0131 sonras\u0131nda ya\u015fanacak hasta ma\u011fduriyetleri,<\/p>\n<p>&nbsp;&nbsp;&nbsp;&nbsp;&nbsp;&nbsp;*** \u0130la&ccedil; Firmalar\u0131n\u0131n devlete yapt\u0131\u011f\u0131 iskontolar\u0131n eczane &uuml;zerinden uygulanmas\u0131 nedeniyle, ila&ccedil; fiyatlar\u0131nda sosyal g&uuml;vencesi olan ve olmayan vatanda\u015flar\u0131m\u0131z aras\u0131nda &ccedil;ifte standart olu\u015fturulmas\u0131,<\/p>\n<p>&nbsp;&nbsp;&nbsp;&nbsp;&nbsp;&nbsp;*** Ucuz ilac\u0131 desteklememize ra\u011fmen \u0130la&ccedil; Fiyat Kararnamesi nedeniyle fiyat d&uuml;\u015f&uuml;\u015flerinde ya\u015fad\u0131\u011f\u0131m\u0131z bedelsiz kamula\u015ft\u0131rma sonucu u\u011frad\u0131\u011f\u0131m\u0131z kay\u0131plar, <\/p>\n<p>&nbsp;&nbsp;&nbsp;&nbsp;&nbsp;&nbsp;*** Sosyal G&uuml;venlik Kurulu\u015flar\u0131n\u0131n birle\u015fmesine ra\u011fmen, vatanda\u015flar\u0131m\u0131z\u0131n ba\u011fl\u0131 oldu\u011fu kuruma g&ouml;re farkl\u0131 miktarda muayene &uuml;creti &ouml;demesi ve eczac\u0131lar\u0131n tahsilat memuru g&ouml;revini &uuml;stlenmek zorunda b\u0131rak\u0131lmas\u0131,<\/p>\n<p>&nbsp;&nbsp;&nbsp;&nbsp;&nbsp;&nbsp;*** Sa\u011fl\u0131kta d&ouml;n&uuml;\u015f&uuml;m ad\u0131 alt\u0131nda tasarruf ama&ccedil;l\u0131 uygulamalar\u0131n sonucu olarak, ila&ccedil; al\u0131m ko\u015fullar\u0131n\u0131n ve rapor formatlar\u0131n\u0131n s\u0131k s\u0131k de\u011fi\u015ftirilmesi nedeniyle hastalar\u0131m\u0131z\u0131n ilaca ula\u015f\u0131m\u0131nda kar\u015f\u0131la\u015ft\u0131\u011f\u0131 engeller,<\/p>\n<p>&nbsp;&nbsp;&nbsp;&nbsp;&nbsp;&nbsp;***SSK&rsquo;n\u0131n serbest eczanelerden hizmet sat\u0131n almaya ba\u015flamas\u0131yla birlikte re&ccedil;ete kontrol birimlerinin yetersiz olmas\u0131 ve standart olmayan re&ccedil;ete kontrolleri sonucunda fatura bedellerimizde yap\u0131lan haks\u0131z kesintiler, <\/p>\n<p>&nbsp;&nbsp;&nbsp;&nbsp;&nbsp;&nbsp;***Re&ccedil;ete kontrollerine &ccedil;&ouml;z&uuml;m olarak g&uuml;ndeme getirilen, &uuml;stelik ilgili yasaya ra\u011fmen meslekta\u015flar\u0131m\u0131za zorla dayat\u0131lan &ouml;rnekleme y&ouml;nteminin yeni sorunlara yol a&ccedil;acak olmas\u0131na y&ouml;nelik kayg\u0131lar\u0131m\u0131z,<\/p>\n<p>&nbsp;&nbsp;&nbsp;&nbsp;&nbsp;&nbsp;&#8230;devam etmektedir.<\/p>\n<p>&nbsp;&nbsp;&nbsp;&nbsp;&nbsp;&nbsp;Sonu&ccedil; olarak;<\/p>\n<p>&nbsp;&nbsp;&nbsp;&nbsp;&nbsp;&nbsp;Sa\u011fl\u0131k-ila&ccedil; alan\u0131ndaki b&uuml;rokratik anlay\u0131\u015fa ve ak\u015famdan sabaha de\u011fi\u015fen kurallara art\u0131k son verilmelidir. 23000 eczac\u0131n\u0131n ve eczac\u0131 &ouml;rg&uuml;tlerinin sesine kulak vermek demokrasinin bir gere\u011fidir. <\/p>\n<p>&nbsp;&nbsp;&nbsp;&nbsp;&nbsp;&nbsp;Yukar\u0131da s\u0131ralad\u0131\u011f\u0131m\u0131z t&uuml;m sorunlara ivedilikle &ccedil;&ouml;z&uuml;m bekliyoruz. <\/p>\n<p>&nbsp;&nbsp;&nbsp;&nbsp;&nbsp;&nbsp;Aksi taktirde ila&ccedil; ve eczac\u0131l\u0131k hizmetinde olu\u015facak kesintiden dolay\u0131 ya\u015fanacak ma\u011fduriyetlerin sorumlusu biz olmayaca\u011f\u0131z.<\/p>\n<p>&nbsp;&nbsp;&nbsp;&nbsp;&nbsp;&nbsp;Sayg\u0131lar\u0131m\u0131zla&#8230;<\/p>\n<table border=\"0\" cellspacing=\"4\" cellpadding=\"4\" class=\"NormalYazi\" align=\"center\">\n<tbody>\n<tr>\n<td style=\"width: 300px\">\u0130STANBUL ECZACI ODASI<br \/>ANKARA ECZACI ODASI<br \/>\u0130ZM\u0130R ECZACI ODASI<br \/>SAMSUN ECZACI ODASI<br \/>BURSA ECZACI ODASI<\/td>\n<td style=\"width: 50px\">&nbsp;<\/td>\n<td style=\"width: 300px\">ZONGULDAK ECZACI ODASI<br \/>KASTAMONU ECZACI ODASI<br \/>TOKAT ECZACI ODASI<br \/>&Ccedil;ORUM ECZACI ODASI<br \/>AMASYA ECZACI ODASI<\/td>\n<\/tr>\n<\/tbody>\n<\/table>\n<\/div>\n<\/td>\n<\/tr>\n<\/tbody>\n<\/table>\n","protected":false},"excerpt":{"rendered":"<p>\u0130stanbul, Ankara ve \u0130zmir eczac\u0131 odalar\u0131n\u0131n da&nbsp;yer ald\u0131\u011f\u0131 10 eczac\u0131 odas\u0131 15\/07\/2007 tarihli H&uuml;rriyet gazetesine verdiklari tam sayfa ilan ile&#46;&#46;&#46;<\/p>\n","protected":false},"author":1,"featured_media":0,"comment_status":"closed","ping_status":"closed","sticky":false,"template":"","format":"standard","meta":{"_jetpack_memberships_contains_paid_content":false,"footnotes":""},"categories":[1],"tags":[],"class_list":["post-3309","post","type-post","status-publish","format-standard","hentry","category-ced"],"aioseo_notices":[],"jetpack_featured_media_url":"","jetpack_sharing_enabled":true,"jetpack-related-posts":[],"_links":{"self":[{"href":"http:\/\/www.ced.org.tr\/index.php?rest_route=\/wp\/v2\/posts\/3309","targetHints":{"allow":["GET"]}}],"collection":[{"href":"http:\/\/www.ced.org.tr\/index.php?rest_route=\/wp\/v2\/posts"}],"about":[{"href":"http:\/\/www.ced.org.tr\/index.php?rest_route=\/wp\/v2\/types\/post"}],"author":[{"embeddable":true,"href":"http:\/\/www.ced.org.tr\/index.php?rest_route=\/wp\/v2\/users\/1"}],"replies":[{"embeddable":true,"href":"http:\/\/www.ced.org.tr\/index.php?rest_route=%2Fwp%2Fv2%2Fcomments&post=3309"}],"version-history":[{"count":0,"href":"http:\/\/www.ced.org.tr\/index.php?rest_route=\/wp\/v2\/posts\/3309\/revisions"}],"wp:attachment":[{"href":"http:\/\/www.ced.org.tr\/index.php?rest_route=%2Fwp%2Fv2%2Fmedia&parent=3309"}],"wp:term":[{"taxonomy":"category","embeddable":true,"href":"http:\/\/www.ced.org.tr\/index.php?rest_route=%2Fwp%2Fv2%2Fcategories&post=3309"},{"taxonomy":"post_tag","embeddable":true,"href":"http:\/\/www.ced.org.tr\/index.php?rest_route=%2Fwp%2Fv2%2Ftags&post=3309"}],"curies":[{"name":"wp","href":"https:\/\/api.w.org\/{rel}","templated":true}]}}