{"id":3310,"date":"2007-07-20T10:34:40","date_gmt":"2007-07-20T07:34:40","guid":{"rendered":"http:\/\/www.ced.org.tr\/?p=3310"},"modified":"2007-07-20T10:34:40","modified_gmt":"2007-07-20T07:34:40","slug":"eczacibasi-ve-biofarma-ilac-firmalarina-boykot","status":"publish","type":"post","link":"http:\/\/www.ced.org.tr\/?p=3310","title":{"rendered":"ECZACIBA\u015eI VE B\u0130OFARMA \u0130LA\u00c7 F\u0130RMALARINA BOYKOT"},"content":{"rendered":"<p style=\"margin: 0cm 0cm 0pt\" class=\"MsoNormal\"><font face=\"Times New Roman\" size=\"3\" color=\"#000000\">Eczac\u0131lar Biofarma ve Eczac\u0131ba\u015f\u0131 \u0130la&ccedil; Firmalar\u0131na boykota haz\u0131rlan\u0131yor.\u0130ki ila&ccedil; firmas\u0131n\u0131n <\/font><font face=\"Times New Roman\" size=\"3\" color=\"#000000\">1 A\u011fustos-2007 tarihinde ba\u015flataca\u011f\u0131 %7 eczac\u0131 iskontolar\u0131n\u0131 indirme karar\u0131 eczac\u0131 taban\u0131n da <\/font><font face=\"Times New Roman\" size=\"3\" color=\"#000000\">yo\u011fun bir tepkiye yol a&ccedil;m\u0131\u015f durumdad\u0131r.<\/font> <\/p>\n<p style=\"margin: 0cm 0cm 0pt\" class=\"MsoNormal\">&nbsp;<\/p>\n<p style=\"margin: 0cm 0cm 0pt\" class=\"MsoNormal\"><font face=\"Times New Roman\" size=\"3\" color=\"#000000\">S&ouml;z konusu ila&ccedil; firmalar\u0131 yapt\u0131klar\u0131 a&ccedil;\u0131klamada kendi aralar\u0131nda s&uuml;rd&uuml;rd&uuml;kleri mal fazlas\u0131 r<\/font><font face=\"Times New Roman\" size=\"3\" color=\"#000000\">ekabeti nedeniyle bu uygulamay\u0131 ba\u015flatmak zorunda kald\u0131klar\u0131n\u0131 s&ouml;yl&uuml;yorlar ancak bu ve benzeri hi&ccedil;bir gerek&ccedil;e faturas\u0131 eczac\u0131lara &ccedil;\u0131kar\u0131lacak bir uygulamay\u0131 hakl\u0131 g&ouml;stermeye yetmez.<\/font><\/p>\n<p><font face=\"Times New Roman\" size=\"3\" color=\"#000000\">&nbsp;<\/font> <\/p>\n<p style=\"margin: 0cm 0cm 0pt\" class=\"MsoNormal\"><font face=\"Times New Roman\" size=\"3\" color=\"#000000\">Hat\u0131rlanaca\u011f\u0131 gibi benzeri bir uygulama eski Sa\u011fl\u0131k Bakan\u0131 Osman Durmu\u015f d&ouml;neminde de g<\/font><font face=\"Times New Roman\" size=\"3\" color=\"#000000\">&uuml;ndeme getirilmi\u015f,<span>&nbsp; <\/span>eczac\u0131 kar marj\u0131 bir gece yar\u0131s\u0131 kararnamesiyle %10 geriye &ccedil;ekilmi\u015fti. <\/font><font face=\"Times New Roman\" size=\"3\" color=\"#000000\">Bu haks\u0131z ve emrivaki uygulama t&uuml;m T&uuml;rkiye genelinde 23 bin eczac\u0131y\u0131 kepenk kapatma noktas\u0131na getirmi\u015fti.<\/font><\/p>\n<p><font face=\"Times New Roman\" size=\"3\" color=\"#000000\">&nbsp;<\/font> <\/p>\n<p style=\"margin: 0cm 0cm 0pt\" class=\"MsoNormal\"><font face=\"Times New Roman\" size=\"3\" color=\"#000000\">Ayn\u0131 uygulaman\u0131n bu kez iki s&ouml;zde jenerik&ccedil;i ila&ccedil; firmalar\u0131 taraf\u0131ndan g&uuml;ndeme getirilmesi eczac\u0131lar aras\u0131nda yo\u011fun bir tepkiye ve hareketlili\u011fe yol a&ccedil;m\u0131\u015f durundad\u0131r.<\/font><\/p>\n<p><font face=\"Times New Roman\" size=\"3\" color=\"#000000\">&nbsp;<\/font> <\/p>\n<p style=\"margin: 0cm 0cm 0pt\" class=\"MsoNormal\"><font face=\"Times New Roman\" size=\"3\" color=\"#000000\">Eczac\u0131ba\u015f\u0131 ve Biofarma \u0130la&ccedil; Firmalar\u0131 bu uygulamadan vazge&ccedil;medikleri taktirde boykotun yak\u0131n bir zamanda g&uuml;ndeme gelece\u011fi g&ouml;r&uuml;l&uuml;yor.<\/font><\/p>\n","protected":false},"excerpt":{"rendered":"<p>Eczac\u0131lar Biofarma ve Eczac\u0131ba\u015f\u0131 \u0130la&ccedil; Firmalar\u0131na boykota haz\u0131rlan\u0131yor.\u0130ki ila&ccedil; firmas\u0131n\u0131n 1 A\u011fustos-2007 tarihinde ba\u015flataca\u011f\u0131 %7 eczac\u0131 iskontolar\u0131n\u0131 indirme karar\u0131 eczac\u0131&#46;&#46;&#46;<\/p>\n","protected":false},"author":1,"featured_media":0,"comment_status":"closed","ping_status":"closed","sticky":false,"template":"","format":"standard","meta":{"_jetpack_memberships_contains_paid_content":false,"footnotes":""},"categories":[1],"tags":[],"class_list":["post-3310","post","type-post","status-publish","format-standard","hentry","category-ced"],"aioseo_notices":[],"jetpack_featured_media_url":"","jetpack_sharing_enabled":true,"jetpack-related-posts":[],"_links":{"self":[{"href":"http:\/\/www.ced.org.tr\/index.php?rest_route=\/wp\/v2\/posts\/3310","targetHints":{"allow":["GET"]}}],"collection":[{"href":"http:\/\/www.ced.org.tr\/index.php?rest_route=\/wp\/v2\/posts"}],"about":[{"href":"http:\/\/www.ced.org.tr\/index.php?rest_route=\/wp\/v2\/types\/post"}],"author":[{"embeddable":true,"href":"http:\/\/www.ced.org.tr\/index.php?rest_route=\/wp\/v2\/users\/1"}],"replies":[{"embeddable":true,"href":"http:\/\/www.ced.org.tr\/index.php?rest_route=%2Fwp%2Fv2%2Fcomments&post=3310"}],"version-history":[{"count":0,"href":"http:\/\/www.ced.org.tr\/index.php?rest_route=\/wp\/v2\/posts\/3310\/revisions"}],"wp:attachment":[{"href":"http:\/\/www.ced.org.tr\/index.php?rest_route=%2Fwp%2Fv2%2Fmedia&parent=3310"}],"wp:term":[{"taxonomy":"category","embeddable":true,"href":"http:\/\/www.ced.org.tr\/index.php?rest_route=%2Fwp%2Fv2%2Fcategories&post=3310"},{"taxonomy":"post_tag","embeddable":true,"href":"http:\/\/www.ced.org.tr\/index.php?rest_route=%2Fwp%2Fv2%2Ftags&post=3310"}],"curies":[{"name":"wp","href":"https:\/\/api.w.org\/{rel}","templated":true}]}}