{"id":3311,"date":"2007-07-24T18:37:29","date_gmt":"2007-07-24T15:37:29","guid":{"rendered":"http:\/\/www.ced.org.tr\/?p=3311"},"modified":"2007-07-24T18:37:29","modified_gmt":"2007-07-24T15:37:29","slug":"biofarma-iskontolari-eski-haline-getirdi","status":"publish","type":"post","link":"http:\/\/www.ced.org.tr\/?p=3311","title":{"rendered":"B\u0130OFARMA \u0130SKONTOLARI ESK\u0130 HAL\u0130NE GET\u0130RD\u0130"},"content":{"rendered":"<p>Eczac\u0131ba\u015f\u0131 ve Biofarma ila&ccedil; firmalar\u0131 taraf\u0131ndan Temmuz ay\u0131n\u0131n ilk haftas\u0131nda al\u0131nan bir karar gere\u011fi %7 eczac\u0131 iskontolar\u0131 s\u0131f\u0131ra indirilmi\u015f ve uygulaman\u0131n 1 A\u011fustos 2007&#39;den itibaren ba\u015flayaca\u011f\u0131 duyurulmu\u015ftu. \u0130ki ila&ccedil; firmas\u0131 taraf\u0131ndan al\u0131nan bu karar eczac\u0131 taban\u0131nda yo\u011fun tepkilere yol a&ccedil;m\u0131\u015f ve s&ouml;z konusu firmalara kar\u015f\u0131 boykot karar\u0131 t&uuml;m eczane taban\u0131nda yo\u011fun olarak konu\u015fulmaya ba\u015flam\u0131\u015ft\u0131r. Eylem eli kula\u011f\u0131nda iken iki ila&ccedil; firmas\u0131 taraf\u0131ndan ila&ccedil; depolar\u0131na ve \u0130stanbul eczac\u0131 odas\u0131na yaz\u0131l\u0131 bir a&ccedil;\u0131klama g&ouml;nderildi.<\/p>\n<p>&nbsp;<\/p>\n<p>Biofarma ila&ccedil; firmas\u0131 taraf\u0131ndan yap\u0131lan yaz\u0131l\u0131 a&ccedil;\u0131klamada; &quot;7 Temmuz 2007 tarihinda kald\u0131r\u0131l\u0131ca\u011f\u0131 duyurulan ticari iskontolar\u0131n y&ouml;netim kurulu karar\u0131 ile 23 Temmuz 2007&#39;den itibaren eski haline getirildi\u011fi&quot; bildiriliyor.<\/p>\n<p><\/p>\n<p>Eczac\u0131ba\u015f\u0131 ila&ccedil; firmas\u0131 taraf\u0131ndan yap\u0131lan yaz\u0131l\u0131 a&ccedil;\u0131klamada; &quot;04 Temmuz 2007 tarihinde geri &ccedil;ekilen %7 iskonto karar\u0131n\u0131n de\u011ferlendirme a\u015famas\u0131nda oldu\u011fu ve A\u011fustos ay\u0131nda ilgili kurullara gerekli bilginin verilece\u011fi&quot; bildirildi.<\/p>\n","protected":false},"excerpt":{"rendered":"<p>Eczac\u0131ba\u015f\u0131 ve Biofarma ila&ccedil; firmalar\u0131 taraf\u0131ndan Temmuz ay\u0131n\u0131n ilk haftas\u0131nda al\u0131nan bir karar gere\u011fi %7 eczac\u0131 iskontolar\u0131 s\u0131f\u0131ra indirilmi\u015f ve&#46;&#46;&#46;<\/p>\n","protected":false},"author":1,"featured_media":0,"comment_status":"closed","ping_status":"closed","sticky":false,"template":"","format":"standard","meta":{"_jetpack_memberships_contains_paid_content":false,"footnotes":""},"categories":[1],"tags":[],"class_list":["post-3311","post","type-post","status-publish","format-standard","hentry","category-ced"],"aioseo_notices":[],"jetpack_featured_media_url":"","jetpack_sharing_enabled":true,"jetpack-related-posts":[],"_links":{"self":[{"href":"http:\/\/www.ced.org.tr\/index.php?rest_route=\/wp\/v2\/posts\/3311","targetHints":{"allow":["GET"]}}],"collection":[{"href":"http:\/\/www.ced.org.tr\/index.php?rest_route=\/wp\/v2\/posts"}],"about":[{"href":"http:\/\/www.ced.org.tr\/index.php?rest_route=\/wp\/v2\/types\/post"}],"author":[{"embeddable":true,"href":"http:\/\/www.ced.org.tr\/index.php?rest_route=\/wp\/v2\/users\/1"}],"replies":[{"embeddable":true,"href":"http:\/\/www.ced.org.tr\/index.php?rest_route=%2Fwp%2Fv2%2Fcomments&post=3311"}],"version-history":[{"count":0,"href":"http:\/\/www.ced.org.tr\/index.php?rest_route=\/wp\/v2\/posts\/3311\/revisions"}],"wp:attachment":[{"href":"http:\/\/www.ced.org.tr\/index.php?rest_route=%2Fwp%2Fv2%2Fmedia&parent=3311"}],"wp:term":[{"taxonomy":"category","embeddable":true,"href":"http:\/\/www.ced.org.tr\/index.php?rest_route=%2Fwp%2Fv2%2Fcategories&post=3311"},{"taxonomy":"post_tag","embeddable":true,"href":"http:\/\/www.ced.org.tr\/index.php?rest_route=%2Fwp%2Fv2%2Ftags&post=3311"}],"curies":[{"name":"wp","href":"https:\/\/api.w.org\/{rel}","templated":true}]}}