{"id":3313,"date":"2007-08-03T11:15:33","date_gmt":"2007-08-03T08:15:33","guid":{"rendered":"http:\/\/www.ced.org.tr\/?p=3313"},"modified":"2007-08-03T11:15:33","modified_gmt":"2007-08-03T08:15:33","slug":"recete-kolisi-hazirlarken-dikkat-edilecek-hususlar","status":"publish","type":"post","link":"http:\/\/www.ced.org.tr\/?p=3313","title":{"rendered":"RE\u00c7ETE KOL\u0130S\u0130 HAZIRLARKEN D\u0130KKAT ED\u0130LECEK HUSUSLAR"},"content":{"rendered":"<p>SGK internet sitesinde yay\u0131nlanan &quot;Re&ccedil;ete Kolisi Haz\u0131rlarken Dikkat Edilecek Hususlar &quot; ba\u015fl\u0131kl\u0131 yaz\u0131da koli teslimat\u0131 ile ilgili kurallar yer al\u0131yor. Meslekta\u015flar\u0131m\u0131z kolilerini haz\u0131rlarken bu kurallara dikkat etmelidir.<\/p>\n<p>&nbsp;<\/p>\n<p class=\"MsoNormal\" align=\"left\"><span style=\"font-size: 8pt; font-family: Verdana\">Eczac\u0131lar\u0131m\u0131z\u0131n re&ccedil;etelerin incelenmesi ve &ouml;demelerin vaktinde yap\u0131lmas\u0131 i&ccedil;in re&ccedil;ete kolilerini haz\u0131rlarken a\u015fa\u011f\u0131da <span>&nbsp;<\/span>belirtilen hususlarda hassasiyet g&ouml;stermelerini rica ederiz.<\/span><\/p>\n<p><\/p>\n<p class=\"MsoNormal\" align=\"left\"><span class=\"mainarea\"><strong>Koli Haz\u0131rlarken Dikkat Edilecek Hususlar<\/strong><\/p>\n<p><strong>1)Boyut:<\/strong> Kolilerin standart raf d&uuml;zenimizde alan kayb\u0131 olmadan yer bulabilmesi i&ccedil;in a\u015fa\u011f\u0131daki boyutlardan birinde olmas\u0131 gerekir. Kolideki a\u015f\u0131r\u0131 \u015fi\u015fkinlik yada a\u015f\u0131r\u0131 bo\u015fluklar ezilme ve s\u0131k\u0131\u015fma durumlar\u0131nda kolinin hasar g&ouml;rmesine sebep oldu\u011fundan re&ccedil;ete say\u0131s\u0131na uygun ebatlarda koli se&ccedil;ilmesine dikkat edilmelidir.<\/p>\n<p>&nbsp;&nbsp;&nbsp; &nbsp;&nbsp;&nbsp; &nbsp;&nbsp;&nbsp; 40x30x18<\/p>\n<p>&nbsp;&nbsp;&nbsp;&nbsp;&nbsp;&nbsp;&nbsp;&nbsp;&nbsp;&nbsp;&nbsp; 40x30x9<\/p>\n<p>&nbsp;&nbsp;&nbsp;&nbsp;&nbsp;&nbsp;&nbsp;&nbsp;&nbsp;&nbsp;&nbsp; 40x30x4,5&nbsp;&nbsp;&nbsp;&nbsp;&nbsp;&nbsp; &nbsp;<\/p>\n<p><strong>2)Renk: <\/strong>Aranan kolilerin daha &ccedil;abuk bulunabilmesi i&ccedil;in koliler a\u015fa\u011f\u0131daki renklerde olmal\u0131d\u0131r.<\/p>\n<p>&nbsp;&nbsp;&nbsp;&nbsp;&nbsp;&nbsp;&nbsp;&nbsp;&nbsp;&nbsp;&nbsp; SARI&nbsp;&nbsp;&nbsp;&nbsp; \u0130stanbul eczaneleri&nbsp;&nbsp;&nbsp;&nbsp;&nbsp; &nbsp;<\/p>\n<p>&nbsp;&nbsp;&nbsp;&nbsp;&nbsp;&nbsp;&nbsp;&nbsp;&nbsp;&nbsp;&nbsp; MAV\u0130&nbsp;&nbsp;&nbsp;&nbsp; Tekirda\u011f,Edirne,K\u0131rklareli eczaneleri ve Yurt d\u0131\u015f\u0131&nbsp;&nbsp;&nbsp;&nbsp;&nbsp;&nbsp;&nbsp;&nbsp;&nbsp;&nbsp; &nbsp;<\/p>\n<p>&nbsp;&nbsp;&nbsp;&nbsp;&nbsp;&nbsp;&nbsp;&nbsp;&nbsp;&nbsp;&nbsp; KIRMIZI&nbsp; Kan &uuml;r&uuml;n&uuml;&nbsp;&nbsp;&nbsp;&nbsp;&nbsp;&nbsp;&nbsp;&nbsp;&nbsp;&nbsp;&nbsp;&nbsp;&nbsp;&nbsp;&nbsp;&nbsp;&nbsp;&nbsp;&nbsp;&nbsp;&nbsp;&nbsp;&nbsp;&nbsp;&nbsp;&nbsp;&nbsp;&nbsp;&nbsp;&nbsp;&nbsp;&nbsp;&nbsp;&nbsp;&nbsp;&nbsp;&nbsp;&nbsp;&nbsp;&nbsp; &nbsp;<\/p>\n<p><strong>3)Re&ccedil;ete t&uuml;r&uuml;: <\/strong>Re&ccedil;eteler&nbsp; 2 ayr\u0131 kategoride incelenece\u011finden a\u015fa\u011f\u0131daki \u015fekilde grupland\u0131r\u0131larak haz\u0131rlanmal\u0131d\u0131r.<\/p>\n<p>&nbsp;&nbsp;&nbsp; A grubu:Emekli Sand\u0131\u011f\u0131, SSk, Ba\u011fkur i&ccedil;in ayn\u0131 gruptaki re&ccedil;eteler bu koliye konulmal\u0131d\u0131r.<\/p>\n<p>&nbsp;&nbsp;&nbsp; B grubu:Emekli Sand\u0131\u011f\u0131, SSk, Ba\u011fkur i&ccedil;in ayn\u0131 gruptaki re&ccedil;eteler bu koliye konulmal\u0131d\u0131r.<\/p>\n<p><strong>Teslimat i&ccedil;in esaslar<\/strong><\/p>\n<p><strong>Koli kapa\u011f\u0131na;<\/strong> A ve B grubu re&ccedil;ete kolileri i&ccedil;in ayr\u0131 ayr\u0131 olmak &uuml;zere;<\/p>\n<p>&nbsp;&nbsp;&nbsp;&nbsp;&nbsp;&nbsp;&nbsp;&nbsp;&nbsp;&nbsp;&nbsp; 1)D&ouml;k&uuml;m no ve Sicil no koli &uuml;zerine yaz\u0131lmal\u0131<\/p>\n<p>&nbsp;&nbsp;&nbsp; &nbsp;&nbsp;&nbsp; &nbsp;&nbsp;&nbsp; 2)Koli &uuml;zerine hangi grup oldu\u011fu g&ouml;ze &ccedil;arpar \u015fekilde yaz\u0131lmal\u0131 (A ve B)<\/p>\n<p>&nbsp;&nbsp;&nbsp; &nbsp;&nbsp;&nbsp; &nbsp;&nbsp;&nbsp; 3)1 SSK ,1 Ba\u011f kur, 1 Emekli Sand\u0131\u011f\u0131 D&ouml;k&uuml;m &Ouml;zet Bilgisi yap\u0131\u015ft\u0131r\u0131lmal\u0131<\/p>\n<p><strong>Koli i&ccedil;erisine;<\/strong><\/p>\n<p>&nbsp;&nbsp;&nbsp;<u> A grubu re&ccedil;etelerde;<\/u>Ssk,Ba\u011fkur,Emekli Sand\u0131\u011f\u0131 re&ccedil;eteleri ayr\u0131 po\u015fetlerde&nbsp; tek koliye konulmal\u0131,re&ccedil;etelerin yan\u0131nda a\u015fa\u011f\u0131daki evraklarda koliye yerle\u015ftirilmelidir<\/p>\n<p>&nbsp;&nbsp;&nbsp; &nbsp;&nbsp;&nbsp; 3 SSK,3 Ba\u011fkur,3 Emekli Sand\u0131\u011f\u0131 D&ouml;k&uuml;m &Ouml;zet Bilgisi<\/p>\n<p>&nbsp;&nbsp;&nbsp; &nbsp;&nbsp;&nbsp; 3 SSK,3 Ba\u011fkur,3 Emekli Sand\u0131\u011f\u0131 (1 As\u0131l 2 Fotokopi )Fatura*<\/p>\n<p>&nbsp;&nbsp;&nbsp; &nbsp;&nbsp;&nbsp; 3 SSK,3 Ba\u011fkur,3 Emekli Sand\u0131\u011f\u0131 D&ouml;k&uuml;m Listesi &nbsp;<\/p>\n<p>&nbsp;&nbsp;&nbsp; <u>B grubu re&ccedil;etelerde;<\/u> SSK,Ba\u011fkur,Emekli Sand\u0131\u011f\u0131 re&ccedil;eteleri ayr\u0131 po\u015fetlerde&nbsp; tek koliye konulmal\u0131,re&ccedil;etelerin yan\u0131nda a\u015fa\u011f\u0131daki evraklarda koliye yerle\u015ftirilmelidir;<\/p>\n<p>&nbsp;&nbsp;&nbsp; &nbsp;&nbsp;&nbsp; 3 SSK,3 Ba\u011fkur,3 Emekli Sand\u0131\u011f\u0131 D&ouml;k&uuml;m &Ouml;zet Bilgisi<\/p>\n<p>&nbsp;&nbsp;&nbsp; &nbsp;&nbsp;&nbsp; 3 SSK,3 Ba\u011fkur,3 Emekli Sand\u0131\u011f\u0131 (1 As\u0131l 2 Fotokopi )Fatura*<\/p>\n<p>&nbsp;&nbsp;&nbsp; &nbsp;&nbsp;&nbsp; 3 SSK,3 Ba\u011fkur,3 Emekli Sand\u0131\u011f\u0131 D&ouml;k&uuml;m Listesi &nbsp;<\/p>\n<p>&nbsp;&nbsp;&nbsp; Eczac\u0131lar\u0131m\u0131z fatura asl\u0131na ek olarak 1. ve 7. aylar\u0131n sonunda Ba\u011fkur ve SSK ya ait prim borcu yoktur belgelerini eklemelidirler. E\u011fer SSK l\u0131 &ccedil;al\u0131\u015fan\u0131 yok ise bu durumu da resmi olarak belgelemelidirler.<\/p>\n<p>&nbsp;&nbsp;&nbsp;&nbsp;&nbsp;&nbsp;&nbsp;&nbsp;&nbsp;&nbsp;&nbsp; Prim borcu yok ise SSK i&ccedil;in www.sgk.gov.tr adresinden ,Ba\u011fkur i&ccedil;in www.bagkur.gov.tr adresinden,<\/p>\n<p>&nbsp;&nbsp;&nbsp; &nbsp;&nbsp;&nbsp; &nbsp;&nbsp;&nbsp; Prim borcu var ise ilgili il m&uuml;d&uuml;rl&uuml;klerinden gereken evrak\u0131 alarak fatura asl\u0131na eklemelidirler.<\/p>\n<p>&nbsp;&nbsp;&nbsp; **A ve B grubu re&ccedil;eteler ayr\u0131 ayr\u0131 kolilere konulmal\u0131d\u0131r.Eczac\u0131lar\u0131m\u0131z\u0131n bu konuya &ccedil;ok dikkat etmeleri gerekmektedir.<\/p>\n<p><strong>Evrak servisine teslim edilmek &uuml;zere <\/strong>\u015eeffaf dosya i&ccedil;erisine a\u015fa\u011f\u0131daki evraklar konulmal\u0131d\u0131r.<\/p>\n<p>&nbsp;&nbsp;&nbsp; &nbsp;&nbsp;&nbsp; &nbsp;&nbsp;&nbsp; 1 SSK ,1 Ba\u011fkur ,1 Emekli Sand\u0131\u011f\u0131 D&ouml;k&uuml;m &Ouml;zet Bilgisi<\/p>\n<p>&nbsp;&nbsp;&nbsp;&nbsp;&nbsp;&nbsp;&nbsp;&nbsp;&nbsp;&nbsp;&nbsp; 1 SSK ,1 Ba\u011fkur ,1 Emekli Sand\u0131\u011f\u0131 Fatura Fotokopisi<\/span><\/p>\n<div align=\"left\">&nbsp;<span class=\"mainarea\">&nbsp;&nbsp;&nbsp;&nbsp;&nbsp;&nbsp;&nbsp;&nbsp;&nbsp;&nbsp; 1 SSK ,1 Ba\u011fkur ,1 Emekli Sand\u0131\u011f\u0131 D&ouml;k&uuml;m Listesi (barkod numaralar\u0131n\u0131n bulundu\u011fu ilk sayfas\u0131)<\/span><br \/>&nbsp;<\/div>\n<div align=\"left\"><span class=\"mainarea\">&nbsp;&nbsp;&nbsp;&nbsp;&nbsp;&nbsp;&nbsp;&nbsp;&nbsp;&nbsp;&nbsp; 1 Adet Taahh&uuml;tname (Her kurumun re&ccedil;ete say\u0131s\u0131,re&ccedil;ete tutar\u0131,d&ouml;nemi,tarihi,grubunu ayr\u0131 ayr\u0131 belirten)<\/p>\n<p><strong><u>Kan &uuml;r&uuml;n&uuml; re&ccedil;eteleri; <\/u><\/strong>Ssk,Ba\u011fkur,Emekli Sand\u0131\u011f\u0131 re&ccedil;eteleri&nbsp;&nbsp;&nbsp;&nbsp;&nbsp; ayr\u0131 po\u015fetlerde&nbsp; tek koliye konulmal\u0131<\/p>\n<p><\/span><\/div>\n<div align=\"left\">\n<blockquote><p>3 SSK,3 Ba\u011fkur,3 Emekli Sand\u0131\u011f\u0131 D&ouml;k&uuml;m &Ouml;zet Bilgisi<\/p>\n<p>3 SSK,3 Ba\u011fkur,3 Emekli Sand\u0131\u011f\u0131 (1 As\u0131l 2 Fotokopi )Fatura<\/p>\n<p>3 SSK,3 Ba\u011fkur,3 Emekli Sand\u0131\u011f\u0131 D&ouml;k&uuml;m Listesi&nbsp;&nbsp; koliye yerle\u015ftirilmelidir<\/p><\/blockquote>\n<\/div>\n<div class=\"mainarea\" align=\"left\"><strong><u>Yurt d\u0131\u015f\u0131 re&ccedil;eteler;<\/u><\/strong><\/p>\n<p>&nbsp;&nbsp;&nbsp; &nbsp;&nbsp;&nbsp;&nbsp;&nbsp; 3 (1 As\u0131l 2 Fotokopi) Fatura<\/p><\/div>\n<div class=\"mainarea\" align=\"left\">&nbsp;&nbsp;&nbsp; &nbsp;&nbsp; &nbsp;&nbsp; 3 Re&ccedil;ete Listesi&nbsp;&nbsp; koliye yerle\u015ftirilmelidir.<\/div>\n<div class=\"mainarea\" align=\"left\">&nbsp;&nbsp;&nbsp; Yurt d\u0131\u015f\u0131 re&ccedil;etelerinin&nbsp; faturalar\u0131 haz\u0131rlan\u0131rken her &uuml;lke i&ccedil;in ayr\u0131 fatura kesilmelidir.<\/div>\n<div class=\"mainarea\" align=\"left\">&nbsp;&nbsp;&nbsp; (Yurt d\u0131\u015f\u0131 re&ccedil;etelerinin haz\u0131rlanmas\u0131 ile ilgili bilgilendirme daha sonra yap\u0131lacakt\u0131r.)<\/p>\n<p>T&uuml;m faturalar haz\u0131rlan\u0131rken;<\/p>\n<p>&nbsp;&nbsp;&nbsp; &nbsp;&nbsp;&nbsp; Fatura (Asl\u0131 veya Fotokopisi)<\/p>\n<p>&nbsp;&nbsp;&nbsp; &nbsp;&nbsp;&nbsp; D&ouml;k&uuml;m &Ouml;zet bilgisi<\/p>\n<p>&nbsp;&nbsp;&nbsp; &nbsp;&nbsp;&nbsp; D&ouml;k&uuml;m Listesi&nbsp; s\u0131ralamas\u0131na dikkat edilmelidir.<\/p><\/div>\n<div class=\"mainarea\" align=\"left\">&nbsp;&nbsp;&nbsp; &nbsp;&nbsp; &nbsp;<\/div>\n<div class=\"mainarea\" align=\"left\">***Fatura fotokopileri i&ccedil;in asl\u0131 gibidir onay\u0131 gerekmemektedir.<\/div>\n","protected":false},"excerpt":{"rendered":"<p>SGK internet sitesinde yay\u0131nlanan &quot;Re&ccedil;ete Kolisi Haz\u0131rlarken Dikkat Edilecek Hususlar &quot; ba\u015fl\u0131kl\u0131 yaz\u0131da koli teslimat\u0131 ile ilgili kurallar yer al\u0131yor.&#46;&#46;&#46;<\/p>\n","protected":false},"author":1,"featured_media":0,"comment_status":"closed","ping_status":"closed","sticky":false,"template":"","format":"standard","meta":{"_jetpack_memberships_contains_paid_content":false,"footnotes":""},"categories":[1],"tags":[],"class_list":["post-3313","post","type-post","status-publish","format-standard","hentry","category-ced"],"aioseo_notices":[],"jetpack_featured_media_url":"","jetpack_sharing_enabled":true,"jetpack-related-posts":[],"_links":{"self":[{"href":"http:\/\/www.ced.org.tr\/index.php?rest_route=\/wp\/v2\/posts\/3313","targetHints":{"allow":["GET"]}}],"collection":[{"href":"http:\/\/www.ced.org.tr\/index.php?rest_route=\/wp\/v2\/posts"}],"about":[{"href":"http:\/\/www.ced.org.tr\/index.php?rest_route=\/wp\/v2\/types\/post"}],"author":[{"embeddable":true,"href":"http:\/\/www.ced.org.tr\/index.php?rest_route=\/wp\/v2\/users\/1"}],"replies":[{"embeddable":true,"href":"http:\/\/www.ced.org.tr\/index.php?rest_route=%2Fwp%2Fv2%2Fcomments&post=3313"}],"version-history":[{"count":0,"href":"http:\/\/www.ced.org.tr\/index.php?rest_route=\/wp\/v2\/posts\/3313\/revisions"}],"wp:attachment":[{"href":"http:\/\/www.ced.org.tr\/index.php?rest_route=%2Fwp%2Fv2%2Fmedia&parent=3313"}],"wp:term":[{"taxonomy":"category","embeddable":true,"href":"http:\/\/www.ced.org.tr\/index.php?rest_route=%2Fwp%2Fv2%2Fcategories&post=3313"},{"taxonomy":"post_tag","embeddable":true,"href":"http:\/\/www.ced.org.tr\/index.php?rest_route=%2Fwp%2Fv2%2Ftags&post=3313"}],"curies":[{"name":"wp","href":"https:\/\/api.w.org\/{rel}","templated":true}]}}