{"id":3314,"date":"2007-08-24T15:09:09","date_gmt":"2007-08-24T12:09:09","guid":{"rendered":"http:\/\/www.ced.org.tr\/?p=3314"},"modified":"2007-08-24T15:09:09","modified_gmt":"2007-08-24T12:09:09","slug":"barisarockta-bulusuyoruz","status":"publish","type":"post","link":"http:\/\/www.ced.org.tr\/?p=3314","title":{"rendered":"BARI\u015eAROCK&#8217;TA BULU\u015eUYORUZ"},"content":{"rendered":"<p><span><strong>Kar\u015f\u0131 festival, Bar\u0131\u015faRock 2007, 24-25-26 A\u011fustos tarihlerinde k&uuml;resel direni\u015fin bir par&ccedil;as\u0131, bar\u0131\u015f, adalet, e\u015fitlik, &ouml;zg&uuml;rl&uuml;k ve dayan\u0131\u015fmadan yana milyarlar\u0131n \u015fen sesi olmaya devam edecek.&nbsp;<\/strong><\/span><img loading=\"lazy\" decoding=\"async\" src=\"images\/stories\/dernek\/barisarock.jpg\" border=\"0\" alt=\"bar\u0131\u015farock 2007\" title=\"bar\u0131\u015farock 2007\" hspace=\"4\" vspace=\"4\" width=\"100\" height=\"89\" align=\"left\" \/> <\/p>\n<div><span style=\"color: #000000\" class=\"style9\"><\/p>\n<div>Ayr\u0131nt\u0131l\u0131 bilgi i&ccedil;in <\/div>\n<div><strong><u><font color=\"#810081\"><a href=\"http:\/\/www.barisarock.org\/\" target=\"_blank\" title=\"bar\u0131\u015farock 2007\">http:\/\/www.barisarock.org\/<\/a><\/font><\/u><\/strong><\/div>\n<p><\/span><\/div>\n<div><strong><span style=\"color: #000000\" class=\"style9\">BARI\u015eAROCK<\/span> NEYE KAR\u015eIDIR? <\/p>\n<p><\/strong>Bar\u0131\u015faRock&#39;ta her nota, her ses, her slogan, her &ccedil;aba Bushgillere kar\u015f\u0131. Bar\u0131\u015faRock&#39;ta b&uuml;t&uuml;n melodiler, sava\u015fa, i\u015fgale, i\u015fgalciye kar\u015f\u0131. Bar\u0131\u015faRock hayatlar\u0131m\u0131z\u0131 tahakk&uuml;m alt\u0131na alanlara kar\u015f\u0131. <\/p>\n<p>Her y\u0131l Bar\u0131\u015faRock daha da b&uuml;y&uuml;yor. Ne kadar b&uuml;y&uuml;rsek sesimiz o kadar yank\u0131lan\u0131yor. Ne kadar yank\u0131lan\u0131rsa sava\u015f &ccedil;\u0131\u011f\u0131rtkanlar\u0131 o kadar korkuyor.<\/p>\n<p>Onlar bir avu&ccedil;, biz milyarlar\u0131z.<\/p>\n<p>Onlar bir avu&ccedil; petrol t&uuml;ccar\u0131, silah sat\u0131c\u0131s\u0131, &ccedil;okuluslu \u015firket b&uuml;rokrat\u0131. Biz d&uuml;nyan\u0131n b&uuml;t&uuml;n sokaklar\u0131nda, b&uuml;t&uuml;n meydanlar\u0131nda, t&uuml;m o g&uuml;zel \u015fark\u0131lar\u0131m\u0131zla ABD m&uuml;dahalelerine, sendikas\u0131zla\u015ft\u0131rmalara, paral\u0131 e\u011fitime, cinsiyet&ccedil;i bask\u0131lara, \u0131rk ayr\u0131mc\u0131l\u0131\u011f\u0131na, yoksullu\u011fa, a&ccedil;l\u0131\u011fa, adaletsizli\u011fe, militarizme, &ouml;zelle\u015ftirmelere, k&uuml;resel iklim felaketine, milliyet&ccedil;ili\u011fe, n&uuml;kleer santrallere direnenlerdeniz&#8230; <\/p>\n<p>Bar\u0131\u015faRock 2007, 24-25-26 A\u011fustos tarihlerinde k&uuml;resel direni\u015fin bir par&ccedil;as\u0131, bar\u0131\u015f, adalet, e\u015fitlik, &ouml;zg&uuml;rl&uuml;k ve dayan\u0131\u015fmadan yana milyarlar\u0131n \u015fen sesi olmaya devam edecek.<\/p><\/div>\n<p><\/p>\n<div>\n<div><strong><span style=\"color: #000000\" class=\"style9\">Tarih: 24-25-26 A\u011fustos 2007<\/span><\/strong><\/div>\n<div><strong><span style=\"color: #000000\" class=\"style9\">Yer: Mehmet Akif Ersoy Park\u0131 \/ <\/span><\/strong><strong><span style=\"color: #000000\" class=\"style9\">Sar\u0131yer<\/span><\/strong><\/div>\n<\/div>\n","protected":false},"excerpt":{"rendered":"<p>Kar\u015f\u0131 festival, Bar\u0131\u015faRock 2007, 24-25-26 A\u011fustos tarihlerinde k&uuml;resel direni\u015fin bir par&ccedil;as\u0131, bar\u0131\u015f, adalet, e\u015fitlik, &ouml;zg&uuml;rl&uuml;k ve dayan\u0131\u015fmadan yana milyarlar\u0131n \u015fen&#46;&#46;&#46;<\/p>\n","protected":false},"author":1,"featured_media":0,"comment_status":"closed","ping_status":"closed","sticky":false,"template":"","format":"standard","meta":{"_jetpack_memberships_contains_paid_content":false,"footnotes":""},"categories":[1],"tags":[],"class_list":["post-3314","post","type-post","status-publish","format-standard","hentry","category-ced"],"aioseo_notices":[],"jetpack_featured_media_url":"","jetpack_sharing_enabled":true,"jetpack-related-posts":[],"_links":{"self":[{"href":"http:\/\/www.ced.org.tr\/index.php?rest_route=\/wp\/v2\/posts\/3314","targetHints":{"allow":["GET"]}}],"collection":[{"href":"http:\/\/www.ced.org.tr\/index.php?rest_route=\/wp\/v2\/posts"}],"about":[{"href":"http:\/\/www.ced.org.tr\/index.php?rest_route=\/wp\/v2\/types\/post"}],"author":[{"embeddable":true,"href":"http:\/\/www.ced.org.tr\/index.php?rest_route=\/wp\/v2\/users\/1"}],"replies":[{"embeddable":true,"href":"http:\/\/www.ced.org.tr\/index.php?rest_route=%2Fwp%2Fv2%2Fcomments&post=3314"}],"version-history":[{"count":0,"href":"http:\/\/www.ced.org.tr\/index.php?rest_route=\/wp\/v2\/posts\/3314\/revisions"}],"wp:attachment":[{"href":"http:\/\/www.ced.org.tr\/index.php?rest_route=%2Fwp%2Fv2%2Fmedia&parent=3314"}],"wp:term":[{"taxonomy":"category","embeddable":true,"href":"http:\/\/www.ced.org.tr\/index.php?rest_route=%2Fwp%2Fv2%2Fcategories&post=3314"},{"taxonomy":"post_tag","embeddable":true,"href":"http:\/\/www.ced.org.tr\/index.php?rest_route=%2Fwp%2Fv2%2Ftags&post=3314"}],"curies":[{"name":"wp","href":"https:\/\/api.w.org\/{rel}","templated":true}]}}