{"id":3315,"date":"2007-09-05T15:58:11","date_gmt":"2007-09-05T12:58:11","guid":{"rendered":"http:\/\/www.ced.org.tr\/?p=3315"},"modified":"2007-09-05T15:58:11","modified_gmt":"2007-09-05T12:58:11","slug":"cagdas-eczacilar-listelerini-acikladi","status":"publish","type":"post","link":"http:\/\/www.ced.org.tr\/?p=3315","title":{"rendered":"\u00c7A\u011eDA\u015e ECZACILAR L\u0130STELER\u0130N\u0130 A\u00c7IKLADI"},"content":{"rendered":"<p><span style=\"font-size: 11pt\"><font color=\"#000000\"><font face=\"Times New Roman\">\u0130stanbul Eczac\u0131 Odas\u0131&rsquo;n\u0131n 15-16 Eyl&uuml;l 2007 tarihinde yap\u0131lacak olan se&ccedil;imli ola\u011fan kongresinde y&ouml;netime yeniden aday olacak olan &Ccedil;a\u011fda\u015f Eczac\u0131lar Oda y&ouml;netim kurulu ve di\u011fer organlar\u0131 i&ccedil;in \u0130stanbul &Ccedil;a\u011fda\u015f Eczac\u0131lar Meclisi&rsquo;nde &ouml;n se&ccedil;imde belirledikleri aday listelerini a&ccedil;\u0131klad\u0131lar.<\/font><\/font><\/span><\/p>\n<div class=\"Section1\"><span style=\"font-size: 11pt\"><font color=\"#000000\"><font face=\"Times New Roman\">Y&ouml;netimleri d&ouml;neminde t&uuml;m eczac\u0131lara e\u015fit mesafede durmay\u0131 bir ilke olarak benimseyen &Ccedil;a\u011fda\u015f Eczac\u0131lar istikrar\u0131, adil y&ouml;netim anlay\u0131\u015flar\u0131yla da yaln\u0131zca &Ccedil;a\u011fda\u015f Eczac\u0131lar\u0131n de\u011fil t&uuml;m eczac\u0131lar\u0131n g&uuml;venini kazand\u0131lar. Eczac\u0131lar\u0131n hak ve hukukunu koruyup, savunmada T&uuml;rkiye Eczac\u0131l\u0131k Hareketi i&ccedil;inde &ouml;nemli bir diren&ccedil; oda\u011f\u0131 oldular.<\/font><\/font><\/span><\/div>\n<p><\/p>\n<div class=\"Section1\"><span style=\"font-size: 11pt\"><font color=\"#000000\"><font face=\"Times New Roman\">\u015eimdi ba\u015fta &Ccedil;a\u011fda\u015f Eczac\u0131lar olmak &uuml;zere t&uuml;m eczac\u0131lara d&uuml;\u015fen g&ouml;rev eczac\u0131l\u0131k mesle\u011fine d&ouml;n&uuml;k planlar\u0131 olan &ccedil;evrelerin bu planlar\u0131n\u0131 bo\u015fa &ccedil;\u0131kartmak i&ccedil;in &Ccedil;a\u011fda\u015f Eczac\u0131lara daha g&uuml;&ccedil;l&uuml; bir destekle sahip &ccedil;\u0131kmakt\u0131r. \u0130stikrar\u0131n, g&uuml;venin, adil, e\u015fitlik&ccedil;i, demokrat, &ouml;zg&uuml;rl&uuml;k&ccedil;&uuml;, hak ve hukuk arama m&uuml;cadelesinde direncin temsili olan bir y&ouml;netim anlay\u0131\u015f\u0131n\u0131 yeniden iktidara ta\u015f\u0131makt\u0131r.<\/font><\/font><\/span><\/div>\n<p><\/p>\n<div class=\"Section1\"><span style=\"font-size: 11pt\"><font color=\"#000000\"><font face=\"Times New Roman\">&Ccedil;a\u011fda\u015f Eczac\u0131lar t&uuml;m eczac\u0131lar ad\u0131na y&ouml;netim olmaya taliptir.<\/font><\/font><\/span><\/div>\n<p><\/p>\n<div class=\"Section1\"><span style=\"font-size: 11pt\"><font color=\"#000000\"><font face=\"Times New Roman\">Haydi, hep birlikte yeniden iktidara&hellip;<\/font><\/font><\/span><\/div>\n<p><\/p>\n<div class=\"Section1\"><font color=\"#000000\"><strong><span style=\"font-size: 11pt\"><font face=\"Times New Roman\">Y&Ouml;NET\u0130M<\/font><\/span><\/strong><strong><span style=\"font-size: 11pt; font-family: &#39;Arial Unicode MS&#39;\">&#8200;<\/span><\/strong><strong><span style=\"font-size: 11pt\"><font face=\"Times New Roman\">KURULU<\/font><\/span><\/strong><\/font><\/div>\n<p><span style=\"font-size: 11pt; font-family: &#39;Times New Roman&#39;\"><br \/><\/span><\/p>\n<div class=\"Section2\"><font color=\"#000000\"><font face=\"Times New Roman\"><strong><u><span style=\"font-size: 11pt\">AS\u0130L<\/span><\/u><\/strong><\/font><\/font><\/div>\n<div class=\"Section2\"><span style=\"font-size: 11pt\"><font color=\"#000000\"><font face=\"Times New Roman\">Ecz. A. Semih G&Uuml;NG&Ouml;R<\/font><\/font><\/span><\/div>\n<div class=\"Section2\"><span style=\"font-size: 11pt\"><font color=\"#000000\"><font face=\"Times New Roman\">Ecz. Z. Cenap SARIAL\u0130O\u011eLU<\/font><\/font><\/span><\/div>\n<div class=\"Section2\"><span style=\"font-size: 11pt\"><font color=\"#000000\"><font face=\"Times New Roman\">Ecz. Ayi\u015fe CO\u015eKUN KARATA\u015e<\/font><\/font><\/span><\/div>\n<div class=\"Section2\"><span style=\"font-size: 11pt\"><font color=\"#000000\"><font face=\"Times New Roman\">Ecz. A. Ru\u015fen D&Uuml;NDAR<\/font><\/font><\/span><\/div>\n<div class=\"Section2\"><span style=\"font-size: 11pt\"><font color=\"#000000\"><font face=\"Times New Roman\">Ecz. M. Turgay KORKMAZ<\/font><\/font><\/span><\/div>\n<div class=\"Section2\"><span style=\"font-size: 11pt\"><font color=\"#000000\"><font face=\"Times New Roman\">Ecz. Sibel &Ouml;ZKAN TARIM<\/font><\/font><\/span> <\/div>\n<p style=\"margin: 0cm 0cm 0pt\" class=\"MsoNormal\"><span style=\"font-size: 11pt\"><font color=\"#000000\"><font face=\"Times New Roman\">Ecz. Esranur SUSAR KOCABIYIK<\/font><\/font><\/span><\/p>\n<p style=\"margin: 0cm 0cm 0pt\" class=\"MsoNormal\">&nbsp;<\/p>\n<div class=\"Section2\"><font color=\"#000000\"><font face=\"Times New Roman\"><strong><u><span style=\"font-size: 11pt\">YEDEK<\/span><\/u><\/strong><\/font><\/font><\/div>\n<div class=\"Section2\"><span style=\"font-size: 11pt\"><font color=\"#000000\"><font face=\"Times New Roman\">Ecz. Serdar G&Ouml;KSAN<\/font><\/font><\/span><\/div>\n<div class=\"Section2\"><span style=\"font-size: 11pt\"><font color=\"#000000\"><font face=\"Times New Roman\">Ecz. Emine KAYA AK&Ccedil;AKARA<\/font><\/font><\/span><\/div>\n<div class=\"Section2\"><span style=\"font-size: 11pt\"><font color=\"#000000\"><font face=\"Times New Roman\">Ecz. I\u015f\u0131l YILDIRIM URGEN&Ccedil;<\/font><\/font><\/span><\/div>\n<div class=\"Section2\"><span style=\"font-size: 11pt\"><font color=\"#000000\"><font face=\"Times New Roman\">Ecz. \u0130hsan TURNALAR<\/font><\/font><\/span><\/div>\n<div class=\"Section2\"><span style=\"font-size: 11pt\"><font color=\"#000000\"><font face=\"Times New Roman\">Ecz. Serhat BALKAN<\/font><\/font><\/span><\/div>\n<div class=\"Section2\"><span style=\"font-size: 11pt\"><font color=\"#000000\"><font face=\"Times New Roman\">Ecz. U\u011fur G&Uuml;LA&Ccedil;TI<\/font><\/font><\/span><\/div>\n<div class=\"Section2\"><span style=\"font-size: 11pt\"><font color=\"#000000\"><font face=\"Times New Roman\">Ecz. U\u011fur G&Uuml;LERCE<\/font><\/font><\/span><\/div>\n<p><span style=\"font-size: 11pt; font-family: &#39;Times New Roman&#39;\"><br \/><\/span><\/p>\n<div class=\"Section3\"><strong><span style=\"font-size: 11pt\"><font color=\"#000000\"><font face=\"Times New Roman\">DENETLEME KURULU<\/font><\/font><\/span><\/strong><\/div>\n<p><span style=\"font-size: 11pt; font-family: &#39;Times New Roman&#39;\"><br \/><\/span><\/p>\n<div class=\"Section4\"><font color=\"#000000\"><font face=\"Times New Roman\"><strong><u><span style=\"font-size: 11pt\">AS\u0130L<\/span><\/u><\/strong><\/font><\/font><\/div>\n<div class=\"Section4\"><span style=\"font-size: 11pt\"><font color=\"#000000\"><font face=\"Times New Roman\">Prof. Dr. Sedef ATMACA<\/font><\/font><\/span><\/div>\n<div class=\"Section4\"><span style=\"font-size: 11pt\"><font color=\"#000000\"><font face=\"Times New Roman\">Ecz. Kemal AKDEM\u0130R<\/font><\/font><\/span> <\/div>\n<p style=\"margin: 0cm 0cm 0pt\" class=\"MsoNormal\"><span style=\"font-size: 11pt\"><font color=\"#000000\"><font face=\"Times New Roman\">Ecz. Ye\u015fim &Ccedil;ET\u0130NTA\u015e<\/font><\/font><\/span><\/p>\n<p style=\"margin: 0cm 0cm 0pt\" class=\"MsoNormal\">&nbsp;<\/p>\n<div class=\"Section4\"><font color=\"#000000\"><font face=\"Times New Roman\"><strong><u><span style=\"font-size: 11pt\">YEDEK<\/span><\/u><\/strong><\/font><\/font><\/div>\n<div class=\"Section4\"><span style=\"font-size: 11pt\"><font color=\"#000000\"><font face=\"Times New Roman\">Ecz. Halil ERSOY<\/font><\/font><\/span><\/div>\n<div class=\"Section4\"><span style=\"font-size: 11pt\"><font color=\"#000000\"><font face=\"Times New Roman\">Ecz. Feridun SERT<\/font><\/font><\/span><\/div>\n<div class=\"Section4\"><span style=\"font-size: 11pt\"><font color=\"#000000\"><font face=\"Times New Roman\">Ecz. K&uuml;r\u015fat Emre &Ccedil;ANDIR<\/font><\/font><\/span><\/div>\n<p><span style=\"font-size: 11pt; font-family: &#39;Times New Roman&#39;\"><br \/><\/span><\/p>\n<div class=\"Section5\"><strong><span style=\"font-size: 11pt\"><font color=\"#000000\"><font face=\"Times New Roman\">ONUR KURULU<\/font><\/font><\/span><\/strong><\/div>\n<p><span style=\"font-size: 11pt; font-family: &#39;Times New Roman&#39;\"><br \/><\/span><\/p>\n<div class=\"Section6\"><font color=\"#000000\"><font face=\"Times New Roman\"><strong><u><span style=\"font-size: 11pt\">AS\u0130L<\/span><\/u><\/strong><\/font><\/font><\/div>\n<div class=\"Section6\"><span style=\"font-size: 11pt\"><font color=\"#000000\"><font face=\"Times New Roman\">Prof. Dr. Faik &Ouml;mer ERSOY<\/font><\/font><\/span><\/div>\n<div class=\"Section6\"><span style=\"font-size: 11pt\"><font color=\"#000000\"><font face=\"Times New Roman\">Ecz. \u0130. Ertan ALTAN<\/font><\/font><\/span><\/div>\n<div class=\"Section6\"><span style=\"font-size: 11pt\"><font color=\"#000000\"><font face=\"Times New Roman\">Ecz. Erol N\u0130Z\u0130PL\u0130<\/font><\/font><\/span><\/div>\n<div class=\"Section6\"><span style=\"font-size: 11pt\"><font color=\"#000000\"><font face=\"Times New Roman\">Ecz. Ferhan \u015e\u0130M\u015e\u0130R SER\u0130N<\/font><\/font><\/span> <\/div>\n<p style=\"margin: 0cm 0cm 0pt\" class=\"MsoNormal\"><span style=\"font-size: 11pt\"><font color=\"#000000\"><font face=\"Times New Roman\">Ecz. Erdo\u011fan ARDA<\/font><\/font><\/span><\/p>\n<p style=\"margin: 0cm 0cm 0pt\" class=\"MsoNormal\">&nbsp;<\/p>\n<div class=\"Section6\"><font color=\"#000000\"><font face=\"Times New Roman\"><strong><u><span style=\"font-size: 11pt\">YEDEK<\/span><\/u><\/strong><\/font><\/font><\/div>\n<div class=\"Section6\"><span style=\"font-size: 11pt\"><font color=\"#000000\"><font face=\"Times New Roman\">Ecz. Nizamettin YILDIRIM<\/font><\/font><\/span><\/div>\n<div class=\"Section6\"><span style=\"font-size: 11pt\"><font color=\"#000000\"><font face=\"Times New Roman\">Ecz. T&uuml;lin TA\u015eKIN<\/font><\/font><\/span><\/div>\n<div class=\"Section6\"><span style=\"font-size: 11pt\"><font color=\"#000000\"><font face=\"Times New Roman\">Ecz. Can NEV\u015eEH\u0130R<\/font><\/font><\/span><\/div>\n<div class=\"Section6\"><span style=\"font-size: 11pt\"><font color=\"#000000\"><font face=\"Times New Roman\">Ecz. &Ouml;mer Faruk &Ouml;ZGER<\/font><\/font><\/span><\/div>\n<div class=\"Section6\"><span style=\"font-size: 11pt\"><font color=\"#000000\"><font face=\"Times New Roman\">Ecz. Avniye KURULTAY<\/font><\/font><\/span><\/div>\n<p><span style=\"font-size: 11pt; font-family: &#39;Times New Roman&#39;\"><br \/><\/span><\/p>\n<div class=\"Section7\"><strong><span style=\"font-size: 11pt\"><font color=\"#000000\"><font face=\"Times New Roman\">TEB B&Uuml;Y&Uuml;K KONGRE DELEGELER\u0130<\/font><\/font><\/span><\/strong><\/div>\n<p><span style=\"font-size: 11pt; font-family: &#39;Times New Roman&#39;\"><br \/><\/span><\/p>\n<div class=\"Section8\"><font color=\"#000000\"><font face=\"Times New Roman\"><strong><u><span style=\"font-size: 11pt\">AS\u0130L<\/span><\/u><\/strong><\/font><\/font><\/div>\n<div class=\"Section8\"><font color=\"#000000\"><span style=\"font-size: 11pt\"><font face=\"Times New Roman\">1- Ecz. H.<\/font><\/span><span style=\"font-size: 11pt; font-family: &#39;Arial Unicode MS&#39;\">&#8200;<\/span><span style=\"font-size: 11pt\"><font face=\"Times New Roman\">Zafer KAPLAN<\/font><\/span><\/font><\/div>\n<div class=\"Section8\"><span style=\"font-size: 11pt\"><font color=\"#000000\"><font face=\"Times New Roman\">2- Ecz. M. Sait Y&Uuml;CEL<\/font><\/font><\/span><\/div>\n<div class=\"Section8\"><span style=\"font-size: 11pt\"><font color=\"#000000\"><font face=\"Times New Roman\">3- Ecz. Rafet \u015eAH\u0130N<\/font><\/font><\/span><\/div>\n<div class=\"Section8\"><span style=\"font-size: 11pt\"><font color=\"#000000\"><font face=\"Times New Roman\">4- Ecz. A. Semih G&Uuml;NG&Ouml;R<\/font><\/font><\/span><\/div>\n<div class=\"Section8\"><span style=\"font-size: 11pt\"><font color=\"#000000\"><font face=\"Times New Roman\">5- Ecz. Mustafa TURUN&Ccedil;<\/font><\/font><\/span><\/div>\n<div class=\"Section8\"><span style=\"font-size: 11pt\"><font color=\"#000000\"><font face=\"Times New Roman\">6- Ecz. Levent \u015e. ALEMDAR<\/font><\/font><\/span><\/div>\n<div class=\"Section8\"><span style=\"font-size: 11pt\"><font color=\"#000000\"><font face=\"Times New Roman\">7- Ecz. A. Sedat G&Uuml;&Ccedil;L&Uuml;<\/font><\/font><\/span><\/div>\n<div class=\"Section8\"><span style=\"font-size: 11pt\"><font color=\"#000000\"><font face=\"Times New Roman\">8- Ecz. S. Ferda G&Ouml;&Ccedil;ENER<\/font><\/font><\/span><\/div>\n<div class=\"Section8\"><span style=\"font-size: 11pt\"><font color=\"#000000\"><font face=\"Times New Roman\">9- Ecz. F&uuml;sun &Ccedil;A\u011eLAR<\/font><\/font><\/span><\/div>\n<div class=\"Section8\"><span style=\"font-size: 11pt\"><font color=\"#000000\"><font face=\"Times New Roman\">10- Ecz. Nurg&uuml;l AKTAY<\/font><\/font><\/span><\/div>\n<div class=\"Section8\"><span style=\"font-size: 11pt\"><font color=\"#000000\"><font face=\"Times New Roman\">11- Ecz. Oktay Y&Uuml;KSEL<\/font><\/font><\/span><\/div>\n<div class=\"Section8\"><span style=\"font-size: 11pt\"><font color=\"#000000\"><font face=\"Times New Roman\">12- Ecz. R\u0131fat G&Uuml;NEY<\/font><\/font><\/span><\/div>\n<div class=\"Section8\"><span style=\"font-size: 11pt\"><font color=\"#000000\"><font face=\"Times New Roman\">13- Ecz. Nurdan DEM\u0130RKAN<\/font><\/font><\/span><\/div>\n<div class=\"Section8\"><span style=\"font-size: 11pt\"><font color=\"#000000\"><font face=\"Times New Roman\">14- Ecz. Sevgi KAVAK<\/font><\/font><\/span><\/div>\n<div class=\"Section8\"><span style=\"font-size: 11pt\"><font color=\"#000000\"><font face=\"Times New Roman\">15- Ecz. Temel AKKAN<\/font><\/font><\/span><\/div>\n<div class=\"Section8\"><span style=\"font-size: 11pt\"><font color=\"#000000\"><font face=\"Times New Roman\">16- Ecz. Ay\u015fin TOSUN<\/font><\/font><\/span><\/div>\n<div class=\"Section8\"><span style=\"font-size: 11pt\"><font color=\"#000000\"><font face=\"Times New Roman\">17- Ecz. Murat DURMAZ<\/font><\/font><\/span><\/div>\n<div class=\"Section8\"><span style=\"font-size: 11pt\"><font color=\"#000000\"><font face=\"Times New Roman\">18- Ecz. G&uuml;lru A&Ccedil;AN<\/font><\/font><\/span><\/div>\n<div class=\"Section8\"><span style=\"font-size: 11pt\"><font color=\"#000000\"><font face=\"Times New Roman\">19- Ecz. Nejat BALTACI<\/font><\/font><\/span><\/div>\n<div class=\"Section8\"><span style=\"font-size: 11pt\"><font color=\"#000000\"><font face=\"Times New Roman\">20- Ecz. Hakan ERTEM<\/font><\/font><\/span> <\/div>\n<p style=\"margin: 0cm 0cm 0pt\" class=\"MsoNormal\"><span style=\"font-size: 11pt\"><font color=\"#000000\"><font face=\"Times New Roman\">21- Ecz. H&uuml;seyin DUMAN<\/font><\/font><\/span><\/p>\n<p style=\"margin: 0cm 0cm 0pt\" class=\"MsoNormal\">&nbsp;<\/p>\n<div class=\"Section8\"><font color=\"#000000\"><font face=\"Times New Roman\"><strong><u><span style=\"font-size: 11pt\">YEDEK<\/span><\/u><\/strong><\/font><\/font><\/div>\n<div class=\"Section8\"><span style=\"font-size: 11pt\"><font color=\"#000000\"><font face=\"Times New Roman\">1- Ecz. T. Volkan KO\u015eAL<\/font><\/font><\/span><\/div>\n<div class=\"Section8\"><span style=\"font-size: 11pt\"><font color=\"#000000\"><font face=\"Times New Roman\">2- Ecz. \u0130. H&uuml;seyin &Ccedil;EL\u0130K<\/font><\/font><\/span><\/div>\n<div class=\"Section8\"><span style=\"font-size: 11pt\"><font color=\"#000000\"><font face=\"Times New Roman\">3- Ecz. Sami PASLI<\/font><\/font><\/span><\/div>\n<div class=\"Section8\"><span style=\"font-size: 11pt\"><font color=\"#000000\"><font face=\"Times New Roman\">4- Ecz. Edip Selim HAZ\u0130NEC\u0130<\/font><\/font><\/span><\/div>\n<div class=\"Section8\"><span style=\"font-size: 11pt\"><font color=\"#000000\"><font face=\"Times New Roman\">5- Ecz. Cem Erdal &Uuml;NAL<\/font><\/font><\/span><\/div>\n<div class=\"Section8\"><span style=\"font-size: 11pt\"><font color=\"#000000\"><font face=\"Times New Roman\">6- Ecz. Recep TA\u015e<\/font><\/font><\/span><\/div>\n<div class=\"Section8\"><span style=\"font-size: 11pt\"><font color=\"#000000\"><font face=\"Times New Roman\">7- Ecz. Neylan T&uuml;rko\u011flu ZIRLIO\u011eLU<\/font><\/font><\/span><\/div>\n<div class=\"Section8\"><span style=\"font-size: 11pt\"><font color=\"#000000\"><font face=\"Times New Roman\">8- Ecz. G&ouml;n&uuml;l Ar\u0131kan &Ouml;Z&Ccedil;EL\u0130K<\/font><\/font><\/span><\/div>\n<div class=\"Section8\"><span style=\"font-size: 11pt\"><font color=\"#000000\"><font face=\"Times New Roman\">9- Ecz. Halil BOZBULUT<\/font><\/font><\/span><\/div>\n<div class=\"Section8\"><span style=\"font-size: 11pt\"><font color=\"#000000\"><font face=\"Times New Roman\">10- Ecz. Nil&uuml;fer &Ouml;zdemir SARUHAN<\/font><\/font><\/span><\/div>\n<div class=\"Section8\"><span style=\"font-size: 11pt\"><font color=\"#000000\"><font face=\"Times New Roman\">11- Ecz. Varujan Y&Uuml;CECAN<\/font><\/font><\/span><\/div>\n<div class=\"Section8\"><span style=\"font-size: 11pt\"><font color=\"#000000\"><font face=\"Times New Roman\">12- Ecz. G&ouml;khan AK&Ccedil;\u0130N<\/font><\/font><\/span><\/div>\n<div class=\"Section8\"><span style=\"font-size: 11pt\"><font color=\"#000000\"><font face=\"Times New Roman\">13- Ecz. Sezen ERSOY<\/font><\/font><\/span><\/div>\n<div class=\"Section8\"><span style=\"font-size: 11pt\"><font color=\"#000000\"><font face=\"Times New Roman\">14- Ecz. G&uuml;lbenk USTAO\u011eLU<\/font><\/font><\/span><\/div>\n<div class=\"Section8\"><span style=\"font-size: 11pt\"><font color=\"#000000\"><font face=\"Times New Roman\">15- Ecz. &Ouml;zden \u0130RAVUL<\/font><\/font><\/span><\/div>\n<div class=\"Section8\"><span style=\"font-size: 11pt\"><font color=\"#000000\"><font face=\"Times New Roman\">16- Ecz. Afife Benan G&Uuml;NE\u015e<\/font><\/font><\/span><\/div>\n<div class=\"Section8\"><span style=\"font-size: 11pt\"><font color=\"#000000\"><font face=\"Times New Roman\">17- Ecz. Sibel ASLAN<\/font><\/font><\/span><\/div>\n<div class=\"Section8\"><span style=\"font-size: 11pt\"><font color=\"#000000\"><font face=\"Times New Roman\">18- Ecz. Sevim Bilgin MAYMEN<\/font><\/font><\/span><\/div>\n<div class=\"Section8\"><span style=\"font-size: 11pt\"><font color=\"#000000\"><font face=\"Times New Roman\">19- Ecz. Selma &Ccedil;\u0130N\u0130BULAK<\/font><\/font><\/span><\/div>\n<div class=\"Section8\"><span style=\"font-size: 11pt\"><font color=\"#000000\"><font face=\"Times New Roman\">20- Ecz. Murat KARADEN\u0130Z<\/font><\/font><\/span><\/div>\n<div class=\"Section8\"><span style=\"font-size: 11pt\"><font color=\"#000000\"><font face=\"Times New Roman\">21- Ecz. Rabia P\u0131nar &Uuml;NSOY <\/font><\/font><\/span><\/div>\n<p><span style=\"font-size: 11pt; font-family: &#39;Times New Roman&#39;\"><br \/><\/span><\/p>\n","protected":false},"excerpt":{"rendered":"<p>\u0130stanbul Eczac\u0131 Odas\u0131&rsquo;n\u0131n 15-16 Eyl&uuml;l 2007 tarihinde yap\u0131lacak olan se&ccedil;imli ola\u011fan kongresinde y&ouml;netime yeniden aday olacak olan &Ccedil;a\u011fda\u015f Eczac\u0131lar Oda&#46;&#46;&#46;<\/p>\n","protected":false},"author":1,"featured_media":0,"comment_status":"closed","ping_status":"closed","sticky":false,"template":"","format":"standard","meta":{"_jetpack_memberships_contains_paid_content":false,"footnotes":""},"categories":[1],"tags":[],"class_list":["post-3315","post","type-post","status-publish","format-standard","hentry","category-ced"],"aioseo_notices":[],"jetpack_featured_media_url":"","jetpack_sharing_enabled":true,"jetpack-related-posts":[],"_links":{"self":[{"href":"http:\/\/www.ced.org.tr\/index.php?rest_route=\/wp\/v2\/posts\/3315","targetHints":{"allow":["GET"]}}],"collection":[{"href":"http:\/\/www.ced.org.tr\/index.php?rest_route=\/wp\/v2\/posts"}],"about":[{"href":"http:\/\/www.ced.org.tr\/index.php?rest_route=\/wp\/v2\/types\/post"}],"author":[{"embeddable":true,"href":"http:\/\/www.ced.org.tr\/index.php?rest_route=\/wp\/v2\/users\/1"}],"replies":[{"embeddable":true,"href":"http:\/\/www.ced.org.tr\/index.php?rest_route=%2Fwp%2Fv2%2Fcomments&post=3315"}],"version-history":[{"count":0,"href":"http:\/\/www.ced.org.tr\/index.php?rest_route=\/wp\/v2\/posts\/3315\/revisions"}],"wp:attachment":[{"href":"http:\/\/www.ced.org.tr\/index.php?rest_route=%2Fwp%2Fv2%2Fmedia&parent=3315"}],"wp:term":[{"taxonomy":"category","embeddable":true,"href":"http:\/\/www.ced.org.tr\/index.php?rest_route=%2Fwp%2Fv2%2Fcategories&post=3315"},{"taxonomy":"post_tag","embeddable":true,"href":"http:\/\/www.ced.org.tr\/index.php?rest_route=%2Fwp%2Fv2%2Ftags&post=3315"}],"curies":[{"name":"wp","href":"https:\/\/api.w.org\/{rel}","templated":true}]}}