{"id":3317,"date":"2007-09-28T13:46:21","date_gmt":"2007-09-28T10:46:21","guid":{"rendered":"http:\/\/www.ced.org.tr\/?p=3317"},"modified":"2007-09-28T13:46:21","modified_gmt":"2007-09-28T10:46:21","slug":"ekim-ayi-koli-teslimati","status":"publish","type":"post","link":"http:\/\/www.ced.org.tr\/?p=3317","title":{"rendered":"EK\u0130M AYI KOL\u0130 TESL\u0130MATI"},"content":{"rendered":"<p>SGK&rsquo;na 01&ndash;15 Ekim tarihleri aras\u0131nda yap\u0131lacak olan Koli teslimat\u0131 s\u0131ras\u0131nda yo\u011funluk ya\u015fanmamas\u0131&nbsp;i&ccedil;in SGK \u0130stanbul \u0130l M&uuml;d&uuml;rl&uuml;\u011f&uuml;&rsquo;n&uuml;n yay\u0131nlad\u0131\u011f\u0131 duyuru a\u015fa\u011f\u0131da yer almaktad\u0131r.<\/p>\n<p>&nbsp;<\/p>\n<p>Meslekta\u015flar\u0131m\u0131z\u0131n bilgisine sunulur.<\/p>\n<table border=\"0\" cellspacing=\"4\" cellpadding=\"4\" width=\"460\" style=\"width: 460px; height: 960px; background-color: #ffffff; border: #000000 1px solid\">\n<tbody>\n<tr>\n<td><strong>Ekim Ay\u0131 Re&ccedil;ete Kolileri Teslimat Program\u0131 <\/strong><br \/>Yazan: &Uuml;sk&uuml;dar \u0130la&ccedil; ve Eczac\u0131l\u0131k Birimi <br \/>Per\u015fembe, 27 Eyl&uuml;l 2007<\/p>\n<p>Re&ccedil;ete kolileri 01.10.2007 &ndash; 15.10.2007 tarihleri aras\u0131nda, a\u015fa\u011f\u0131daki programa g&ouml;re, t&uuml;m kurumlar i&ccedil;in birle\u015ftirilmi\u015f \u015fekilde, G&ouml;ztepe Ar\u015fivinde teslim al\u0131nacak olup, gereksiz y\u0131\u011f\u0131lman\u0131n olu\u015fmamas\u0131 i&ccedil;in programa uyulmas\u0131 zorunludur.<\/p>\n<p>Koliler S&ouml;zle\u015fmeli Eczac\u0131 haricindeki ki\u015filerce de teslim edilebilir.<\/p>\n<p>Koli teslim saatleri 09.00 &ndash; 16.00 saatleri aras\u0131ndad\u0131r.<\/p>\n<p>Bilindi\u011fi &uuml;zere son d&ouml;nem re&ccedil;ete koli teslimat\u0131 eczanelere g&ouml;re ayr\u0131lm\u0131\u015f belirli g&uuml;nler dahilinde G&ouml;ztepe depomuz taraf\u0131ndan sorunsuz ve &ouml;nceki d&ouml;nemlere g&ouml;re daha az s\u0131k\u0131nt\u0131l\u0131 teslim al\u0131nm\u0131\u015ft\u0131r. Eczac\u0131lar\u0131m\u0131zdan al\u0131nan geri bildirimlerde bu tarz teslimat\u0131n memnuniyet verici oldu\u011fu anla\u015f\u0131lmaktad\u0131r. Bu nedenle yeni d&ouml;nem koli teslimatlar\u0131nda da benzer y&ouml;ntem uygulamaya konulacakt\u0131r. Ancak ne yaz\u0131k ki t&uuml;m duyurular\u0131m\u0131za ra\u011fmen kolilerin taraf\u0131m\u0131zdan duyurulan kriterlere uygun haz\u0131rlanmamas\u0131ndan dolay\u0131 istenmeyen gecikmeler olu\u015fabilmektedir.<\/p>\n<p>Bu nedenlerle ge&ccedil;en d&ouml;nem oldu\u011fu gibi bu d&ouml;nemde de teslim g&uuml;nlerine azami &ouml;zen g&ouml;stermeniz, kolilerinizi dikkatli ve eksiksiz haz\u0131rlaman\u0131z, G&ouml;ztepe Depomuzda sizlere hizmet veren personelimize yard\u0131mc\u0131 olman\u0131z\u0131 rica ederiz.<\/p>\n<p><strong><u>1-2-3 Ekim ( Pazartesi, Sal\u0131, &Ccedil;ar\u015famba)<\/u><\/strong><br \/>Bu tarihler aras\u0131nda herhangi bir k\u0131s\u0131tlama olmaks\u0131z\u0131n t&uuml;m s&ouml;zle\u015fmeli eczanelerimiz koli teslim edebileceklerdir.<\/p>\n<p><strong><u>4 Ekim Per\u015fembe &ndash; 10 Ekim &Ccedil;ar\u015famba<\/u><\/strong><br \/>\u0130STANBUL ili s&ouml;zle\u015fmeli eczanelerimiz, bu tarihler aras\u0131nda 1834&hellip;. ile ba\u015flayan <u>Emekli Sand\u0131\u011f\u0131 sicil numaras\u0131n\u0131n son rakam\u0131na g&ouml;re<\/u> kolilerini teslim edeceklerdir.<\/p>\n<p>Kuyrukta bekleme s&uuml;resini k\u0131saltmak i&ccedil;in uyulmas\u0131 zorunlu tutulacakt\u0131r. Herhangi bir nedenle bu tarihlere uyamayacak olan eczanelerimiz kolilerini 1-2-3-11-12 Ekim tarihlerinden birinde teslim etmelidirler.<\/p>\n<p><strong><u><br \/>11 &ndash; 12 Ekim (Per\u015fembe, Cuma)<\/u><\/strong><br \/>Bu tarihte herhangi bir numara k\u0131s\u0131tlamas\u0131 olmaks\u0131z\u0131n t&uuml;m s&ouml;zle\u015fmeli eczanelerimiz koli teslim edebileceklerdir.<\/p>\n<p><strong><u><br \/>15 Ekim Pazartesi<\/u><\/strong><br \/>TRAKYA illeri s&ouml;zle\u015fme eczaneler teslim d&ouml;nemidir. Ancak ihtiya&ccedil; halinde k\u0131s\u0131tl\u0131 olarak \u0130stanbul ili s&ouml;zle\u015fmeli eczaneleri teslimat\u0131 da d&uuml;\u015f&uuml;n&uuml;lecektir.<\/p>\n<table border=\"1\" cellspacing=\"0\" cellpadding=\"0\" width=\"393\" align=\"center\" style=\"width: 393px; height: 290px\">\n<tbody>\n<tr>\n<td width=\"170\" height=\"24\">\n<p align=\"center\"><strong>Teslimat G&uuml;n&uuml;<\/strong> <\/p>\n<\/td>\n<td colspan=\"2\" width=\"218\">\n<p align=\"center\"><strong>Teslimat D&uuml;zeni<\/strong> <\/p>\n<\/td>\n<\/tr>\n<tr>\n<td width=\"170\" height=\"24\">\n<p align=\"center\">1 Ekim Pazartesi<\/p>\n<\/td>\n<td colspan=\"2\" rowspan=\"3\" width=\"218\">\n<p align=\"center\"><strong>K\u0131s\u0131tlamas\u0131z Teslimat D&ouml;nemi<\/strong> <\/p>\n<\/td>\n<\/tr>\n<tr>\n<td width=\"170\" height=\"24\">\n<p align=\"center\">2 Ekim Sal\u0131<\/p>\n<\/td>\n<\/tr>\n<tr>\n<td width=\"170\" height=\"24\">\n<p align=\"center\">3 Ekim &Ccedil;ar\u015famba<\/p>\n<\/td>\n<\/tr>\n<tr>\n<td width=\"170\" height=\"24\">\n<p align=\"center\">4 Ekim Per\u015fembe<\/p>\n<\/td>\n<td width=\"74\">\n<p align=\"center\"><strong>5-6<\/strong> <\/p>\n<\/td>\n<td rowspan=\"5\" width=\"144\">\n<p align=\"center\"><strong>\u0130stanbul ili Emekli Sand\u0131\u011f\u0131 sicil numaras\u0131n\u0131n son rakam\u0131na g&ouml;re<\/strong> <\/p>\n<\/td>\n<\/tr>\n<tr>\n<td width=\"170\" height=\"24\">\n<p align=\"center\">5 Ekim Cuma<\/p>\n<\/td>\n<td width=\"74\">\n<p align=\"center\"><strong>3&ndash;4<\/strong> <\/p>\n<\/td>\n<\/tr>\n<tr>\n<td width=\"170\" height=\"24\">\n<p align=\"center\">8 Ekim Pazartesi<\/p>\n<\/td>\n<td width=\"74\">\n<p align=\"center\"><strong>1&ndash;2<\/strong> <\/p>\n<\/td>\n<\/tr>\n<tr>\n<td width=\"170\" height=\"24\">\n<p align=\"center\">9 Ekim Sal\u0131<\/p>\n<\/td>\n<td width=\"74\">\n<p align=\"center\"><strong>9&ndash;0<\/strong> <\/p>\n<\/td>\n<\/tr>\n<tr>\n<td width=\"170\" height=\"24\">\n<p align=\"center\">10 Ekim &Ccedil;ar\u015famba<\/p>\n<\/td>\n<td width=\"74\">\n<p align=\"center\"><strong>7&ndash;8<\/strong> <\/p>\n<\/td>\n<\/tr>\n<tr>\n<td width=\"170\" height=\"24\">\n<p align=\"center\">11 Ekim Per\u015fembe<\/p>\n<\/td>\n<td colspan=\"2\" rowspan=\"2\" width=\"218\">\n<p align=\"center\"><strong>K\u0131s\u0131tlamas\u0131z Teslimat D&ouml;nemi<\/strong> <\/p>\n<\/td>\n<\/tr>\n<tr>\n<td width=\"170\" height=\"24\">\n<p align=\"center\">12 Ekim Cuma<\/p>\n<\/td>\n<\/tr>\n<tr>\n<td width=\"170\" height=\"24\">\n<p align=\"center\">15 Ekim Pazartesi<\/p>\n<\/td>\n<td colspan=\"2\" width=\"218\">\n<p align=\"center\"><strong>TRAKYA \u0130LLER\u0130 <\/strong><\/p>\n<\/td>\n<\/tr>\n<\/tbody>\n<\/table>\n<p><\/td>\n<\/tr>\n<\/tbody>\n<\/table>\n","protected":false},"excerpt":{"rendered":"<p>SGK&rsquo;na 01&ndash;15 Ekim tarihleri aras\u0131nda yap\u0131lacak olan Koli teslimat\u0131 s\u0131ras\u0131nda yo\u011funluk ya\u015fanmamas\u0131&nbsp;i&ccedil;in SGK \u0130stanbul \u0130l M&uuml;d&uuml;rl&uuml;\u011f&uuml;&rsquo;n&uuml;n yay\u0131nlad\u0131\u011f\u0131 duyuru a\u015fa\u011f\u0131da yer&#46;&#46;&#46;<\/p>\n","protected":false},"author":1,"featured_media":0,"comment_status":"closed","ping_status":"closed","sticky":false,"template":"","format":"standard","meta":{"_jetpack_memberships_contains_paid_content":false,"footnotes":""},"categories":[1],"tags":[],"class_list":["post-3317","post","type-post","status-publish","format-standard","hentry","category-ced"],"aioseo_notices":[],"jetpack_featured_media_url":"","jetpack_sharing_enabled":true,"jetpack-related-posts":[],"_links":{"self":[{"href":"http:\/\/www.ced.org.tr\/index.php?rest_route=\/wp\/v2\/posts\/3317","targetHints":{"allow":["GET"]}}],"collection":[{"href":"http:\/\/www.ced.org.tr\/index.php?rest_route=\/wp\/v2\/posts"}],"about":[{"href":"http:\/\/www.ced.org.tr\/index.php?rest_route=\/wp\/v2\/types\/post"}],"author":[{"embeddable":true,"href":"http:\/\/www.ced.org.tr\/index.php?rest_route=\/wp\/v2\/users\/1"}],"replies":[{"embeddable":true,"href":"http:\/\/www.ced.org.tr\/index.php?rest_route=%2Fwp%2Fv2%2Fcomments&post=3317"}],"version-history":[{"count":0,"href":"http:\/\/www.ced.org.tr\/index.php?rest_route=\/wp\/v2\/posts\/3317\/revisions"}],"wp:attachment":[{"href":"http:\/\/www.ced.org.tr\/index.php?rest_route=%2Fwp%2Fv2%2Fmedia&parent=3317"}],"wp:term":[{"taxonomy":"category","embeddable":true,"href":"http:\/\/www.ced.org.tr\/index.php?rest_route=%2Fwp%2Fv2%2Fcategories&post=3317"},{"taxonomy":"post_tag","embeddable":true,"href":"http:\/\/www.ced.org.tr\/index.php?rest_route=%2Fwp%2Fv2%2Ftags&post=3317"}],"curies":[{"name":"wp","href":"https:\/\/api.w.org\/{rel}","templated":true}]}}