{"id":3322,"date":"2007-11-16T15:12:49","date_gmt":"2007-11-16T13:12:49","guid":{"rendered":"http:\/\/www.ced.org.tr\/?p=3322"},"modified":"2007-11-16T15:12:49","modified_gmt":"2007-11-16T13:12:49","slug":"emege-saygisizlik","status":"publish","type":"post","link":"http:\/\/www.ced.org.tr\/?p=3322","title":{"rendered":"EME\u011eE SAYGISIZLIK"},"content":{"rendered":"<p><font face=\"Times New Roman\" size=\"3\" color=\"#000000\"><\/p>\n<p style=\"margin: 0cm 0cm 0pt; text-align: justify\" class=\"MsoNormal\">&nbsp;&nbsp;&nbsp;&nbsp;&nbsp;&nbsp;T&uuml;rk Eczac\u0131lar\u0131 Birli\u011fi 6643 say\u0131l\u0131 yasa ile kurulan, &ouml;z&uuml;nde halk\u0131n ve mesle\u011fin &ccedil;\u0131karlar\u0131n\u0131 korumakla g&ouml;revlendirilmi\u015f bir meslek &ouml;rg&uuml;t&uuml;d&uuml;r. <\/p>\n<p style=\"margin: 0cm 0cm 0pt; text-align: justify\" class=\"MsoNormal\">Emekten yana meslek &ouml;rg&uuml;t&uuml; oldu\u011funu her f\u0131rsatta dile getiren bu yap\u0131; insan haklar\u0131ndan, bar\u0131\u015ftan, grev hakk\u0131ndan, demokrasiden yana olmak yan\u0131nda, temsil etti\u011fi eczac\u0131lar\u0131n en &uuml;st organ\u0131 olarak mesle\u011fin bizlere verdi\u011fi sa\u011fl\u0131kl\u0131 ya\u015fam hakk\u0131n\u0131 sonuna kadar korumak ve savunmakla g&ouml;revlidir.<\/p>\n<p><\/font><\/p>\n<address><font size=\"3\"><font color=\"#000000\"><font class=\"clr\"><font face=\"Times New Roman\">&nbsp;&nbsp;&nbsp;&nbsp;<\/font><\/font><\/font><\/font><\/address>\n<address><font size=\"3\"><font color=\"#000000\"><font class=\"clr\"><font face=\"Times New Roman\">&nbsp;&nbsp;&nbsp;&nbsp; Hal b&ouml;yle iken, &uuml;lkemizin en &ouml;nemli kurumlar\u0131n\u0131n, &ouml;zelle\u015ftirme furyas\u0131yla yabanc\u0131 sermayeye pe\u015fke\u015f &ccedil;ekildi\u011fi, &ouml;rg&uuml;tlenme ve sendikal haklar\u0131n &ccedil;ok gerilere d&uuml;\u015f&uuml;r&uuml;ld&uuml;\u011f&uuml; hatta yok edilmeye &ccedil;al\u0131\u015f\u0131ld\u0131\u011f\u0131 bir d&ouml;nemde, en do\u011fal yasal hakk\u0131 olan grev hakk\u0131n\u0131 onurluca kullanan Telekom i\u015f&ccedil;ilerinin yurt &ccedil;ap\u0131ndaki onurlu direni\u015fi devam etmektedir.<\/font><\/font><\/font><\/font><\/address>\n<address><\/address>\n<address><font size=\"3\"><font color=\"#000000\"><font class=\"clr\"><font face=\"Times New Roman\">&nbsp;&nbsp;<\/font><\/font><\/font><\/font><\/address>\n<address><\/address>\n<address><font size=\"3\"><font color=\"#000000\"><font class=\"clr\"><font face=\"Times New Roman\"><\/p>\n<address class=\"MsoNormal\" style=\"margin: 0cm 0cm 0pt; text-align: justify\"><span>&nbsp;&nbsp;&nbsp;&nbsp; <\/span>\u0130\u015fverenin lokavt ilan edemedi\u011fi, Sosyal G&uuml;venlik Kurumu&rsquo;nun sa\u011fl\u0131k haklar\u0131na son veremedi\u011fi bir durumda, ortada hi&ccedil;bir yaz\u0131l\u0131 belge olmad\u0131\u011f\u0131 halde, TEB taraf\u0131ndan t&uuml;m eczac\u0131 odalar\u0131na g&ouml;nderilen, &ldquo;<strong>grevdeki<\/strong> <strong>Telekom i\u015f&ccedil;ilerinin re&ccedil;etelerinin belirli bir s&uuml;re i&ccedil;in de olsa kar\u015f\u0131lanmamas\u0131n\u0131&rdquo;<\/strong> istemesi yukar\u0131da sayd\u0131\u011f\u0131m\u0131z &ouml;zelliklerde olmas\u0131 gereken TEB&rsquo;in grev k\u0131r\u0131c\u0131, i\u015fverenden yana tutum ald\u0131\u011f\u0131 izlenimini yaratm\u0131\u015ft\u0131r.<\/address>\n<address class=\"MsoNormal\" style=\"margin: 0cm 0cm 0pt; text-align: justify\"><\/address>\n<address class=\"MsoNormal\" style=\"margin: 0cm 0cm 0pt; text-align: justify\"><\/address>\n<address class=\"MsoNormal\" style=\"margin: 0cm 0cm 0pt; text-align: justify\"><\/address>\n<address class=\"MsoNormal\" style=\"margin: 0cm 0cm 0pt; text-align: justify\"><\/address>\n<address class=\"MsoNormal\" style=\"margin: 0cm 0cm 0pt; text-align: justify\"><\/address>\n<address class=\"MsoNormal\" style=\"margin: 0cm 0cm 0pt; text-align: justify\"><\/address>\n<address class=\"MsoNormal\" style=\"margin: 0cm 0cm 0pt; text-align: justify\"><\/address>\n<address class=\"MsoNormal\" style=\"margin: 0cm 0cm 0pt; text-align: justify\"><\/address>\n<address><\/address>\n<address class=\"MsoNormal\" style=\"margin: 0cm 0cm 0pt; text-align: justify\"><span>&nbsp;&nbsp;&nbsp;&nbsp;&nbsp; <\/span>Y\u0131llard\u0131r, halk\u0131m\u0131za verdi\u011fimiz ila&ccedil;lar\u0131n bedelini gecikmeli ald\u0131\u011f\u0131m\u0131z ve hatta hi&ccedil; alamad\u0131\u011f\u0131m\u0131z hallerde dahi halk\u0131m\u0131z\u0131 ila&ccedil;s\u0131z b\u0131rakmayan, her t&uuml;rl&uuml; &ouml;zveriyi g&ouml;steren bir mesle\u011fin &uuml;yeleri olarak TEB&rsquo;in bu tavr\u0131n\u0131 do\u011fru bulmuyoruz, k\u0131n\u0131yoruz.<\/address>\n<address class=\"MsoNormal\" style=\"margin: 0cm 0cm 0pt; text-align: justify\"><\/address>\n<address class=\"MsoNormal\" style=\"margin: 0cm 0cm 0pt; text-align: justify\"><\/address>\n<address class=\"MsoNormal\" style=\"margin: 0cm 0cm 0pt; text-align: justify\"><\/address>\n<address class=\"MsoNormal\" style=\"margin: 0cm 0cm 0pt; text-align: justify\"><\/address>\n<address class=\"MsoNormal\" style=\"margin: 0cm 0cm 0pt; text-align: justify\"><\/address>\n<address class=\"MsoNormal\" style=\"margin: 0cm 0cm 0pt; text-align: justify\"><\/address>\n<address class=\"MsoNormal\" style=\"margin: 0cm 0cm 0pt; text-align: justify\"><\/address>\n<address class=\"MsoNormal\" style=\"margin: 0cm 0cm 0pt; text-align: justify\">&nbsp;&nbsp;&nbsp;&nbsp; &Ccedil;a\u011fda\u015f Eczac\u0131lar Derne\u011fi; eczac\u0131 meslek hakk\u0131n\u0131n yan\u0131nda, halk\u0131m\u0131z\u0131n sa\u011fl\u0131kl\u0131 ya\u015fam hakk\u0131na, anayasal haklar\u0131na ve i\u015f kanunlar\u0131 ile verilen i\u015f&ccedil;i haklar\u0131na sayg\u0131l\u0131 bir kurum olarak; TEB&rsquo;in &ccedil;al\u0131\u015fanlar\u0131n eme\u011fine ve sa\u011fl\u0131\u011f\u0131na kar\u015f\u0131 alm\u0131\u015f oldu\u011fu bu tutumundan biran &ouml;nce vazge&ccedil;meye &ccedil;a\u011f\u0131r\u0131yoruz.<\/address>\n<address class=\"MsoNormal\" style=\"margin: 0cm 0cm 0pt; text-align: justify\"><\/address>\n<address class=\"MsoNormal\" style=\"margin: 0cm 0cm 0pt; text-align: justify\"><\/address>\n<address class=\"MsoNormal\" style=\"margin: 0cm 0cm 0pt; text-align: justify\"><\/address>\n<address class=\"MsoNormal\" style=\"margin: 0cm 0cm 0pt; text-align: justify\"><\/address>\n<address><\/address>\n<address><\/address>\n<address><strong>&Ccedil;A\u011eDA\u015e ECZACILAR DERNE\u011e\u0130<\/strong><\/address>\n<address><strong>Y&Ouml;NET\u0130M KURULU <\/strong>&nbsp;<\/address>\n<address><\/address>\n<address><\/address>\n<address><\/address>\n<p><\/font><\/font><\/font><\/font><\/address>\n<table border=\"0\" cellspacing=\"4\" cellpadding=\"4\" width=\"457\" style=\"width: 457px; height: 2165px\">\n<tbody>\n<tr>\n<td>\n<div class=\"NormalBaslik\" align=\"center\">T&Uuml;RK TELEKOM GREV\u0130 KAPSAM \u0130&Ccedil;\u0130 PERSONEL RE&Ccedil;ETELER\u0130 HAKKINDA<\/div>\n<div class=\"NormalYazi\" align=\"justify\" style=\"line-height: 20px\">T&uuml;rk Telekom grevi kapsam i&ccedil;i personele ait re&ccedil;eteler hakk\u0131nda TEB&#39;in yaz\u0131s\u0131 ve Odam\u0131z\u0131n TEB&#39;e ve T&uuml;rk Telekom Genel M&uuml;d&uuml;rl&uuml;\u011f&uuml;&#39;ne konu hakk\u0131nda yazd\u0131\u011f\u0131 yaz\u0131lar.<\/p>\n<p><img loading=\"lazy\" decoding=\"async\" src=\"images\/stories\/belgeler\/telekom_1.gif\" border=\"1\" alt=\"telekom\" title=\"telekom\" width=\"437\" height=\"526\" \/><\/p>\n<p><img loading=\"lazy\" decoding=\"async\" src=\"images\/stories\/belgeler\/telekom_2.gif\" border=\"1\" alt=\"telekom\" title=\"telekom\" width=\"437\" height=\"705\" \/><\/p>\n<p><img loading=\"lazy\" decoding=\"async\" style=\"width: 440px; height: 858px\" src=\"images\/stories\/belgeler\/telekom_3.gif\" border=\"1\" alt=\"telekom\" title=\"telekom\" width=\"440\" height=\"858\" \/><\/div>\n<\/td>\n<\/tr>\n<\/tbody>\n<\/table>\n","protected":false},"excerpt":{"rendered":"<p>&nbsp;&nbsp;&nbsp;&nbsp;&nbsp;&nbsp;T&uuml;rk Eczac\u0131lar\u0131 Birli\u011fi 6643 say\u0131l\u0131 yasa ile kurulan, &ouml;z&uuml;nde halk\u0131n ve mesle\u011fin &ccedil;\u0131karlar\u0131n\u0131 korumakla g&ouml;revlendirilmi\u015f bir meslek &ouml;rg&uuml;t&uuml;d&uuml;r. Emekten yana&#46;&#46;&#46;<\/p>\n","protected":false},"author":1,"featured_media":0,"comment_status":"closed","ping_status":"closed","sticky":false,"template":"","format":"standard","meta":{"_jetpack_memberships_contains_paid_content":false,"footnotes":""},"categories":[1],"tags":[],"class_list":["post-3322","post","type-post","status-publish","format-standard","hentry","category-ced"],"aioseo_notices":[],"jetpack_featured_media_url":"","jetpack_sharing_enabled":true,"jetpack-related-posts":[],"_links":{"self":[{"href":"http:\/\/www.ced.org.tr\/index.php?rest_route=\/wp\/v2\/posts\/3322","targetHints":{"allow":["GET"]}}],"collection":[{"href":"http:\/\/www.ced.org.tr\/index.php?rest_route=\/wp\/v2\/posts"}],"about":[{"href":"http:\/\/www.ced.org.tr\/index.php?rest_route=\/wp\/v2\/types\/post"}],"author":[{"embeddable":true,"href":"http:\/\/www.ced.org.tr\/index.php?rest_route=\/wp\/v2\/users\/1"}],"replies":[{"embeddable":true,"href":"http:\/\/www.ced.org.tr\/index.php?rest_route=%2Fwp%2Fv2%2Fcomments&post=3322"}],"version-history":[{"count":0,"href":"http:\/\/www.ced.org.tr\/index.php?rest_route=\/wp\/v2\/posts\/3322\/revisions"}],"wp:attachment":[{"href":"http:\/\/www.ced.org.tr\/index.php?rest_route=%2Fwp%2Fv2%2Fmedia&parent=3322"}],"wp:term":[{"taxonomy":"category","embeddable":true,"href":"http:\/\/www.ced.org.tr\/index.php?rest_route=%2Fwp%2Fv2%2Fcategories&post=3322"},{"taxonomy":"post_tag","embeddable":true,"href":"http:\/\/www.ced.org.tr\/index.php?rest_route=%2Fwp%2Fv2%2Ftags&post=3322"}],"curies":[{"name":"wp","href":"https:\/\/api.w.org\/{rel}","templated":true}]}}