{"id":3324,"date":"2007-11-23T12:47:34","date_gmt":"2007-11-23T10:47:34","guid":{"rendered":"http:\/\/www.ced.org.tr\/?p=3324"},"modified":"2007-11-23T12:47:34","modified_gmt":"2007-11-23T10:47:34","slug":"telekom-grevine-destek","status":"publish","type":"post","link":"http:\/\/www.ced.org.tr\/?p=3324","title":{"rendered":"TELEKOM GREV\u0130NE DESTEK"},"content":{"rendered":"<p><span style=\"font-size: 12pt; font-family: &#39;Times New Roman&#39;\"><font color=\"#000000\">&nbsp;&nbsp; &Ccedil;a\u011fda\u015f Eczac\u0131larDerne\u011fi Y&ouml;netimimizden Ecz. Rafet \u015eahin, Ecz. Sedat G&uuml;&ccedil;l&uuml;, Eski Oda Ba\u015fkan\u0131m\u0131z Ecz. zafer Kaplan, \u0130stanbul Eczac\u0131 Odas\u0131 Ba\u015fkan\u0131 Ecz. Semih G&uuml;ng&ouml;r ve \u0130stanbul Ecza Koop. Ba\u015fkan\u0131 Ecz. M. Sait Y&uuml;cel birlikte 22.11.2007 tarihinde,38 g&uuml;nd&uuml;r grevde olan Telekom i\u015f&ccedil;ilerine,hakl\u0131 davalar\u0131nda desteklemek ve moral vermek i&ccedil;in Gayrettepe&rsquo;deki grev &ccedil;ad\u0131rlar\u0131na gittiler.<span>&nbsp;&nbsp;<\/span><span>&nbsp;<\/span><\/font><\/span><\/p>\n<p style=\"margin: 0cm 0cm 0pt; line-height: 150%; text-align: justify\" class=\"MsoNormal\"><font face=\"Times New Roman\" size=\"3\" color=\"#000000\"><span>&nbsp;&nbsp;<\/span><span>&nbsp;<\/span><\/font><\/p>\n<p style=\"margin: 0cm 0cm 0pt; line-height: 150%; text-align: justify\" class=\"MsoNormal\"><font face=\"Times New Roman\" size=\"3\" color=\"#000000\"><span>&nbsp;&nbsp; <\/span>S\u0131cak ve samimi havada ge&ccedil;en destek ziyaretinde yap\u0131lan konu\u015fmalarda T&uuml;rk Eczac\u0131lar\u0131 Birli\u011fi&rsquo;nin Telekom &ccedil;al\u0131\u015fanlar\u0131na ila&ccedil; verilmemesi ile ilgili duyurusu ele\u015ftirildi. Bu yaz\u0131n\u0131n yasal bir dayana\u011f\u0131n\u0131n olmad\u0131\u011f\u0131, insan haklar\u0131na ayk\u0131r\u0131 oldu\u011fu vurguland\u0131 ve k\u0131nand\u0131. \u0130stanbul Eczac\u0131lar\u0131n\u0131n Telekom i\u015f&ccedil;ilerinin ila&ccedil;lar\u0131n eskiden oldu\u011fu gibi kar\u015f\u0131lanmaya devam edilece\u011fi s&ouml;ylendi.<\/font><\/p>\n<p style=\"margin: 0cm 0cm 0pt; line-height: 150%; text-align: justify\" class=\"MsoNormal\">&nbsp;<\/p>\n<p style=\"margin: 0cm 0cm 0pt; line-height: 150%; text-align: justify\" class=\"MsoNormal\"><font size=\"3\"><font color=\"#000000\"><font face=\"Times New Roman\"><span>&nbsp;&nbsp;&nbsp;&nbsp;&nbsp; <\/span>\u0130\u015f yeri Ba\u015f temsilcisi Yener &Uuml;nal :<strong><em>1980 sonras\u0131,T&uuml;rkiye&rsquo;nin kaynaklar\u0131n\u0131n &ccedil;okuluslu \u015firketlere ve onlar\u0131n yanda\u015f\u0131 iktidara pe\u015fke\u015f &ccedil;ekilme modas\u0131na maalesef Telekom&rsquo;u da katt\u0131lar.&Ouml;zelle\u015ftirme ad\u0131 alt\u0131nda sadece kurumlar\u0131 de\u011fil;biz i\u015f&ccedil;ileri ve emeklerimizi de satt\u0131lar,hibe ettiler.b&uuml;y&uuml;k karlar elde eden \u015firketin y&uuml;zde 55 i OGER \u015firketine 6.5 milyon dolara hibe edildi ve bu \u015firket sanki kurumun y&uuml;zde y&uuml;z&uuml;ne sahipmi\u015f gibi davranmaya ba\u015flad\u0131.&Ouml;zelle\u015ftirme yap\u0131l\u0131rken i\u015f istihdam\u0131 s&ouml;z&uuml; veren iktidarlar\u0131n yalan\u0131 di\u011fer kurumlarda oldu\u011fu gibi Telekom&rsquo;da da ortaya &ccedil;\u0131kt\u0131.Bizlerin bu kurumda yirmi y\u0131ll\u0131k eme\u011fimiz var,ama bu &ouml;zelle\u015ftirme merakl\u0131lar\u0131 ve yanda\u015flar\u0131 d&uuml;\u011fmeye bast\u0131lar ve bizleri i\u015f\u015fiz b\u0131rakan bir s&uuml;re&ccedil; i\u015flemeye ba\u015flad\u0131. <\/em><\/strong><\/font><\/font><\/font><\/p>\n<p>&nbsp; <\/p>\n<p style=\"margin: 0cm 0cm 0pt; line-height: 150%; text-align: justify\" class=\"MsoNormal\"><font size=\"3\"><font color=\"#000000\"><font face=\"Times New Roman\"><span>&nbsp;&nbsp;&nbsp;&nbsp; <\/span>Konu\u015fmalar\u0131m\u0131z i\u015f&ccedil;iler taraf\u0131ndan sevgi g&ouml;sterileri, co\u015fkulu sloganlar ve alk\u0131\u015fl\u0131 kat\u0131l\u0131mlar\u0131yla ortam bir \u015f&ouml;len havas\u0131na d&ouml;n&uuml;\u015ft&uuml;. Grevdeki i\u015f&ccedil;ilerin a&ccedil;t\u0131klar\u0131 &ouml;zel deftere &ouml;rg&uuml;t y&ouml;neticilerimiz taraf\u0131ndan grevin hakl\u0131l\u0131\u011f\u0131n\u0131 ve T&uuml;rkiye&rsquo;nin bug&uuml;nk&uuml; ko\u015fullardaki &ouml;rg&uuml;tl&uuml; sendikal &ccedil;al\u0131\u015fmalar\u0131n <span>&nbsp;<\/span>&ouml;nemini vurgulayan mesajlar yaz\u0131ld\u0131.<\/font><\/font><\/font><\/p>\n<p style=\"margin: 0cm 0cm 0pt; line-height: 150%; text-align: justify\" class=\"MsoNormal\"><font face=\"Times New Roman\" size=\"3\" color=\"#000000\">Grevdeki i\u015f&ccedil;ilerle dayan\u0131\u015fma i&ccedil;inde birlikte co\u015fkuyla halay &ccedil;ekildi.<\/font><\/p>\n<p style=\"margin: 0cm 0cm 0pt; line-height: 150%; text-align: justify\" class=\"MsoNormal\"><font face=\"Times New Roman\" size=\"3\" color=\"#000000\">% 55 hisse sahibi yabanc\u0131 i\u015fverenin Telekom da tek belirleyici olarak &ouml;zellikle sendikal &ouml;rg&uuml;tlenmeyi hedef alan tutumu grevin esas nedeni olarak ortaya &ccedil;\u0131kt\u0131\u011f\u0131 anla\u015f\u0131lmaktad\u0131r. T&uuml;rkiye&rsquo;nin k&uuml;resel sermayenin t&uuml;m sekt&ouml;rleri ele ge&ccedil;irdi\u011fi bu s&uuml;re&ccedil;te Telekom i\u015f&ccedil;ilerinin bu emperyalist sald\u0131r\u0131ya kar\u015f\u0131 duru\u015flar\u0131 son derece anlaml\u0131 ve gelecek ad\u0131na umut vericidir.<\/font><\/p>\n<p style=\"margin: 0cm 0cm 0pt; line-height: 150%; text-align: justify\" class=\"MsoNormal\"><font size=\"3\"><font color=\"#000000\"><font face=\"Times New Roman\"><span>&nbsp;&nbsp;&nbsp;&nbsp;&nbsp;&nbsp;&nbsp;&nbsp;&nbsp;&nbsp; <\/span><\/font><\/font><\/font><\/p>\n<p style=\"margin: 0cm 0cm 0pt; line-height: 150%; text-align: justify\" class=\"MsoNormal\"><font size=\"3\"><font color=\"#000000\"><font face=\"Times New Roman\">Selam olsun onlara&hellip;<\/font><\/font><\/font><\/p>\n<p style=\"margin: 0cm 0cm 0pt; line-height: 150%; text-align: justify\" class=\"MsoNormal\">&nbsp;<\/p>\n<div style=\"text-align: center\"><img loading=\"lazy\" decoding=\"async\" src=\"images\/stories\/dernek\/ttgrev_1.jpg\" alt=\"t&uuml;rk telekom grevi\" title=\"t&uuml;rk telekom grevi\" width=\"455\" height=\"303\" \/><\/div>\n<div style=\"text-align: center\"><img loading=\"lazy\" decoding=\"async\" src=\"images\/stories\/dernek\/ttgrev_2.jpg\" alt=\"t&uuml;rk telekom grevi\" title=\"t&uuml;rk telekom grevi\" width=\"455\" height=\"303\" \/><\/div>\n<div style=\"text-align: center\"><img loading=\"lazy\" decoding=\"async\" src=\"images\/stories\/dernek\/ttgrev_3.jpg\" alt=\"t&uuml;rk telekom grevi\" title=\"t&uuml;rk telekom grevi\" width=\"455\" height=\"303\" \/><\/div>\n<div style=\"text-align: center\"><img loading=\"lazy\" decoding=\"async\" src=\"images\/stories\/dernek\/ttgrev_4.jpg\" alt=\"t&uuml;rk telekom grevi\" title=\"t&uuml;rk telekom grevi\" width=\"455\" height=\"303\" \/><\/div>\n<div style=\"text-align: center\"><img loading=\"lazy\" decoding=\"async\" src=\"images\/stories\/dernek\/ttgrev_5.jpg\" alt=\"t&uuml;rk telekom grevi\" title=\"t&uuml;rk telekom grevi\" width=\"455\" height=\"303\" \/><\/div>\n<div style=\"text-align: center\"><img loading=\"lazy\" decoding=\"async\" src=\"images\/stories\/dernek\/ttgrev_6.jpg\" alt=\"t&uuml;rk telekom grevi\" title=\"t&uuml;rk telekom grevi\" width=\"455\" height=\"303\" \/><\/div>\n<div style=\"text-align: center\"><img loading=\"lazy\" decoding=\"async\" src=\"images\/stories\/dernek\/ttgrev_7.jpg\" alt=\"t&uuml;rk telekom grevi\" title=\"t&uuml;rk telekom grevi\" width=\"455\" height=\"303\" \/><\/div>\n<div style=\"text-align: center\"><img loading=\"lazy\" decoding=\"async\" src=\"images\/stories\/dernek\/ttgrev_8.jpg\" alt=\"t&uuml;rk telekom grevi\" title=\"t&uuml;rk telekom grevi\" width=\"455\" height=\"303\" \/><\/div>\n<div style=\"text-align: center\"><img loading=\"lazy\" decoding=\"async\" src=\"images\/stories\/dernek\/ttgrev_9.jpg\" alt=\"t&uuml;rk telekom grevi\" title=\"t&uuml;rk telekom grevi\" width=\"455\" height=\"303\" \/><\/div>\n","protected":false},"excerpt":{"rendered":"<p>&nbsp;&nbsp; &Ccedil;a\u011fda\u015f Eczac\u0131larDerne\u011fi Y&ouml;netimimizden Ecz. Rafet \u015eahin, Ecz. Sedat G&uuml;&ccedil;l&uuml;, Eski Oda Ba\u015fkan\u0131m\u0131z Ecz. zafer Kaplan, \u0130stanbul Eczac\u0131 Odas\u0131 Ba\u015fkan\u0131&#46;&#46;&#46;<\/p>\n","protected":false},"author":1,"featured_media":0,"comment_status":"closed","ping_status":"closed","sticky":false,"template":"","format":"standard","meta":{"_jetpack_memberships_contains_paid_content":false,"footnotes":""},"categories":[1],"tags":[],"class_list":["post-3324","post","type-post","status-publish","format-standard","hentry","category-ced"],"aioseo_notices":[],"jetpack_featured_media_url":"","jetpack_sharing_enabled":true,"jetpack-related-posts":[],"_links":{"self":[{"href":"http:\/\/www.ced.org.tr\/index.php?rest_route=\/wp\/v2\/posts\/3324","targetHints":{"allow":["GET"]}}],"collection":[{"href":"http:\/\/www.ced.org.tr\/index.php?rest_route=\/wp\/v2\/posts"}],"about":[{"href":"http:\/\/www.ced.org.tr\/index.php?rest_route=\/wp\/v2\/types\/post"}],"author":[{"embeddable":true,"href":"http:\/\/www.ced.org.tr\/index.php?rest_route=\/wp\/v2\/users\/1"}],"replies":[{"embeddable":true,"href":"http:\/\/www.ced.org.tr\/index.php?rest_route=%2Fwp%2Fv2%2Fcomments&post=3324"}],"version-history":[{"count":0,"href":"http:\/\/www.ced.org.tr\/index.php?rest_route=\/wp\/v2\/posts\/3324\/revisions"}],"wp:attachment":[{"href":"http:\/\/www.ced.org.tr\/index.php?rest_route=%2Fwp%2Fv2%2Fmedia&parent=3324"}],"wp:term":[{"taxonomy":"category","embeddable":true,"href":"http:\/\/www.ced.org.tr\/index.php?rest_route=%2Fwp%2Fv2%2Fcategories&post=3324"},{"taxonomy":"post_tag","embeddable":true,"href":"http:\/\/www.ced.org.tr\/index.php?rest_route=%2Fwp%2Fv2%2Ftags&post=3324"}],"curies":[{"name":"wp","href":"https:\/\/api.w.org\/{rel}","templated":true}]}}