{"id":3326,"date":"2007-12-05T10:59:21","date_gmt":"2007-12-05T08:59:21","guid":{"rendered":"http:\/\/www.ced.org.tr\/?p=3326"},"modified":"2007-12-05T10:59:21","modified_gmt":"2007-12-05T08:59:21","slug":"basin-meslek-orgutleri-mecliste","status":"publish","type":"post","link":"http:\/\/www.ced.org.tr\/?p=3326","title":{"rendered":"BASIN MESLEK \u00d6RG\u00dcTLER\u0130 MECL\u0130STE"},"content":{"rendered":"<h4>Y\u0131pranma hakk\u0131m\u0131z elimizden al\u0131namaz&nbsp;<\/h4>\n<p><strong>SOSYAL <\/strong>Sigortalar ve Genel Sa\u011fl\u0131k Sigortas\u0131 (SSGSS) Yasa Tasar\u0131s\u0131&#39;na bir itirazda T&uuml;rkiye Gazeteciler Sendikas\u0131 (TGS) ve bas\u0131n i\u015f kolundaki di\u011fer meslek &ouml;rg&uuml;tlerinden geldi.<\/p>\n<div id=\"resizeable\" class=\"haber_metin\" style=\"font-size: 10pt\">\n<p>Ge&ccedil;ti\u011fimiz g&uuml;nlerde Meclis&#39;teki partilerden CHP&#39;yi ziyaret eden TGS Genel Ba\u015fkan\u0131 Ercan \u0130pek&ccedil;i ba\u015fkanl\u0131\u011f\u0131ndaki bas\u0131n kurulu\u015flar\u0131n\u0131n temsilcileri, gazetecilerin y\u0131pranma hakk\u0131n\u0131n kald\u0131r\u0131lmas\u0131n\u0131 &ouml;ng&ouml;ren tasar\u0131n\u0131n de\u011fi\u015ftirilmesi i&ccedil;in d&uuml;n de MHP Grubu&#39;nu ziyaret ederek destek istedi. &quot;Reform ad\u0131 alt\u0131nda bir tak\u0131m haklar elden al\u0131n\u0131yor. Reformdan vazge&ccedil;elim, R&ouml;nesans d&ouml;nemini a&ccedil;al\u0131m&quot; diyen \u0130pek&ccedil;i, gazetecilerin &ccedil;ok a\u011f\u0131r \u015fartlar alt\u0131nda &ccedil;al\u0131\u015ft\u0131\u011f\u0131na dikkati &ccedil;ekti. \u0130sparta&#39;da ya\u015fanan u&ccedil;ak kazas\u0131nda olay yerine ilk gidenler aras\u0131nda g&uuml;venlik g&ouml;revlileri, sa\u011fl\u0131k g&ouml;revlileri ve gazetecilerin oldu\u011funu belirten \u0130pek&ccedil;i, gazetecili\u011fin ne kadar zor ve y\u0131prat\u0131c\u0131 bir meslek oldu\u011funun herkes taraf\u0131ndan bilindi\u011fini s&ouml;yledi.<\/p>\n<p>&nbsp;<\/p>\n<p>Y\u0131pranma Hakk\u0131 denilen &ouml;dene\u011fin medya patronlar\u0131n\u0131n cebinden &ccedil;\u0131kt\u0131\u011f\u0131n\u0131 ve h&uuml;k&uuml;metin Sosyal G&uuml;venlik Kurumlar\u0131&#39;ndaki &quot;kara delik&#39;lerini kapatmak i&ccedil;in asl\u0131nda b&uuml;y&uuml;k bir kaynak olu\u015fturdu\u011funu vurgulayan TGS Genel Ba\u015fkan\u0131 \u0130pek&ccedil;i, \u015f&ouml;yle devam etti: &quot;Bas\u0131n sekt&ouml;r&uuml;nde kay\u0131tl\u0131 ortalama 15 bin &ccedil;al\u0131\u015fan bulunmakta. Dolay\u0131s\u0131yla bizim sekt&ouml;r&uuml;m&uuml;zden, Sosyal G&uuml;venlik Kurumlar\u0131na 1 milyon YTL fazladan para yat\u0131yor. Bu tasar\u0131n\u0131n yasala\u015fmas\u0131 halinde bu paradan mahrum kal\u0131nacak. Bir taraftan a&ccedil;\u0131ktan bahsediliyor, di\u011fer taraftan haklar mahrum edilecek. Bunu anlamakta zorluk &ccedil;ekiyoruz.&quot; <\/p>\n<p>&nbsp;<\/p>\n<p><strong>Kaynak: Birg&uuml;n<\/strong><\/p>\n<\/div>\n","protected":false},"excerpt":{"rendered":"<p>Y\u0131pranma hakk\u0131m\u0131z elimizden al\u0131namaz&nbsp; SOSYAL Sigortalar ve Genel Sa\u011fl\u0131k Sigortas\u0131 (SSGSS) Yasa Tasar\u0131s\u0131&#39;na bir itirazda T&uuml;rkiye Gazeteciler Sendikas\u0131 (TGS) ve&#46;&#46;&#46;<\/p>\n","protected":false},"author":1,"featured_media":0,"comment_status":"closed","ping_status":"closed","sticky":false,"template":"","format":"standard","meta":{"_jetpack_memberships_contains_paid_content":false,"footnotes":""},"categories":[1],"tags":[],"class_list":["post-3326","post","type-post","status-publish","format-standard","hentry","category-ced"],"aioseo_notices":[],"jetpack_featured_media_url":"","jetpack_sharing_enabled":true,"jetpack-related-posts":[],"_links":{"self":[{"href":"http:\/\/www.ced.org.tr\/index.php?rest_route=\/wp\/v2\/posts\/3326","targetHints":{"allow":["GET"]}}],"collection":[{"href":"http:\/\/www.ced.org.tr\/index.php?rest_route=\/wp\/v2\/posts"}],"about":[{"href":"http:\/\/www.ced.org.tr\/index.php?rest_route=\/wp\/v2\/types\/post"}],"author":[{"embeddable":true,"href":"http:\/\/www.ced.org.tr\/index.php?rest_route=\/wp\/v2\/users\/1"}],"replies":[{"embeddable":true,"href":"http:\/\/www.ced.org.tr\/index.php?rest_route=%2Fwp%2Fv2%2Fcomments&post=3326"}],"version-history":[{"count":0,"href":"http:\/\/www.ced.org.tr\/index.php?rest_route=\/wp\/v2\/posts\/3326\/revisions"}],"wp:attachment":[{"href":"http:\/\/www.ced.org.tr\/index.php?rest_route=%2Fwp%2Fv2%2Fmedia&parent=3326"}],"wp:term":[{"taxonomy":"category","embeddable":true,"href":"http:\/\/www.ced.org.tr\/index.php?rest_route=%2Fwp%2Fv2%2Fcategories&post=3326"},{"taxonomy":"post_tag","embeddable":true,"href":"http:\/\/www.ced.org.tr\/index.php?rest_route=%2Fwp%2Fv2%2Ftags&post=3326"}],"curies":[{"name":"wp","href":"https:\/\/api.w.org\/{rel}","templated":true}]}}