{"id":3327,"date":"2007-12-05T11:03:50","date_gmt":"2007-12-05T09:03:50","guid":{"rendered":"http:\/\/www.ced.org.tr\/?p=3327"},"modified":"2007-12-05T11:03:50","modified_gmt":"2007-12-05T09:03:50","slug":"emek-orgutleri-yikim-yasasina-karsi-birlesti","status":"publish","type":"post","link":"http:\/\/www.ced.org.tr\/?p=3327","title":{"rendered":"Emek \u00f6rg\u00fctleri &#8216;y\u0131k\u0131m yasas\u0131&#8217;na kar\u015f\u0131 birle\u015fti"},"content":{"rendered":"<p>T&uuml;rkiye Eczac\u0131lar Birli\u011fi, T&uuml;rk Di\u015fhekimleri Birli\u011fi, T&uuml;m \u0130\u015f&ccedil;i Emeklileri Derne\u011fi, T&uuml;rkiye \u0130\u015f&ccedil;i Emeklileri Derne\u011fi, T&uuml;rkiye Serbest Muhasebeci Mali M&uuml;\u015favirler ve Yeminli Mali M&uuml;\u015favirler Odalar\u0131 Birli\u011fi ve daha bir&ccedil;ok sivil toplum &ouml;rg&uuml;t&uuml; temsilcileri d&uuml;n TBMM g&uuml;ndemindeki &quot;Sosyal Sigortalar ve Genel Sa\u011fl\u0131k Sigortas\u0131 Yasa Tasar\u0131s\u0131&quot;yla ilgili ortak bir toplant\u0131 yaparak, bu yasay\u0131 &quot;y\u0131k\u0131m yasas\u0131&quot; olarak tan\u0131mlad\u0131.<\/p>\n<div id=\"resizeable\" class=\"haber_metin\" style=\"font-size: 10pt\">\n<p>&nbsp;<\/p>\n<p>TMMOB \u0130n\u015faat M&uuml;hendisleri Odas\u0131&#39;nda ger&ccedil;ekle\u015fen toplant\u0131da, tasar\u0131n\u0131n yasala\u015fmas\u0131 halinde emek&ccedil;ilerin bug&uuml;ne kadarki kazan\u0131mlar\u0131n\u0131n ortadan kalkaca\u011f\u0131, emekli olman\u0131n neredeyse imk&acirc;ns\u0131z hale gelece\u011fi, sa\u011fl\u0131k hizmetlerinden ancak paras\u0131 olanlar\u0131n yararlanabilece\u011fi, hastanelerin adeta birer ticarethaneye d&ouml;n&uuml;\u015fece\u011fi vurguland\u0131. Tasar\u0131n\u0131n bu \u015fekilde yasala\u015fmamas\u0131 i&ccedil;in ortak eyleme ge&ccedil;ilece\u011fini belirten konu\u015fmac\u0131lar, tasar\u0131yla ilgili ele\u015ftirilerini &ouml;zetle \u015f&ouml;yle dile getirdiler:<\/p>\n<p>&nbsp;<\/p>\n<p><strong><\/p>\n<p>MEZARDA EMEKL\u0130L\u0130K, DAHA D&Uuml;\u015e&Uuml;K AYLIK<br \/>Tasar\u0131yla emeldik ya\u015f\u0131 kademeli de olsa kad\u0131n ve erkeklerde 65&#39;e &ccedil;\u0131kacak. T&uuml;rkiye i&ccedil;in s&ouml;z konusu emeklilik ya\u015f\u0131 &ccedil;ok y&uuml;ksektir. Bu mezarda emeklilik anlam\u0131na gelir. &raquo;Prim g&uuml;n say\u0131s\u0131 2007&#39;den itibaren her y\u0131l 100 g&uuml;n artarak 9 bin g&uuml;n olacak.<\/p>\n<p>&nbsp;<\/p>\n<p><\/strong><\/p>\n<p>Emeklilik maa\u015flar\u0131 y&uuml;zde 23-33 oran\u0131nda azalacak. Bug&uuml;n bile ge&ccedil;inmekte zorlanan emekliler yasadan sonra peri\u015fan olacak. &raquo;Emekli ayl\u0131klar\u0131na yap\u0131lacak zamlarda T&Uuml;FE baz al\u0131nacak. B&ouml;ylece emekli ayl\u0131klar\u0131na yap\u0131lan zamlar &uuml;lke ekonomisinin b&uuml;y&uuml;mesinden pay alamayacak. Maa\u015flar hep yetersiz kalacak. &raquo;Halen &ccedil;al\u0131\u015fan kamu emek&ccedil;ilerinin ayl\u0131klar\u0131, GSS kesintileri nedeniyle bug&uuml;ne g&ouml;re y&uuml;zde 5 azalacak. Bu da kazan\u0131lm\u0131\u015f haklar\u0131n geri al\u0131nmas\u0131 demektir.<\/p>\n<p>&nbsp;<\/p>\n<p><strong><\/p>\n<p>PR\u0130M BORCU OLANA SA\u011eLIK H\u0130ZMET\u0130 YOK<br \/>Prim borcu olanlara sa\u011fl\u0131k hizmeti verilmeyecek, sa\u011fl\u0131k hizmeti alabilmek i&ccedil;in en az 30 g&uuml;nl&uuml;k sigortal\u0131l\u0131k aranacak. Hasta olanlar\u0131n sa\u011fl\u0131k hizmetinden yararlanmas\u0131 Anayasa emridir. Tasar\u0131, Ana-yasa&#39;ya a&ccedil;\u0131k&ccedil;a ayk\u0131r\u0131d\u0131r.<\/p>\n<p>&nbsp;<\/p>\n<p><\/strong><\/p>\n<p>Muayene, tetkik ve tedavinin her evresinde katk\u0131 pay\u0131 ad\u0131 alt\u0131nda ek &ouml;deme al\u0131nacak. B&ouml;ylece, yasa &ccedil;\u0131kt\u0131ktan sonra ancak paras\u0131 olanlar sa\u011fl\u0131k hizmeti alabilecek ki, bu da kabul edilemez. <\/p>\n<p>&nbsp;<\/p>\n<p>Protez, iyile\u015ftirme ara&ccedil; ve gere&ccedil;leri i&ccedil;in y&uuml;zde 10-20 oran\u0131nda katk\u0131 pay\u0131 istenecek. Ayakta tedavide kullan\u0131lan ila&ccedil;lar i&ccedil;in de y&uuml;zde 10-20 oran\u0131nda katk\u0131 pay\u0131 kesilecek. Protez ve ila&ccedil; fiyatlar\u0131 bu kadar pahal\u0131yken b&ouml;yle bir d&uuml;zenlemeye gitmek, bir &ccedil;ok ki\u015finin hasta oldu\u011fu halde tedavi edilemeyece\u011fi sonucunu do\u011fucakt\u0131r ki, sosyal devlette b&ouml;yle bir anlay\u0131\u015f savunulamaz.<\/p>\n<p>&nbsp;<\/p>\n<p>Kaynak: Birg&uuml;n<\/p>\n<\/div>\n","protected":false},"excerpt":{"rendered":"<p>T&uuml;rkiye Eczac\u0131lar Birli\u011fi, T&uuml;rk Di\u015fhekimleri Birli\u011fi, T&uuml;m \u0130\u015f&ccedil;i Emeklileri Derne\u011fi, T&uuml;rkiye \u0130\u015f&ccedil;i Emeklileri Derne\u011fi, T&uuml;rkiye Serbest Muhasebeci Mali M&uuml;\u015favirler ve&#46;&#46;&#46;<\/p>\n","protected":false},"author":1,"featured_media":0,"comment_status":"closed","ping_status":"closed","sticky":false,"template":"","format":"standard","meta":{"_jetpack_memberships_contains_paid_content":false,"footnotes":""},"categories":[1],"tags":[],"class_list":["post-3327","post","type-post","status-publish","format-standard","hentry","category-ced"],"aioseo_notices":[],"jetpack_featured_media_url":"","jetpack_sharing_enabled":true,"jetpack-related-posts":[],"_links":{"self":[{"href":"http:\/\/www.ced.org.tr\/index.php?rest_route=\/wp\/v2\/posts\/3327","targetHints":{"allow":["GET"]}}],"collection":[{"href":"http:\/\/www.ced.org.tr\/index.php?rest_route=\/wp\/v2\/posts"}],"about":[{"href":"http:\/\/www.ced.org.tr\/index.php?rest_route=\/wp\/v2\/types\/post"}],"author":[{"embeddable":true,"href":"http:\/\/www.ced.org.tr\/index.php?rest_route=\/wp\/v2\/users\/1"}],"replies":[{"embeddable":true,"href":"http:\/\/www.ced.org.tr\/index.php?rest_route=%2Fwp%2Fv2%2Fcomments&post=3327"}],"version-history":[{"count":0,"href":"http:\/\/www.ced.org.tr\/index.php?rest_route=\/wp\/v2\/posts\/3327\/revisions"}],"wp:attachment":[{"href":"http:\/\/www.ced.org.tr\/index.php?rest_route=%2Fwp%2Fv2%2Fmedia&parent=3327"}],"wp:term":[{"taxonomy":"category","embeddable":true,"href":"http:\/\/www.ced.org.tr\/index.php?rest_route=%2Fwp%2Fv2%2Fcategories&post=3327"},{"taxonomy":"post_tag","embeddable":true,"href":"http:\/\/www.ced.org.tr\/index.php?rest_route=%2Fwp%2Fv2%2Ftags&post=3327"}],"curies":[{"name":"wp","href":"https:\/\/api.w.org\/{rel}","templated":true}]}}