{"id":3328,"date":"2007-12-05T11:08:40","date_gmt":"2007-12-05T09:08:40","guid":{"rendered":"http:\/\/www.ced.org.tr\/?p=3328"},"modified":"2007-12-05T11:08:40","modified_gmt":"2007-12-05T09:08:40","slug":"enflasyon-tek-haneli-kalsin-diye-diger-zamlar-yilbasi-sonrasina","status":"publish","type":"post","link":"http:\/\/www.ced.org.tr\/?p=3328","title":{"rendered":"Enflasyon tek haneli kals\u0131n diye di\u011fer zamlar y\u0131lba\u015f\u0131 sonras\u0131na"},"content":{"rendered":"<div id=\"resizeable\" class=\"haber_metin\" style=\"font-size: 10pt\">\n<p>Kas\u0131m sonunda enflasyonun y&uuml;zde 8.40 ile h&uuml;k&uuml;metin y\u0131ll\u0131k hedefi iki kat a\u015fmas\u0131 ve bu art\u0131\u015f\u0131n aral\u0131kta da devam etmesi durumunda y\u0131l sonunda enflasyonun tekrar &ccedil;ift haneli say\u0131lara ge&ccedil;mesiyle ilgili raporunu yay\u0131mlayan Merkez Bankas\u0131, orta vadede enflasyonun tekrar d&uuml;\u015f&uuml;\u015f e\u011filimine girece\u011fini savundu. <\/p>\n<\/div>\n<div id=\"resizeable\" class=\"haber_metin\" style=\"font-size: 10pt\">\n<p>Enflasyonda hedefi iyi \u015fa\u015fan h&uuml;k&uuml;metin elektrik ve do\u011falgaza yapaca\u011f\u0131 zamlar\u0131 y\u0131lba\u015f\u0131na ertelemesinin de aral\u0131k ay\u0131 enflasyonunu s\u0131n\u0131rl\u0131 tutarak, 2007 y\u0131l sonu enflasyonunun &ccedil;ift haneli say\u0131lara &ccedil;\u0131kmas\u0131n\u0131 engellemek oldu\u011fu ifade edildi.<\/p>\n<p>&nbsp;<\/p>\n<p>H&uuml;k&uuml;metin yapt\u0131\u011f\u0131 &Ouml;TV zamm\u0131 nedeniyle alkoll&uuml; i&ccedil;kiler y&uuml;zde 6 artarken, &quot;gizli&quot; ak-bil zamm\u0131 y&uuml;z&uuml;nden de ula\u015ft\u0131rma fiyat\u0131 y&uuml;zde 2.5 artt\u0131. Enflasyonda son iki ayda belirgin bi&ccedil;imde h\u0131zlanan ivme, yeniden &quot;&ccedil;ift haneli&quot; enflasyon olas\u0131l\u0131\u011f\u0131n\u0131 art\u0131rd\u0131. T&uuml;ketici fiyatlar\u0131nda (T&Uuml;FE) ekim ve kas\u0131m aylar\u0131nda ge&ccedil;en y\u0131l\u0131n ayn\u0131 aylar\u0131n\u0131n a&ccedil;\u0131k farkla &uuml;zerinde ger&ccedil;ekle\u015fen zamlarla kas\u0131m sonu itibariyle y&uuml;zde 8.40&#39;a ula\u015fan y\u0131ll\u0131k enflasyonda, y&uuml;zde 4 olan 2007 hedefine g&ouml;re y&uuml;zde \u0131oo&#39;den fazla, y&uuml;zde 6 olan belirsizlik aral\u0131\u011f\u0131 &uuml;st s\u0131n\u0131r\u0131na g&ouml;re de y&uuml;zde 50&#39;ye yak\u0131n sapma ya\u015fand\u0131. 2007 enflasyonunun tek hanede kalabilmesi i&ccedil;in aral\u0131k ay\u0131nda ayl\u0131k enflasyonun y&uuml;zde 1.69&#39;u ge&ccedil;memesi gerekiyor. Y\u0131ll\u0131k enflasyon en son nisan ay\u0131nda y&uuml;zde 10,72 ile &ccedil;ift haneli olarak ger&ccedil;ekle\u015fmi\u015fti.<\/p>\n<p>&nbsp;<\/p>\n<p><strong><\/p>\n<p>\u0130LA&Ccedil; F\u0130YATLARI ENFLASYONU FRENLED\u0130<br \/>Enflasyon rakamlar\u0131n\u0131n a&ccedil;\u0131klanmas\u0131n\u0131n ard\u0131ndan &#39;Kas\u0131m ay\u0131 Fiyat Geli\u015fmeleri&quot; de\u011ferlendirmesini yay\u0131mlayan MB, elektrik ve do\u011falgaz gibi kalenderdeki olas\u0131 zamlar\u0131n ve g\u0131da fiyatlar\u0131na ili\u015fkin belirsizliklerin k\u0131sa vadede risk olu\u015fturdu\u011funu belirtti.<\/p>\n<p><\/strong><\/p>\n<p>&nbsp;<\/p>\n<p>Kas\u0131m ay\u0131nda t&uuml;ketici fiyatlar\u0131n\u0131n y&ouml;netilen\/y&ouml;nlendirilen fiyatlardaki belirgin y&uuml;kseli\u015fin etkisiyle y&uuml;zde 1,95 oran\u0131nda artt\u0131\u011f\u0131 ve y\u0131ll\u0131k enflasyonun y&uuml;zde 8,40 olarak ger&ccedil;ekle\u015fti\u011fi hat\u0131rlat\u0131lan de\u011ferlendirmede, g\u0131da fiyatlar\u0131n\u0131n etkiledi\u011fi kalemler ve y&ouml;netilen\/ y&ouml;nlendirilen fiyatlar hari&ccedil; tutuldu\u011funda enflasyonun olumsuz bir g&ouml;r&uuml;n&uuml;m sergilemedi\u011finin g&ouml;r&uuml;ld&uuml;\u011f&uuml; ifade edildi.<\/p>\n<p>&nbsp;<\/p>\n<p>Banka, son d&ouml;nemde YTL&#39;nin g&uuml;&ccedil;lenmesine paralel olarak gerileyen ila&ccedil; fiyatlar\u0131n\u0131n, enerji ve i\u015flenmemi\u015f g\u0131da d\u0131\u015f\u0131 mal grubu fiyat endeksindeki art\u0131\u015f\u0131 s\u0131n\u0131rlad\u0131\u011f\u0131n\u0131 bildirirken, ila&ccedil; fiyatlar\u0131ndaki azal\u0131\u015f\u0131n etkisinin aral\u0131k ay\u0131nda da g&ouml;zlenece\u011fini kaydetti. A&ccedil;\u0131klamada, kas\u0131m ay\u0131nda akaryak\u0131t ve t&uuml;t&uuml;n &uuml;r&uuml;nlerindeki &Ouml;TV art\u0131\u015f\u0131 ile su fiyatlar\u0131na yap\u0131lan zamlar\u0131n ise enflasyonu yakla\u015f\u0131k 1 puan art\u0131rd\u0131\u011f\u0131 ve y\u0131ll\u0131k enflasyonun y&uuml;kselmesine neden oldu\u011fu bildirildi. <\/p>\n<p>Kaynak: <strong>Birg&uuml;n<\/strong><\/p>\n<\/div>\n","protected":false},"excerpt":{"rendered":"<p>Kas\u0131m sonunda enflasyonun y&uuml;zde 8.40 ile h&uuml;k&uuml;metin y\u0131ll\u0131k hedefi iki kat a\u015fmas\u0131 ve bu art\u0131\u015f\u0131n aral\u0131kta da devam etmesi durumunda&#46;&#46;&#46;<\/p>\n","protected":false},"author":1,"featured_media":0,"comment_status":"closed","ping_status":"closed","sticky":false,"template":"","format":"standard","meta":{"_jetpack_memberships_contains_paid_content":false,"footnotes":""},"categories":[1],"tags":[],"class_list":["post-3328","post","type-post","status-publish","format-standard","hentry","category-ced"],"aioseo_notices":[],"jetpack_featured_media_url":"","jetpack_sharing_enabled":true,"jetpack-related-posts":[],"_links":{"self":[{"href":"http:\/\/www.ced.org.tr\/index.php?rest_route=\/wp\/v2\/posts\/3328","targetHints":{"allow":["GET"]}}],"collection":[{"href":"http:\/\/www.ced.org.tr\/index.php?rest_route=\/wp\/v2\/posts"}],"about":[{"href":"http:\/\/www.ced.org.tr\/index.php?rest_route=\/wp\/v2\/types\/post"}],"author":[{"embeddable":true,"href":"http:\/\/www.ced.org.tr\/index.php?rest_route=\/wp\/v2\/users\/1"}],"replies":[{"embeddable":true,"href":"http:\/\/www.ced.org.tr\/index.php?rest_route=%2Fwp%2Fv2%2Fcomments&post=3328"}],"version-history":[{"count":0,"href":"http:\/\/www.ced.org.tr\/index.php?rest_route=\/wp\/v2\/posts\/3328\/revisions"}],"wp:attachment":[{"href":"http:\/\/www.ced.org.tr\/index.php?rest_route=%2Fwp%2Fv2%2Fmedia&parent=3328"}],"wp:term":[{"taxonomy":"category","embeddable":true,"href":"http:\/\/www.ced.org.tr\/index.php?rest_route=%2Fwp%2Fv2%2Fcategories&post=3328"},{"taxonomy":"post_tag","embeddable":true,"href":"http:\/\/www.ced.org.tr\/index.php?rest_route=%2Fwp%2Fv2%2Ftags&post=3328"}],"curies":[{"name":"wp","href":"https:\/\/api.w.org\/{rel}","templated":true}]}}