{"id":3333,"date":"2007-12-17T10:42:55","date_gmt":"2007-12-17T08:42:55","guid":{"rendered":"http:\/\/www.ced.org.tr\/?p=3333"},"modified":"2007-12-17T10:42:55","modified_gmt":"2007-12-17T08:42:55","slug":"tebde-ikili-iktidar-donemi","status":"publish","type":"post","link":"http:\/\/www.ced.org.tr\/?p=3333","title":{"rendered":"TEB&#8217;DE \u0130K\u0130L\u0130 \u0130KT\u0130DAR D\u00d6NEM\u0130"},"content":{"rendered":"<p>TEB 36. B&uuml;y&uuml;k Kongresi sonu&ccedil;land\u0131.<\/p>\n<p>13.12.2007 tarihinde Ankara Dedeman hotelde toplanan kongre 4 g&uuml;n s&uuml;rd&uuml;. Kat\u0131l\u0131m\u0131n ve ilginin bir hayli yo\u011fun oldu\u011fu TEB se&ccedil;imli Ola\u011fan Kongresinde 60&#39;a yak\u0131n delege s&ouml;z alarak ilac\u0131n, sa\u011fl\u0131\u011f\u0131n ve mesle\u011fin gelece\u011fine dair d&uuml;\u015f&uuml;ncelerini kongre kat\u0131l\u0131mc\u0131lar\u0131 ile payla\u015ft\u0131.<\/p>\n<p>Kongrenin 4. g&uuml;n&uuml; olan 16.12.2007 Pazar g&uuml;n&uuml; ise yeni TEB Meclis se&ccedil;imi yap\u0131ld\u0131. Kongrede iki liste yar\u0131\u015ft\u0131.<\/p>\n<p>1. Erdo\u011fan &Ccedil;OLAK listesi<\/p>\n<p>2. Sait Y&Uuml;CEL&#39;in ba\u015fkan aday\u0131 oldu\u011fu &Ccedil;a\u011fda\u015f Eczac\u0131lar Platformu listesi<\/p>\n<p>Yap\u0131lan se&ccedil;imler sonucunda olu\u015fan yeni TEB y&ouml;netimi 6&#39;s\u0131 Erdo\u011fan &Ccedil;OLAK, 5&#39;i &Ccedil;a\u011fda\u015f Eczac\u0131lar Platformu&#39;ndan se&ccedil;ilen &uuml;yelerden olu\u015ftu.<\/p>\n<p>Y&ouml;netimde Erdo\u011fan &Ccedil;OLAK listesi<\/p>\n<p>a. Erdo\u011fan &Ccedil;OLAK (Adana)<\/p>\n<p>b.&nbsp;Ali ASLAN (Hatay)<\/p>\n<p>c. &Ouml;zg&uuml;r &Ouml;ZEL (Manisa)<\/p>\n<p>d. Hilmi \u015eENER (Ankara)<\/p>\n<p>e. \u015eevket KAYA (Ayd\u0131n)<\/p>\n<p>f. Mukaddes HARMANCI (Eski\u015fehir)<\/p>\n<p>&Ccedil;a\u011fda\u015f Eczac\u0131lar Platformu listesi<\/p>\n<p>a. Sait Y&Uuml;CEL (\u0130stanbul)<\/p>\n<p>b. Deniz \u0130&Ccedil;ER (Bursa)<\/p>\n<p>c. Tekin &Ccedil;A\u011eLAR (Trabzon)<\/p>\n<p>d. Levent &Uuml;ST&Uuml;NES (\u0130zmir)<\/p>\n<p>e. &Ccedil;a\u011fatay &Ccedil;AKAR (Mersin)<\/p>\n","protected":false},"excerpt":{"rendered":"<p>TEB 36. B&uuml;y&uuml;k Kongresi sonu&ccedil;land\u0131. 13.12.2007 tarihinde Ankara Dedeman hotelde toplanan kongre 4 g&uuml;n s&uuml;rd&uuml;. Kat\u0131l\u0131m\u0131n ve ilginin bir hayli&#46;&#46;&#46;<\/p>\n","protected":false},"author":1,"featured_media":0,"comment_status":"closed","ping_status":"closed","sticky":false,"template":"","format":"standard","meta":{"_jetpack_memberships_contains_paid_content":false,"footnotes":""},"categories":[1],"tags":[],"class_list":["post-3333","post","type-post","status-publish","format-standard","hentry","category-ced"],"aioseo_notices":[],"jetpack_featured_media_url":"","jetpack_sharing_enabled":true,"jetpack-related-posts":[],"_links":{"self":[{"href":"http:\/\/www.ced.org.tr\/index.php?rest_route=\/wp\/v2\/posts\/3333","targetHints":{"allow":["GET"]}}],"collection":[{"href":"http:\/\/www.ced.org.tr\/index.php?rest_route=\/wp\/v2\/posts"}],"about":[{"href":"http:\/\/www.ced.org.tr\/index.php?rest_route=\/wp\/v2\/types\/post"}],"author":[{"embeddable":true,"href":"http:\/\/www.ced.org.tr\/index.php?rest_route=\/wp\/v2\/users\/1"}],"replies":[{"embeddable":true,"href":"http:\/\/www.ced.org.tr\/index.php?rest_route=%2Fwp%2Fv2%2Fcomments&post=3333"}],"version-history":[{"count":0,"href":"http:\/\/www.ced.org.tr\/index.php?rest_route=\/wp\/v2\/posts\/3333\/revisions"}],"wp:attachment":[{"href":"http:\/\/www.ced.org.tr\/index.php?rest_route=%2Fwp%2Fv2%2Fmedia&parent=3333"}],"wp:term":[{"taxonomy":"category","embeddable":true,"href":"http:\/\/www.ced.org.tr\/index.php?rest_route=%2Fwp%2Fv2%2Fcategories&post=3333"},{"taxonomy":"post_tag","embeddable":true,"href":"http:\/\/www.ced.org.tr\/index.php?rest_route=%2Fwp%2Fv2%2Ftags&post=3333"}],"curies":[{"name":"wp","href":"https:\/\/api.w.org\/{rel}","templated":true}]}}