{"id":3335,"date":"2007-12-26T11:38:16","date_gmt":"2007-12-26T09:38:16","guid":{"rendered":"http:\/\/www.ced.org.tr\/?p=3335"},"modified":"2007-12-26T11:38:16","modified_gmt":"2007-12-26T09:38:16","slug":"tebde-gorev-dagilimi","status":"publish","type":"post","link":"http:\/\/www.ced.org.tr\/?p=3335","title":{"rendered":"TEB&#8217;DE G\u00d6REV DA\u011eILIMI"},"content":{"rendered":"<p>13-16 Aral\u0131k 2007 tarihinde ger&ccedil;ekle\u015fen TEB Ola\u011fan B&uuml;y&uuml;k Kongresi sonucunda yap\u0131lan se&ccedil;imlerde Teb Merkez Heyeti ve di\u011fer&nbsp;organlara se&ccedil;ilen adaylar belirlenmi\u015fti.<\/p>\n<p>&nbsp;<\/p>\n<p>25 Aral\u0131k 2007 tarihinde yap\u0131lan g&ouml;rev da\u011f\u0131l\u0131m\u0131 sonucunda yeni Teb Merkez Heyeti, Denetleme ve Haysiyet divan\u0131 &uuml;yeleri ve g&ouml;revleri a\u015fa\u011f\u0131da yer almaktad\u0131r. Yeni Teb Heyetine ba\u015far\u0131lar diliyoruz.<\/p>\n<p>&nbsp;<\/p>\n<p><strong><font face=\"Lucida Sans Unicode\" size=\"3\">36.D&ouml;nem Merkez Heyeti<\/p>\n<p><\/font><\/strong><span style=\"font-size: 11pt; font-family: &#39;Lucida Sans Unicode&#39;\"><font color=\"#000000\">Ba\u015fkan:<span>&nbsp;&nbsp;&nbsp;&nbsp;&nbsp;&nbsp;&nbsp;&nbsp;&nbsp;&nbsp;&nbsp;&nbsp;&nbsp;&nbsp;&nbsp;&nbsp; <\/span>Ecz. Erdo\u011fan &Ccedil;OLAK<br \/><\/font><\/span><span style=\"font-size: 11pt; font-family: &#39;Lucida Sans Unicode&#39;\"><font color=\"#000000\">II.Ba\u015fkan:<span>&nbsp;&nbsp;&nbsp;&nbsp;&nbsp;&nbsp;&nbsp;&nbsp;&nbsp;&nbsp;&nbsp;&nbsp;&nbsp;&nbsp; <\/span>Ecz. \u015eevket KAYA<br \/><\/font><\/span><span style=\"font-size: 11pt; font-family: &#39;Lucida Sans Unicode&#39;\"><font color=\"#000000\">Genel Sekreter:<span>&nbsp;&nbsp;&nbsp;&nbsp; <\/span>Ecz. Hilmi \u015eENER<br \/><\/font><\/span><span style=\"font-size: 11pt; font-family: &#39;Lucida Sans Unicode&#39;\"><font color=\"#000000\">Sayman:<span>&nbsp;&nbsp;&nbsp;&nbsp;&nbsp;&nbsp;&nbsp;&nbsp;&nbsp;&nbsp;&nbsp;&nbsp;&nbsp;&nbsp;&nbsp; <\/span>Ecz. &Ouml;zg&uuml;r &Ouml;ZEL<\/p>\n<p><\/font><\/span><span style=\"font-size: 11pt; font-family: &#39;Lucida Sans Unicode&#39;\"><font color=\"#000000\">&Uuml;yeler:<br \/>Ecz. Ali ASLAN<br \/><\/font><\/span><span style=\"font-size: 11pt; font-family: &#39;Lucida Sans Unicode&#39;\"><font color=\"#000000\">Ecz. Deniz \u0130&Ccedil;ER<br \/><\/font><\/span><span style=\"font-size: 11pt; font-family: &#39;Lucida Sans Unicode&#39;\"><font color=\"#000000\">Ecz. Sabih Tekin &Ccedil;A\u011eLAR<br \/><\/font><\/span><span style=\"font-size: 11pt; font-family: &#39;Lucida Sans Unicode&#39;\"><font color=\"#000000\">Ecz. M.Sait Y&Uuml;CEL<br \/><\/font><\/span><span style=\"font-size: 11pt; font-family: &#39;Lucida Sans Unicode&#39;\"><font color=\"#000000\">Prof.Dr. Levent &Uuml;ST&Uuml;NES<br \/><\/font><\/span><span style=\"font-size: 11pt; font-family: &#39;Lucida Sans Unicode&#39;\"><font color=\"#000000\">Ecz. &Ccedil;a\u011fatay &Ccedil;AKAR<br \/><\/font><\/span><span style=\"font-size: 11pt; font-family: &#39;Lucida Sans Unicode&#39;\"><font color=\"#000000\">Ecz. Mukaddes HARMANCI<\/p>\n<p><\/font><\/span><strong><span style=\"font-size: 11pt; font-family: &#39;Lucida Sans Unicode&#39;\"><font color=\"#000000\"><br \/>36.D&ouml;nem Denetleme Kurulu<br \/><\/font><\/span><\/strong><span style=\"font-size: 11pt; font-family: &#39;Lucida Sans Unicode&#39;\"><font color=\"#000000\">Ba\u015fkan:<span>&nbsp;&nbsp;&nbsp;&nbsp;&nbsp;&nbsp;&nbsp;&nbsp;&nbsp;&nbsp;&nbsp;&nbsp;&nbsp;&nbsp;&nbsp;&nbsp; <\/span>Ecz. M.\u015eerif BOYACI<br \/><\/font><\/span><span style=\"font-size: 11pt; font-family: &#39;Lucida Sans Unicode&#39;\"><font color=\"#000000\">&Uuml;ye:<span>&nbsp;&nbsp;&nbsp;&nbsp;&nbsp;&nbsp;&nbsp;&nbsp;&nbsp;&nbsp;&nbsp;&nbsp;&nbsp;&nbsp;&nbsp;&nbsp;&nbsp;&nbsp;&nbsp;&nbsp;&nbsp;<\/span>Ecz. A.Cemal TOPLU<br \/><\/font><\/span><span style=\"font-size: 11pt; font-family: &#39;Lucida Sans Unicode&#39;\"><font color=\"#000000\">&Uuml;ye:<span>&nbsp;&nbsp;&nbsp;&nbsp;&nbsp;&nbsp;&nbsp;&nbsp;&nbsp;&nbsp;&nbsp;&nbsp;&nbsp;&nbsp;&nbsp;&nbsp;&nbsp;&nbsp;&nbsp;&nbsp;&nbsp; <\/span>Ecz. H&uuml;seyin OLAN<\/p>\n<p><\/font><\/span><strong><span style=\"font-size: 11pt; font-family: &#39;Lucida Sans Unicode&#39;\"><font color=\"#000000\"><br \/>36.D&ouml;nem Y&uuml;ksek Haysiyet Divan\u0131<br \/><\/font><\/span><\/strong><span style=\"font-size: 11pt; font-family: &#39;Lucida Sans Unicode&#39;\"><font color=\"#000000\">Ecz. M.Baki ERSAVA\u015e <br \/><\/font><\/span><span style=\"font-size: 11pt; font-family: &#39;Lucida Sans Unicode&#39;\"><font color=\"#000000\">Ecz. Serhat Salim AKTA\u015e <br \/><\/font><\/span><span style=\"font-size: 11pt; font-family: &#39;Lucida Sans Unicode&#39;\"><font color=\"#000000\">Ecz. &Ccedil;i\u011fdem (Okman) KILCI <br \/><\/font><\/span><span style=\"font-size: 11pt; font-family: &#39;Lucida Sans Unicode&#39;\"><font color=\"#000000\">Ecz. Erdo\u011fan YE\u015e\u0130LYAYLA<br \/><\/font><\/span><span style=\"font-size: 11pt; font-family: &#39;Lucida Sans Unicode&#39;\"><font color=\"#000000\">Ecz. Muhammet &Ccedil;ORBACIO\u011eLU<br \/><\/font><\/span><span style=\"font-size: 11pt; font-family: &#39;Lucida Sans Unicode&#39;\"><font color=\"#000000\">Ecz. Candan AYDO\u011eAN<br \/><\/font><\/span><span style=\"font-size: 11pt; font-family: &#39;Lucida Sans Unicode&#39;\"><font color=\"#000000\">Ecz. Ahmet DUTO\u011eLU<br \/><\/font><\/span><span style=\"font-size: 11pt; font-family: &#39;Lucida Sans Unicode&#39;\"><font color=\"#000000\">Ecz. Melihat TUNAR <br \/><\/font><\/span><span style=\"font-size: 11pt; font-family: &#39;Lucida Sans Unicode&#39;\"><font color=\"#000000\">Ecz. Naim Hamit PEREK <\/font><\/span><\/p>\n","protected":false},"excerpt":{"rendered":"<p>13-16 Aral\u0131k 2007 tarihinde ger&ccedil;ekle\u015fen TEB Ola\u011fan B&uuml;y&uuml;k Kongresi sonucunda yap\u0131lan se&ccedil;imlerde Teb Merkez Heyeti ve di\u011fer&nbsp;organlara se&ccedil;ilen adaylar belirlenmi\u015fti.&#46;&#46;&#46;<\/p>\n","protected":false},"author":1,"featured_media":0,"comment_status":"closed","ping_status":"closed","sticky":false,"template":"","format":"standard","meta":{"_jetpack_memberships_contains_paid_content":false,"footnotes":""},"categories":[1],"tags":[],"class_list":["post-3335","post","type-post","status-publish","format-standard","hentry","category-ced"],"aioseo_notices":[],"jetpack_featured_media_url":"","jetpack_sharing_enabled":true,"jetpack-related-posts":[],"_links":{"self":[{"href":"http:\/\/www.ced.org.tr\/index.php?rest_route=\/wp\/v2\/posts\/3335","targetHints":{"allow":["GET"]}}],"collection":[{"href":"http:\/\/www.ced.org.tr\/index.php?rest_route=\/wp\/v2\/posts"}],"about":[{"href":"http:\/\/www.ced.org.tr\/index.php?rest_route=\/wp\/v2\/types\/post"}],"author":[{"embeddable":true,"href":"http:\/\/www.ced.org.tr\/index.php?rest_route=\/wp\/v2\/users\/1"}],"replies":[{"embeddable":true,"href":"http:\/\/www.ced.org.tr\/index.php?rest_route=%2Fwp%2Fv2%2Fcomments&post=3335"}],"version-history":[{"count":0,"href":"http:\/\/www.ced.org.tr\/index.php?rest_route=\/wp\/v2\/posts\/3335\/revisions"}],"wp:attachment":[{"href":"http:\/\/www.ced.org.tr\/index.php?rest_route=%2Fwp%2Fv2%2Fmedia&parent=3335"}],"wp:term":[{"taxonomy":"category","embeddable":true,"href":"http:\/\/www.ced.org.tr\/index.php?rest_route=%2Fwp%2Fv2%2Fcategories&post=3335"},{"taxonomy":"post_tag","embeddable":true,"href":"http:\/\/www.ced.org.tr\/index.php?rest_route=%2Fwp%2Fv2%2Ftags&post=3335"}],"curies":[{"name":"wp","href":"https:\/\/api.w.org\/{rel}","templated":true}]}}