{"id":3338,"date":"2008-01-03T10:48:28","date_gmt":"2008-01-03T08:48:28","guid":{"rendered":"http:\/\/www.ced.org.tr\/?p=3338"},"modified":"2008-01-03T10:48:28","modified_gmt":"2008-01-03T08:48:28","slug":"elektronik-sigarada-zincirleme-aymazlik","status":"publish","type":"post","link":"http:\/\/www.ced.org.tr\/?p=3338","title":{"rendered":"Elektronik sigarada zincirleme aymazl\u0131k"},"content":{"rendered":"<p><strong><font face=\"Tahoma\">Sa\u011fl\u0131k: Denetim yetkisi bize verilmeli. Sanayi: Konu bizimle ilgili de\u011fil. Tar\u0131m: Uzaktan yak\u0131ndan ilgimiz yok. \u015eirkete nihayet d&uuml;n ilk uyar\u0131 ula\u015ft\u0131<\/font><\/strong><\/p>\n<p>&nbsp;<\/p>\n<p><font size=\"2\">Yakla\u015f\u0131k 1.5 y\u0131ld\u0131r piyasada &#39;zarars\u0131z sigara&#39; reklamlar\u0131yla sat\u0131lan ve ayr\u0131 bir ba\u011f\u0131ml\u0131l\u0131k nedeni oldu\u011fu anla\u015f\u0131lan elektronik sigaran\u0131n ithalat\u0131 konusunda tam bir yetki karma\u015fas\u0131 ya\u015fan\u0131yor. Prosed&uuml;re g&ouml;re &#39;self deklerasyon&#39; y&ouml;ntemiyle g&uuml;mr&uuml;klerden sadece &#39;deklare edilerek&#39; giri\u015f yapan elektronik sigaran\u0131n, ancak \u015fik&acirc;yet edildi\u011finde denetlendi\u011fi, ancak denetimi kimin yapaca\u011f\u0131n\u0131n belli olmad\u0131\u011f\u0131 ortaya &ccedil;\u0131kt\u0131. \u0130lk incelemeyi yapan ve &uuml;r&uuml;n&uuml; zararl\u0131 bulan Sa\u011fl\u0131k Bakanl\u0131\u011f\u0131&#39;n\u0131n ba\u015fvurdu\u011fu Sanayi Bakanl\u0131\u011f\u0131&#39;n\u0131n sadece i\u015fin elektronik cihaz ve reklam boyutuyla ilgili oldu\u011fu &ouml;\u011frenildi. &Uuml;r&uuml;n kartu\u015fundaki kimyasal maddeler nedeniyle Tar\u0131m ve K&ouml;yi\u015fleri Bakanl\u0131\u011f\u0131&#39;n\u0131n yetkili olabilece\u011fi belirtilirken, bu bakanl\u0131k yetkilileri de &quot;Bu &uuml;r&uuml;n&uuml;n bizimle uzaktan yak\u0131ndan alakas\u0131 yok&quot; dedi. \u0130lk ba\u015fta izin verme yetkisi olmad\u0131\u011f\u0131n\u0131 a&ccedil;\u0131klayan Sa\u011fl\u0131k Bakanl\u0131\u011f\u0131 ise d&uuml;n ithalat&ccedil;\u0131 firmaya &quot;Ara &uuml;r&uuml;n oldu\u011fu i&ccedil;in bizden belge almak zorundas\u0131n\u0131z&quot; mesaj\u0131n\u0131 iletti. Sa\u011fl\u0131k Bakan\u0131 Akda\u011f, yetkinin sa\u011fl\u0131k bakanl\u0131\u011f\u0131nda olmas\u0131 gerekti\u011fine dikkat &ccedil;ekerek, ortada bir skandal de\u011fil, mevzuat bo\u015flu\u011fu oldu\u011funu savundu. <\/font><\/p>\n<p><font size=\"2\"><br \/>&nbsp;<\/font><\/p>\n<p><font face=\"Tahoma\" size=\"3\" color=\"#800000\"><strong>Elektronik sigarada yetki karma\u015fas\u0131<\/strong><\/font> <br \/>Sa\u011fl\u0131k Bakanl\u0131\u011f\u0131&#39;n\u0131n, Sanayi ve Ticaret Bakanl\u0131\u011f\u0131&#39;na elektronik sigaralar\u0131n yasaklanmas\u0131 ve reklamlar\u0131n\u0131n durdurulmas\u0131 i&ccedil;in yazd\u0131\u011f\u0131 resmi yaz\u0131, bu &uuml;r&uuml;n&uuml;n asl\u0131nda bakanl\u0131k nezdinde bir muhatab\u0131n\u0131n olmad\u0131\u011f\u0131n\u0131 ortaya koydu. Sa\u011fl\u0131k Bakanl\u0131\u011f\u0131 yetkilileri, &quot;\u0130nsan sa\u011fl\u0131\u011f\u0131yla do\u011frudan ilgili, yetki bizde olmal\u0131&quot; diyerek, Sanayi ve Ticaret Bakanl\u0131\u011f\u0131&#39;ndan yetki isterken, Sanayi Bakanl\u0131\u011f\u0131 denetiminin &uuml;r&uuml;n&uuml;n elektronik k\u0131sm\u0131n\u0131n denetimi, reklam ve t&uuml;ketici haklar\u0131 a&ccedil;\u0131s\u0131ndan ge&ccedil;erli oldu\u011fu ortaya &ccedil;\u0131kt\u0131. <br \/>Sanayi ve Ticaret Bakan\u0131 Zafer &Ccedil;a\u011flayan da bir a&ccedil;\u0131klama yaparak elektronik sigaran\u0131n ithalat\u0131na ve sat\u0131\u015f\u0131na izin vermeye yetkilerinin olmad\u0131\u011f\u0131 ve &#39;uyar\u0131lara kulak t\u0131kayarak, &uuml;r&uuml;n&uuml;n b&ouml;cek ilac\u0131 diye sat\u0131lmas\u0131na g&ouml;z yumduklar\u0131&#39; iddias\u0131na tepki g&ouml;sterdi. <br \/>Zaman zaman &#39;b&ouml;cek ilac\u0131 maddesi&#39; olarak g&uuml;mr&uuml;klerden giri\u015f yapt\u0131\u011f\u0131 belirlenen ve nikotin gibi kimyasallar i&ccedil;eren &uuml;r&uuml;n kartu\u015flar\u0131n\u0131n denetiminin Tar\u0131m ve K&ouml;yi\u015fleri Bakanl\u0131\u011f\u0131 taraf\u0131ndan yap\u0131labilece\u011fi varsay\u0131m\u0131 da do\u011frulanmad\u0131. Tar\u0131m ve K&ouml;yi\u015fleri Bakanl\u0131\u011f\u0131 yetkilileri, &quot;&Uuml;r&uuml;n&uuml;n uzaktan yak\u0131ndan bizimle ilgisi yok. Hangi bakanl\u0131kla ilgili oldu\u011funu da bilmiyoruz&quot; dedi. <br \/>Edinilen bilgiye g&ouml;re, Sanayi ve Ticaret Bakanl\u0131\u011f\u0131&#39;n\u0131n elektronik sigaradaki sorumlulu\u011fu do\u011frudan kabul etmemesi &uuml;zerine Sa\u011fl\u0131k Bakanl\u0131\u011f\u0131 yeni muhatap aray\u0131\u015f\u0131na girdi. Bakanl\u0131k yetkilileri &quot;G&uuml;mr&uuml;\u011fe de soruyoruz. Sonu&ccedil;ta nikotin bulunuyor. Kiminle ba\u011flant\u0131l\u0131 oldu\u011funu &ouml;\u011frenmeye &ccedil;al\u0131\u015f\u0131yoruz&quot; diye konu\u015ftu. Sanayi Bakanl\u0131\u011f\u0131 yetkilileri de bakanl\u0131\u011f\u0131n &uuml;r&uuml;n&uuml; ancak elektronik k\u0131sm\u0131, tan\u0131t\u0131m\u0131 ve t&uuml;ketici haklar\u0131 a&ccedil;\u0131s\u0131ndan denetleyebilece\u011fine dikkat &ccedil;ekti. <\/p>\n<p>&nbsp;<\/p>\n<p><font face=\"Tahoma\" size=\"3\" color=\"#800000\"><strong>&#39;Skandal de\u011fil mevzuat bo\u015flu\u011fu&#39;<\/strong><\/font> <br \/>Sa\u011fl\u0131k Bakan\u0131 Akda\u011f, TBMM&#39;de sigara yasa\u011f\u0131n\u0131n geni\u015fletilmesine ili\u015fkin yasa tasar\u0131s\u0131 g&ouml;r&uuml;\u015f&uuml;l&uuml;rken konuyla ilgili sorulan soruya \u015fu yan\u0131t\u0131 verdi: &quot;Bu &uuml;r&uuml;nlerin &ccedil;e\u015fit ve dozlar\u0131n\u0131n belirlenmesi i&ccedil;in Sa\u011fl\u0131k Bakanl\u0131\u011f\u0131&#39;n\u0131n yetkili olmas\u0131 gerekti\u011fini d&uuml;\u015f&uuml;n&uuml;yoruz. Piyasada sat\u0131lan &uuml;r&uuml;nler Sa\u011fl\u0131k Bakanl\u0131\u011f\u0131&#39;ndan bir izin almam\u0131\u015f ve &uuml;lkeye giri\u015fleri de farkl\u0131 olmu\u015f. Mesela g&ouml;r&uuml;l&uuml;m tarifeleri itibariyle ha\u015fere ila&ccedil;lar\u0131 maddesinin alt\u0131nda bile &uuml;lkeye girdiklerini tespit ettik. Bu tespitler yap\u0131ld\u0131ktan sonra \u0130la&ccedil; Eczac\u0131l\u0131k Genel M&uuml;d&uuml;r&uuml;m&uuml;z bilim adamlar\u0131na inceletti. Bu hususta skandaldan da bahsetmek m&uuml;mk&uuml;n de\u011fil. &Uuml;r&uuml;nlerin g&uuml;venilirli\u011fi ve bilimselli\u011fi yeterli g&ouml;r&uuml;lmedi\u011fi i&ccedil;in bakanl\u0131\u011f\u0131m\u0131z b&ouml;yle bir karar al\u0131yor. Bir mevzuat bo\u015flu\u011fundan do\u011fan s\u0131k\u0131nt\u0131n\u0131n vatanda\u015flar\u0131m\u0131z taraf\u0131ndan ya\u015fanmamas\u0131 i&ccedil;in bu tedbirleri alm\u0131\u015f bulunuyoruz. Bu konuda Sanayi Bakanl\u0131\u011f\u0131&#39;yla i\u015fbirli\u011fi i&ccedil;inde &ccedil;al\u0131\u015f\u0131yoruz.&quot;<\/p>\n<p>&nbsp;<\/p>\n<p><font face=\"Tahoma\" size=\"3\" color=\"#800000\"><strong>&#39;Muhatap bulamam\u0131\u015ft\u0131k&#39;<\/strong><\/font> <br \/>Elektronik sigaran\u0131n ithalat&ccedil;\u0131 firmalar\u0131ndan Ruyan&#39;\u0131n Y&ouml;netim Kurulu Ba\u015fkan\u0131 Selahattin Ayg&uuml;ler, Radikal&#39;in, &quot;Bakanl\u0131klar nezdinde muhatab\u0131n\u0131z hangisi?&quot; sorusuna, &quot;\u015eimdiye kadar &ouml;yle bir muhatab\u0131m\u0131z olmad\u0131, muhatap bulamam\u0131\u015ft\u0131k&quot; yan\u0131t\u0131n\u0131 verdi. &Uuml;r&uuml;n&uuml; ithal etmek i&ccedil;in g&uuml;mr&uuml;\u011fe gittiklerini ve belgelerine bakt\u0131klar\u0131n\u0131 anlatan Ayg&uuml;ler &quot;&Uuml;r&uuml;n&uuml;m&uuml;z&uuml;n &uuml;lkeye &#39;b&ouml;cek ilac\u0131 maddesi&#39; olarak girmesi s&ouml;z konusu de\u011fil. Ba\u015fka firmalar\u0131n &uuml;r&uuml;nleri olabilir&quot; dedi. Ayg&uuml;ler, &uuml;r&uuml;n&uuml; ithal ettiklerinde Sa\u011fl\u0131k Bakanl\u0131\u011f\u0131&#39;na ba\u015fvurduklar\u0131n\u0131, &#39;Bizden bir belge alman\u0131z gerekmiyor&#39; yan\u0131t\u0131 ald\u0131klar\u0131n\u0131 ancak d&uuml;n Sa\u011fl\u0131k Bakanl\u0131\u011f\u0131 ile yapt\u0131klar\u0131 g&ouml;r&uuml;\u015fmede, &quot;Ara &uuml;r&uuml;n olarak belge alman\u0131z gerekiyor&quot; denildi\u011fini a&ccedil;\u0131klad\u0131.<\/p>\n<p>&nbsp;<\/p>\n<p>Kaynak: Radikal 03.01.2008<\/p>\n","protected":false},"excerpt":{"rendered":"<p>Sa\u011fl\u0131k: Denetim yetkisi bize verilmeli. Sanayi: Konu bizimle ilgili de\u011fil. Tar\u0131m: Uzaktan yak\u0131ndan ilgimiz yok. \u015eirkete nihayet d&uuml;n ilk uyar\u0131&#46;&#46;&#46;<\/p>\n","protected":false},"author":1,"featured_media":0,"comment_status":"closed","ping_status":"closed","sticky":false,"template":"","format":"standard","meta":{"_jetpack_memberships_contains_paid_content":false,"footnotes":""},"categories":[1],"tags":[],"class_list":["post-3338","post","type-post","status-publish","format-standard","hentry","category-ced"],"aioseo_notices":[],"jetpack_featured_media_url":"","jetpack_sharing_enabled":true,"jetpack-related-posts":[],"_links":{"self":[{"href":"http:\/\/www.ced.org.tr\/index.php?rest_route=\/wp\/v2\/posts\/3338","targetHints":{"allow":["GET"]}}],"collection":[{"href":"http:\/\/www.ced.org.tr\/index.php?rest_route=\/wp\/v2\/posts"}],"about":[{"href":"http:\/\/www.ced.org.tr\/index.php?rest_route=\/wp\/v2\/types\/post"}],"author":[{"embeddable":true,"href":"http:\/\/www.ced.org.tr\/index.php?rest_route=\/wp\/v2\/users\/1"}],"replies":[{"embeddable":true,"href":"http:\/\/www.ced.org.tr\/index.php?rest_route=%2Fwp%2Fv2%2Fcomments&post=3338"}],"version-history":[{"count":0,"href":"http:\/\/www.ced.org.tr\/index.php?rest_route=\/wp\/v2\/posts\/3338\/revisions"}],"wp:attachment":[{"href":"http:\/\/www.ced.org.tr\/index.php?rest_route=%2Fwp%2Fv2%2Fmedia&parent=3338"}],"wp:term":[{"taxonomy":"category","embeddable":true,"href":"http:\/\/www.ced.org.tr\/index.php?rest_route=%2Fwp%2Fv2%2Fcategories&post=3338"},{"taxonomy":"post_tag","embeddable":true,"href":"http:\/\/www.ced.org.tr\/index.php?rest_route=%2Fwp%2Fv2%2Ftags&post=3338"}],"curies":[{"name":"wp","href":"https:\/\/api.w.org\/{rel}","templated":true}]}}