{"id":3342,"date":"2008-01-09T11:46:25","date_gmt":"2008-01-09T09:46:25","guid":{"rendered":"http:\/\/www.ced.org.tr\/?p=3342"},"modified":"2008-01-09T11:46:25","modified_gmt":"2008-01-09T09:46:25","slug":"ttb-genel-baskani-gencay-gursoy-ssgsyi-tanimladi","status":"publish","type":"post","link":"http:\/\/www.ced.org.tr\/?p=3342","title":{"rendered":"TTB GENEL BA\u015eKANI GEN\u00c7AY G\u00dcRSOY SSGS&#8217;Y\u0130 TANIMLADI"},"content":{"rendered":"<p><strong>&quot;Sosyal devletin &ouml;l&uuml;m ferman\u0131&nbsp;&quot;<\/strong><\/p>\n<p>&nbsp;<\/p>\n<p>T&uuml;rk Tabipleri Birli\u011fi (TTB) Ba\u015fkan\u0131 Gen&ccedil;ay G&uuml;rsoy, Sosyal Sigortalar ve Genel Sa\u011fl\u0131k Sigortas\u0131 (SSGSS) yasa tasar\u0131s\u0131n\u0131n sosyal devletin &ouml;l&uuml;m ferman\u0131n\u0131 &ccedil;\u0131karan bir tasar\u0131 oldu\u011funu ifade ederek,<\/p>\n<p>&nbsp;&quot;Bu tasar\u0131n\u0131n Meclis&#39;ten ge&ccedil;mesine engel olmak i&ccedil;in elimizden geleni yapaca\u011f\u0131z&quot; dedi.<\/p>\n<p>&nbsp;<\/p>\n<p>G&uuml;rsoy, S<span class=\"highlight\">sgs<\/span>S tasar\u0131s\u0131yla ilgili olarak Kamu Emek&ccedil;ileri Sendikalar\u0131 Konfederasyonu (KESK) Genel Ba\u015fkan\u0131 \u0130smail Hakk\u0131 Tombul, T&uuml;rk M&uuml;hendis ve Mimar Odalar\u0131 Birli\u011fi (TMMOB) Ba\u015fkan\u0131 Mehmet So\u011fanc\u0131, Ba\u011f\u0131ms\u0131z Kamu G&ouml;revlileri Sendikalar\u0131 Konfederasyonu (BASK) Genel Mali Sekreteri Hanife Ekmek&ccedil;i ve D\u0130SK Ankara B&ouml;lge Temsilcisi Tayfun G&ouml;rg&uuml;n ile birlikte bir bas\u0131n toplant\u0131s\u0131 d&uuml;zenledi.<\/p>\n<p>&nbsp;<\/p>\n<p>Uzun zamandan beri kamuoyunun g&uuml;ndemini me\u015fgul eden, &ouml;zellikle &ccedil;al\u0131\u015fan kesimin yak\u0131ndan izledi\u011fi S<span class=\"highlight\">sgs<\/span>S&#39;nin yasala\u015fma s&uuml;recinde oldu\u011funu belirten G&uuml;rsoy, bu konunun ele al\u0131nd\u0131\u011f\u0131 &ouml;nceki g&uuml;n yap\u0131lan Ekonomik ve Sosyal Konsey&#39;in (ESK) eksiklerle topland\u0131\u011f\u0131n\u0131 s&ouml;yledi. G&uuml;rsoy: &quot;Tasar\u0131, iktidar\u0131n kendi me\u015frebine g&ouml;re ayarlad\u0131\u011f\u0131 ESK&#39;de g&ouml;r&uuml;\u015f&uuml;l&uuml;p taraflar\u0131n g&ouml;r&uuml;\u015fleri al\u0131nm\u0131\u015f izlenimini yarat\u0131l\u0131yor. Tasar\u0131 mutabakat sa\u011flanmadan bu a\u015famaya geldi&quot; dedi.<\/p>\n<p><strong><\/p>\n<p>&nbsp;<\/p>\n<p>&#39;T&Uuml;RK-\u0130\u015e KARARINI B\u0130LD\u0130RMED\u0130&#39;<br \/>TTB, D\u0130SK, KESK ve TMMOB gibi &ouml;rg&uuml;tlerin tasar\u0131n\u0131n taraflar\u0131 olarak itirazlar\u0131n\u0131 dile getirdiklerini hat\u0131rlatan G&uuml;rsoy, \u015f&ouml;yle devam etti: &quot;Tasar\u0131n\u0131n gelecek hafta TBMM Genel Kurulu&#39;na gelme ihtimali var. O zamana kadar illerde bas\u0131n a&ccedil;\u0131klamalar\u0131 yapaca\u011f\u0131z, tasar\u0131 Meclis&#39;e geldi\u011finde ise Ankara&#39;da geni\u015f kapsaml\u0131 bir protesto eylemi ger&ccedil;ekle\u015ftirece\u011fiz. T&uuml;rk-\u0130\u015f&#39;in de aralar\u0131nda bulundu\u011fu meslek &ouml;rg&uuml;tlerinin temsilcileriyle bir araya gelip ortak tepki g&ouml;sterilmesi i&ccedil;in g&ouml;r&uuml;\u015fmeler yap\u0131yoruz, ancak T&uuml;rk-\u0130\u015f temsilcileri &#39;yetkili kurullar\u0131m\u0131zda g&ouml;r&uuml;\u015f&uuml;p karar\u0131m\u0131z\u0131 bildirelim&#39; demesine kar\u015f\u0131n bir haftad\u0131r bizi yan\u0131tlamad\u0131.&quot; Toplant\u0131da konu\u015fan KESK Genel Ba\u015fkan\u0131 Tombul da, s&ouml;z konusu tasar\u0131n\u0131n 70 milyon insan\u0131 ilgilendirdi\u011fini belirterek, buna kar\u015f\u0131 ilgili t&uuml;m kesimlerin birlikte hareket etmesi &ccedil;a\u011fr\u0131s\u0131nda bulundu. <\/p>\n<p><\/strong><\/p>\n<p>&nbsp;<\/p>\n<p>Kaynak: <strong>Birg&uuml;n <\/strong>Ankara<\/p>\n","protected":false},"excerpt":{"rendered":"<p>&quot;Sosyal devletin &ouml;l&uuml;m ferman\u0131&nbsp;&quot; &nbsp; T&uuml;rk Tabipleri Birli\u011fi (TTB) Ba\u015fkan\u0131 Gen&ccedil;ay G&uuml;rsoy, Sosyal Sigortalar ve Genel Sa\u011fl\u0131k Sigortas\u0131 (SSGSS) yasa&#46;&#46;&#46;<\/p>\n","protected":false},"author":1,"featured_media":0,"comment_status":"closed","ping_status":"closed","sticky":false,"template":"","format":"standard","meta":{"_jetpack_memberships_contains_paid_content":false,"footnotes":""},"categories":[1],"tags":[],"class_list":["post-3342","post","type-post","status-publish","format-standard","hentry","category-ced"],"aioseo_notices":[],"jetpack_featured_media_url":"","jetpack_sharing_enabled":true,"jetpack-related-posts":[],"_links":{"self":[{"href":"http:\/\/www.ced.org.tr\/index.php?rest_route=\/wp\/v2\/posts\/3342","targetHints":{"allow":["GET"]}}],"collection":[{"href":"http:\/\/www.ced.org.tr\/index.php?rest_route=\/wp\/v2\/posts"}],"about":[{"href":"http:\/\/www.ced.org.tr\/index.php?rest_route=\/wp\/v2\/types\/post"}],"author":[{"embeddable":true,"href":"http:\/\/www.ced.org.tr\/index.php?rest_route=\/wp\/v2\/users\/1"}],"replies":[{"embeddable":true,"href":"http:\/\/www.ced.org.tr\/index.php?rest_route=%2Fwp%2Fv2%2Fcomments&post=3342"}],"version-history":[{"count":0,"href":"http:\/\/www.ced.org.tr\/index.php?rest_route=\/wp\/v2\/posts\/3342\/revisions"}],"wp:attachment":[{"href":"http:\/\/www.ced.org.tr\/index.php?rest_route=%2Fwp%2Fv2%2Fmedia&parent=3342"}],"wp:term":[{"taxonomy":"category","embeddable":true,"href":"http:\/\/www.ced.org.tr\/index.php?rest_route=%2Fwp%2Fv2%2Fcategories&post=3342"},{"taxonomy":"post_tag","embeddable":true,"href":"http:\/\/www.ced.org.tr\/index.php?rest_route=%2Fwp%2Fv2%2Ftags&post=3342"}],"curies":[{"name":"wp","href":"https:\/\/api.w.org\/{rel}","templated":true}]}}