{"id":3343,"date":"2008-01-11T10:23:24","date_gmt":"2008-01-11T08:23:24","guid":{"rendered":"http:\/\/www.ced.org.tr\/?p=3343"},"modified":"2008-01-11T10:23:24","modified_gmt":"2008-01-11T08:23:24","slug":"47-eczaci-odasindan-basina-ve-kamuoyuna","status":"publish","type":"post","link":"http:\/\/www.ced.org.tr\/?p=3343","title":{"rendered":"47 ECZACI ODASINDAN BASINA VE KAMUOYUNA"},"content":{"rendered":"<p>&nbsp;&nbsp;&nbsp;&nbsp;&nbsp;&nbsp;01 Ocak 2008&rsquo;de ba\u015flat\u0131lan <strong>&ldquo;hastanelerde yatan hastalar i&ccedil;in gerekli ila&ccedil;lar\u0131n ve t\u0131bbi malzemelerin hastane eczanelerinden temininin zorunlu k\u0131l\u0131nmas\u0131&rdquo;<\/strong> sonucunda &Ouml;zellikle T\u0131p Fak&uuml;lteleri hastaneleri ba\u015fta olmak &uuml;zere, neredeyse &uuml;lke &ccedil;ap\u0131ndaki t&uuml;m hastanelerde b&uuml;y&uuml;k s\u0131k\u0131nt\u0131lar ya\u015fanmakta, bu nedenle<strong><u> hastalar\u0131n tedavileri aksamakta, baz\u0131 kliniklerde ameliyatlar yap\u0131lamamakta ve hastalar\u0131m\u0131z ma\u011fdur olmaktad\u0131r.<\/u><\/strong> <br \/>&nbsp;&nbsp;&nbsp;&nbsp;&nbsp;&nbsp;Bilindi\u011fi gibi <strong>25 May\u0131s 2007<\/strong> tarih ve 26532 M&uuml;kerrer say\u0131l\u0131 Resmi Gazete&rsquo;de yay\u0131mlanan Sa\u011fl\u0131k Uygulama Tebli\u011fi&rsquo;nin 12.1.2 nci maddesi uyar\u0131nca; Hastanelerde yatarak tedavi g&ouml;ren hastalara kullan\u0131lacak ila&ccedil;lar\u0131n ve t\u0131bbi malzemelerin 120 g&uuml;n sonra hastanelerden temininin zorunlu hale getirilmesi ile birlikte;15 Ekim 2007&rsquo;den itibaren ba\u015flamas\u0131 gereken uygulama, hastanelerin yeterli haz\u0131rl\u0131\u011f\u0131 yapamad\u0131klar\u0131 gerek&ccedil;esiyle, Sosyal G&uuml;venlik Kurumu taraf\u0131ndan 10 Ekim 2007 tarihinde resmi sitesinden yapt\u0131\u011f\u0131 duyuru ile 01 Ocak 2008&rsquo;e ertelenmi\u015fti. Ancak bu s&uuml;re zarf\u0131nda da ila&ccedil; ve t\u0131bbi malzeme tedarikinin hastaneler taraf\u0131ndan b&uuml;t&uuml;n&uuml;yle yap\u0131labilmesi m&uuml;mk&uuml;n olamam\u0131\u015ft\u0131r. <\/p>\n<p>&nbsp;&nbsp;&nbsp;&nbsp;&nbsp;&nbsp;Bunun &uuml;zerine Sosyal G&uuml;venlik Kurumu <strong>31 Aral\u0131k 2007<\/strong> tarihinde yeni bir Genelge yay\u0131mlam\u0131\u015ft\u0131r. Genelgeye g&ouml;re; yatan hastalar\u0131n ila&ccedil;lar\u0131n\u0131n hastane eczanelerinde temin edilemedi\u011fi ve d\u0131\u015far\u0131dan hastaya ald\u0131r\u0131ld\u0131\u011f\u0131 durumlarda, bu ila&ccedil;lar\u0131n bedellerinin, hastanenin Sosyal G&uuml;venlik Kurumundan olan alaca\u011f\u0131ndan d&uuml;\u015f&uuml;lerek, <strong>hastanelerin ila&ccedil;lar\u0131 d\u0131\u015far\u0131dan temin edebilmelerinin engellenmesi, sorunu daha da karma\u015f\u0131k hale getirmi\u015f ve son g&uuml;nlerin g&uuml;ndemini olu\u015fturan hasta ma\u011fduriyetlerini ortaya &ccedil;\u0131karm\u0131\u015ft\u0131r.<\/strong><\/p>\n<p>&nbsp;&nbsp;&nbsp;&nbsp;&nbsp;&nbsp;Bu yakla\u015f\u0131m kar\u015f\u0131s\u0131nda hastanelerin eli kolu ba\u011flanm\u0131\u015f ve neticede vatanda\u015flar\u0131m\u0131z ma\u011fdur edilmeye ba\u015flanm\u0131\u015ft\u0131r. Hastanelerin esas g&ouml;revi, ila&ccedil; ve malzeme tedariki de\u011fildir. Hastaneler, vatanda\u015f\u0131n tedavilerini yapmak &uuml;zere hizmet veren vazge&ccedil;ilmez sa\u011fl\u0131k kurulu\u015flar\u0131d\u0131r. Ayr\u0131ca &uuml;niversite hastanelerinin en &ouml;nemli i\u015flevi; t\u0131p e\u011fitiminin verildi\u011fi kurumlar olmal\u0131d\u0131r. &Ouml;denek yoklu\u011fu gibi gerek&ccedil;elerle maddi s\u0131k\u0131nt\u0131 i&ccedil;ine d&uuml;\u015f&uuml;r&uuml;len kamu ve &uuml;niversite hastanelerinden ila&ccedil; ve t\u0131bbi malzeme hizmetini kar\u015f\u0131lamalar\u0131n\u0131n istenmesi b&uuml;y&uuml;k bir &ccedil;eli\u015fki olu\u015fturmakta ve bu durum hastanelerin mali yap\u0131s\u0131n\u0131 olumsuz olarak etkilemektedir. <\/p>\n<p>&nbsp;&nbsp;&nbsp;&nbsp;&nbsp;&nbsp;Sosyal G&uuml;venlik Kurumunun 31 Aral\u0131k&rsquo;ta yay\u0131mlad\u0131\u011f\u0131 Genelge, masa ba\u015f\u0131nda haz\u0131rlanm\u0131\u015f ve g&uuml;nl&uuml;k ya\u015fam ile uyu\u015fmayan, vatanda\u015f\u0131 s\u0131k\u0131nt\u0131ya sokacak b&uuml;rokratik bir zorlamadan ba\u015fka bir \u015fey de\u011fildir. <\/p>\n<p>&nbsp;&nbsp;&nbsp;&nbsp;&nbsp;&nbsp;01 Ocak 2008 &ouml;ncesi uygulama i&ccedil;erisinde &uuml;lke genelindeki 47 Eczac\u0131 Odam\u0131z\u0131n b&ouml;lgelerindeki hastanelerde kurduklar\u0131 b&uuml;rolarla hi&ccedil;bir yatan hastay\u0131 ma\u011fdur etmeyen, hastane taraf\u0131ndan temin edilemeyen ila&ccedil;lar\u0131, hastan\u0131n aya\u011f\u0131na kadar g&ouml;t&uuml;ren, ayn\u0131 zamanda kamuyu koruyan ve denetimin en &uuml;st d&uuml;zeyde tutuldu\u011fu organizasyonunun yerine konulmaya &ccedil;al\u0131\u015f\u0131lan bu anla\u015f\u0131lmaz uygulamayla, neyin hedeflendi\u011fini anlamak m&uuml;mk&uuml;n de\u011fildir.<\/p>\n<p>&nbsp;&nbsp;&nbsp;&nbsp;&nbsp;&nbsp;Yatan hasta re&ccedil;etelerinin hastanelerden temin edilemedi\u011fi durumlarda, serbest eczanelerden temin edilmesini bu t&uuml;rden zorla\u015ft\u0131r\u0131c\u0131 h&uuml;k&uuml;mlerle engellemenin, hastalar\u0131n tedavilerinde &ccedil;ok b&uuml;y&uuml;k sorunlar olu\u015fturaca\u011f\u0131 1 haftal\u0131k uygulamayla ortaya &ccedil;\u0131km\u0131\u015ft\u0131r.<strong> \u015e&ouml;yle ki; hekim taraf\u0131ndan kullan\u0131lmas\u0131 gerekli ila&ccedil;lar\u0131n tamam\u0131n\u0131n, g&uuml;ncel T&uuml;rkiye ger&ccedil;ekleri &ccedil;er&ccedil;evesinde hastaneler taraf\u0131ndan temin edilemeyece\u011fi a&ccedil;\u0131k&ccedil;a g&ouml;r&uuml;lm&uuml;\u015ft&uuml;r. Hastaya gerekli ila&ccedil; yerine, hastanede var olan ila&ccedil;larla tedavi etme yoluna gidilmesi ise; t\u0131bbi y&ouml;nden ve insan sa\u011fl\u0131\u011f\u0131 a&ccedil;\u0131s\u0131ndan ciddi sorunlar olu\u015fturacakt\u0131r. &Ouml;te yandan hastane eczac\u0131lar\u0131na bask\u0131 yap\u0131larak mevzuata ayk\u0131r\u0131 ila&ccedil; al\u0131m\u0131 yapmalar\u0131na zorlanmas\u0131 da s&uuml;rece farkl\u0131 boyut kazand\u0131rmaktad\u0131r.<\/strong><\/p>\n<p>&nbsp;&nbsp;&nbsp;&nbsp;&nbsp;&nbsp;Biz Eczac\u0131 Odas\u0131 Ba\u015fkanlar\u0131, Sosyal G&uuml;venlik Kurumu&rsquo;nun bu dayatmac\u0131 yakla\u015f\u0131m\u0131n\u0131 do\u011fru bulmuyoruz. Hastanede yatan hastalar i&ccedil;in gerekli, ancak hastane eczanesinde bulunmayan ila&ccedil;lar\u0131n serbest eczanelerden temininin &ouml;n&uuml;ndeki engellerin bir an &ouml;nce kald\u0131r\u0131lmas\u0131n\u0131 istiyoruz. Bununla birlikte hastane eczanelerinde eczac\u0131lar\u0131n istihdam edilmesinin zorunlu oldu\u011funu ve eczac\u0131s\u0131 olmadan hizmet vermeye &ccedil;al\u0131\u015fan bu hastane eczanelerinin 6197 say\u0131l\u0131 yasaya ayk\u0131r\u0131 oldu\u011funu belirtiyoruz.<\/p>\n<p>&nbsp;&nbsp;&nbsp;&nbsp;&nbsp;&nbsp;<strong>Yap\u0131lmas\u0131 gereken, hastane eczanelerinde bulunmas\u0131 zorunlu ila&ccedil;lar\u0131n listesini hekim ve eczac\u0131 &ouml;rg&uuml;tleri ile birlikte yapmak ve hastane eczanelerinden verilecek ila&ccedil;lar\u0131 do\u011fru tan\u0131mlamakt\u0131r. Hastane eczanesinde olamayan ila&ccedil;lar\u0131n temininde eczac\u0131 odalar\u0131nca s&uuml;rd&uuml;r&uuml;len sistem geli\u015ftirilerek t&uuml;m hastanelerimize kurulmal\u0131d\u0131r. Bizler, T&uuml;rk Eczac\u0131lar\u0131 Birli\u011fimize yap\u0131lacak her t&uuml;rl&uuml; teklife katk\u0131 yapmaya haz\u0131r\u0131z.<\/strong><\/p>\n<p>&nbsp;&nbsp;&nbsp;&nbsp;&nbsp;&nbsp;T&uuml;m uyar\u0131lar\u0131m\u0131za kar\u015f\u0131n \u0131srarla ba\u015flat\u0131lan bu uygulamada, yatan hastalar\u0131n ila&ccedil;lar\u0131n\u0131n zaman\u0131nda tedarik edilememesinden dolay\u0131 kar\u015f\u0131la\u015fabilecek olumsuzluklar\u0131n ve sa\u011fl\u0131k hizmetlerinde olu\u015facak aksakl\u0131klar\u0131n sorumlusunun biz eczac\u0131lar olmayaca\u011f\u0131n\u0131;<\/p>\n<p>&nbsp;&nbsp;&nbsp;&nbsp;&nbsp;&nbsp;Bas\u0131n\u0131m\u0131za ve kamuoyuna sayg\u0131 ile duyururuz.<\/p>\n<div align=\"center\">\n<table border=\"0\" cellspacing=\"0\" cellpadding=\"0\">\n<tbody>\n<tr>\n<td width=\"205\">\n<p align=\"center\"><strong>Ecz. Semih G&Uuml;NG&Ouml;R<\/strong><br \/>1. B&ouml;lge \u0130stanbul Eczac\u0131 Odas\u0131 Ba\u015fkan\u0131<\/p>\n<\/td>\n<td width=\"205\">\n<p align=\"center\"><strong>Ecz. O\u011fuz EK\u0130NC\u0130O\u011eLU<\/strong><br \/>2. B&ouml;lge Ankara Eczac\u0131 Odas\u0131 Ba\u015fkan\u0131<\/p>\n<\/td>\n<td width=\"205\">\n<p align=\"center\"><strong>Ecz. Tuncay SAYILKAN<\/strong><br \/>3. B&ouml;lge \u0130zmir Eczac\u0131 Odas\u0131 Ba\u015fkan\u0131<\/p>\n<\/td>\n<\/tr>\n<tr>\n<td width=\"205\">\n<p align=\"center\"><strong>Ecz. Burhanettin BULUT<br \/><\/strong>4. B&ouml;lge Adana Eczac\u0131 Odas\u0131 Ba\u015fkan\u0131<\/p>\n<\/td>\n<td width=\"205\">\n<p align=\"center\"><strong>Ecz. Harun KIZILAY<\/strong><br \/>5. B&ouml;lge Konya Eczac\u0131 Odas\u0131 Ba\u015fkan\u0131<\/p>\n<\/td>\n<td width=\"205\">\n<p align=\"center\"><strong>Ecz. Arman &Uuml;NEY<\/strong><br \/>6. B&ouml;lge Samsun Eczac\u0131 Odas\u0131 Ba\u015fkan\u0131<\/p>\n<\/td>\n<\/tr>\n<tr>\n<td width=\"205\">\n<p align=\"center\"><strong>Ecz.K\u0131van&ccedil; ATMACA<\/strong><br \/>7. B&ouml;lge Bursa Eczac\u0131 Odas\u0131 Ba\u015fkan\u0131<\/p>\n<\/td>\n<td width=\"205\">\n<p align=\"center\"><strong>Ecz.\u0130rfan DEM\u0130RC\u0130<\/strong><br \/>8. B&ouml;lge Gaziantep Eczac\u0131 Odas\u0131 Ba\u015fkan\u0131<\/p>\n<\/td>\n<td width=\"205\">\n<p align=\"center\"><strong>Ecz.Y&uuml;cel YEN\u0130LMEZ<\/strong><br \/>9. B&ouml;lge Eski\u015fehir Eczac\u0131 Odas\u0131 Ba\u015fkan\u0131<\/p>\n<\/td>\n<\/tr>\n<tr>\n<td width=\"205\">\n<p align=\"center\"><strong>Ecz. Cihan D\u0130N&Ccedil;<\/strong><br \/>10. B&ouml;lge Antalya Eczac\u0131 Odas\u0131 Ba\u015fkan\u0131<\/p>\n<\/td>\n<td width=\"205\">\n<p align=\"center\"><strong>Ecz.Yahya &Ccedil;OMAK<\/strong><br \/>11. B&ouml;lge Diyarbak\u0131r Eczac\u0131 Odas\u0131 Ba\u015fkan\u0131<\/p>\n<\/td>\n<td width=\"205\">\n<p align=\"center\"><strong>Ecz.B&uuml;lent &Uuml;NSAL<\/strong><br \/>12. B&ouml;lge Kayseri Eczac\u0131 Odas\u0131 Ba\u015fkan\u0131<\/p>\n<\/td>\n<\/tr>\n<tr>\n<td width=\"205\">\n<p align=\"center\"><strong>Ecz. Hasan Fehmi ALTINTA\u015e<\/strong><br \/>13. B&ouml;lge Erzurum Eczac\u0131 Odas\u0131 Ba\u015fkan\u0131<\/p>\n<\/td>\n<td width=\"205\">\n<p align=\"center\"><strong>Ecz. Mustafa H&Uuml;DAY\u0130O\u011eLU<\/strong><br \/>14. B&ouml;lge K.Mara\u015f Eczac\u0131 Odas\u0131 Ba\u015fkan\u0131<\/p>\n<\/td>\n<td width=\"205\">\n<p align=\"center\"><strong>Ecz.R.Ziya &Ouml;RMEC\u0130<\/strong><br \/>15. B&ouml;lge Isparta Eczac\u0131 Odas\u0131 Ba\u015fkan\u0131<\/p>\n<\/td>\n<\/tr>\n<tr>\n<td width=\"205\">\n<p align=\"center\"><strong>Ecz.&Ouml;zen EK\u0130Z<\/strong><br \/>16. B&ouml;lge Denizli Eczac\u0131 Odas\u0131 Ba\u015fkan\u0131<\/p>\n<\/td>\n<td width=\"205\">\n<p align=\"center\"><strong>Ecz. Sema KARAG&Uuml;LLE<\/strong><br \/>17. B&ouml;lge Zonguldak Eczac\u0131 Odas\u0131 Ba\u015fkan\u0131<\/p>\n<\/td>\n<td width=\"205\">\n<p align=\"center\"><strong>Ecz.Nevzat AKMAN<\/strong><br \/>18. B&ouml;lge TrabzonEczac\u0131 Odas\u0131 Ba\u015fkan\u0131<\/p>\n<\/td>\n<\/tr>\n<tr>\n<td width=\"205\">\n<p align=\"center\"><strong>Ecz. Ufuk B. ERS&Ouml;Z<\/strong><br \/>19. B&ouml;lge Tekirda\u011f Eczac\u0131 Odas\u0131 Ba\u015fkan\u0131<\/p>\n<\/td>\n<td width=\"205\">\n<p align=\"center\"><strong>Ecz. Orhan YONTAR<\/strong><br \/>20. B&ouml;lge Sakarya Eczac\u0131 Odas\u0131 Ba\u015fkan\u0131<\/p>\n<\/td>\n<td width=\"205\">\n<p align=\"center\"><strong>Ecz.S. Bahri ERKURT<\/strong><br \/>21. B&ouml;lge Ayd\u0131n Eczac\u0131 Odas\u0131 Ba\u015fkan\u0131<\/p>\n<\/td>\n<\/tr>\n<tr>\n<td width=\"205\">\n<p align=\"center\"><strong>Ecz. B&uuml;lent K&Ouml;SE<\/strong><br \/>22. B&ouml;lge Malatya Eczac\u0131 Odas\u0131 Ba\u015fkan\u0131<\/p>\n<\/td>\n<td width=\"205\">\n<p align=\"center\"><strong>Ecz. Yavuz TATAR<\/strong><br \/>23. B&ouml;lge Elaz\u0131\u011f Eczac\u0131 Odas\u0131 Ba\u015fkan\u0131<\/p>\n<\/td>\n<td width=\"205\">\n<p align=\"center\"><strong>Ecz. Murat Y&Uuml;R&Uuml;R<\/strong><br \/>24. B&ouml;lge Ordu Eczac\u0131 Odas\u0131 Ba\u015fkan\u0131<\/p>\n<\/td>\n<\/tr>\n<tr>\n<td width=\"205\">\n<p align=\"center\"><strong>Ecz. H&uuml;seyin \u015e\u0130M\u015eEK<\/strong><br \/>25. B&ouml;lge Mersin Eczac\u0131 Odas\u0131 Ba\u015fkan\u0131<\/p>\n<\/td>\n<td width=\"205\">\n<p align=\"center\"><strong>Ecz. Ay\u015fenur &Ouml;ZDEN<\/strong><br \/>26. B&ouml;lge Kastamonu Eczac\u0131 Odas\u0131 Ba\u015fkan\u0131<\/p>\n<\/td>\n<td width=\"205\">\n<p align=\"center\"><strong>Ecz. Mahmut DOLAP<\/strong><br \/>27. B&ouml;lge \u015eanl\u0131urfa Eczac\u0131 Odas\u0131 Ba\u015fkan\u0131<\/p>\n<\/td>\n<\/tr>\n<tr>\n<td width=\"205\">\n<p align=\"center\"><strong>Ecz. Mehmet G&Ouml;NEN&Ccedil;<\/strong><br \/>28. B&ouml;lge Hatay Eczac\u0131 Odas\u0131 Ba\u015fkan\u0131<\/p>\n<\/td>\n<td width=\"205\">\n<p align=\"center\"><strong>Ecz. Meliha Nalan CAN<\/strong><br \/>29. B&ouml;lge Manisa Eczac\u0131 Odas\u0131 Ba\u015fkan\u0131<\/p>\n<\/td>\n<td width=\"205\">\n<p align=\"center\"><strong>Ecz. Adil TOSUNER<\/strong><br \/>30. B&ouml;lge Bal\u0131kesir Eczac\u0131 Odas\u0131 Ba\u015fkan\u0131<\/p>\n<\/td>\n<\/tr>\n<tr>\n<td width=\"205\">\n<p align=\"center\"><strong>Ecz. Sinan USTA<br \/><\/strong>31. B&ouml;lge Kocaeli Eczac\u0131 Odas\u0131 Ba\u015fkan\u0131<\/p>\n<\/td>\n<td width=\"205\">\n<p align=\"center\"><strong>Ecz. M.Arif YILMAZ<\/strong><br \/>32. B&ouml;lge Mu\u011fla Eczac\u0131 Odas\u0131 Ba\u015fkan\u0131<\/p>\n<\/td>\n<td width=\"205\">\n<p align=\"center\"><strong>Ecz. M&uuml;jgan AYDIN<\/strong><br \/>33. B&ouml;lge Afyon Eczac\u0131 Odas\u0131 Ba\u015fkan\u0131<\/p>\n<\/td>\n<\/tr>\n<tr>\n<td width=\"205\">\n<p align=\"center\"><strong>Ecz. Memi\u015f DUMAN<\/strong><br \/>34. B&ouml;lge Aksaray Eczac\u0131 Odas\u0131 Ba\u015fkan\u0131<\/p>\n<\/td>\n<td width=\"205\">\n<p align=\"center\"><strong>Ecz. Hasan Basri KALE<br \/><\/strong>35. B&ouml;lge K&uuml;tahya Eczac\u0131 Odas\u0131 Ba\u015fkan\u0131<\/p>\n<\/td>\n<td width=\"205\">\n<p align=\"center\"><strong>Ecz. Selim BALCI<\/strong><br \/>36. B&ouml;lge &Ccedil;anakkale Eczac\u0131 Odas\u0131 Ba\u015fkan\u0131<\/p>\n<\/td>\n<\/tr>\n<tr>\n<td width=\"205\">\n<p align=\"center\"><strong>Ecz. U\u011fur AKKU\u015e<\/strong><br \/>37. B&ouml;lge Sivas Eczac\u0131 Odas\u0131 Ba\u015fkan\u0131<\/p>\n<\/td>\n<td width=\"205\">\n<p align=\"center\"><strong>Ecz. A.Murat KE&Ccedil;EC\u0130O\u011eLU<\/strong><br \/>38. B&ouml;lge Van Eczac\u0131 Odas\u0131 Ba\u015fkan\u0131<\/p>\n<\/td>\n<td width=\"205\">\n<p align=\"center\"><strong>Ecz. B&uuml;lent VAREL<br \/><\/strong>39. B&ouml;lge Edirne Eczac\u0131 Odas\u0131 Ba\u015fkan\u0131<\/p>\n<\/td>\n<\/tr>\n<tr>\n<td width=\"205\">\n<p align=\"center\"><strong>Ecz. Selami &Uuml;ST&Uuml;NDA\u011e<\/strong><br \/>40. B&ouml;lge K\u0131rklareli Eczac\u0131 Odas\u0131 Ba\u015fkan\u0131<\/p>\n<\/td>\n<td width=\"205\">\n<p align=\"center\"><strong>Ecz. M.Ali DURMAZ<br \/><\/strong>41. B&ouml;lge Tokat Eczac\u0131 Odas\u0131 Ba\u015fkan\u0131<\/p>\n<\/td>\n<td width=\"205\">\n<p align=\"center\"><strong>Ecz. Meyse KADEMO\u011eLU<br \/><\/strong>42. B&ouml;lge Giresun Eczac\u0131 Odas\u0131 Ba\u015fkan\u0131<\/p>\n<\/td>\n<\/tr>\n<tr>\n<td width=\"205\">\n<p align=\"center\"><strong>Ecz.Cengiz B\u0130NG&Uuml;L<br \/><\/strong>43. B&ouml;lge Mardin Eczac\u0131 Odas\u0131 Ba\u015fkan\u0131<\/p>\n<\/td>\n<td width=\"205\">\n<p align=\"center\"><strong>Ecz. M.Emin BEYAZ<\/strong><br \/>44. B&ouml;lge Batman Eczac\u0131 Odas\u0131 Ba\u015fkan\u0131<\/p>\n<\/td>\n<td width=\"205\">\n<p align=\"center\"><strong>Ecz. \u015eefkat G&Uuml;LER<\/strong><br \/>45. B&ouml;lge &Ccedil;orum Eczac\u0131 Odas\u0131 Ba\u015fkan\u0131<\/p>\n<\/td>\n<\/tr>\n<tr>\n<td width=\"205\">\n<p align=\"center\"><strong>Ecz. Halime &Ouml;ZEN<\/strong><br \/>46. B&ouml;lge U\u015fak Eczac\u0131 Odas\u0131 Ba\u015fkan\u0131<\/p>\n<\/td>\n<td width=\"205\">\n<p align=\"center\"><strong>Ecz. Besim G&Ouml;KALP<\/strong><br \/>47. B&ouml;lge Amasya Eczac\u0131 Odas\u0131 Ba\u015fkan\u0131<\/p>\n<\/td>\n<\/tr>\n<\/tbody>\n<\/table>\n<\/div>\n","protected":false},"excerpt":{"rendered":"<p>&nbsp;&nbsp;&nbsp;&nbsp;&nbsp;&nbsp;01 Ocak 2008&rsquo;de ba\u015flat\u0131lan &ldquo;hastanelerde yatan hastalar i&ccedil;in gerekli ila&ccedil;lar\u0131n ve t\u0131bbi malzemelerin hastane eczanelerinden temininin zorunlu k\u0131l\u0131nmas\u0131&rdquo; sonucunda &Ouml;zellikle&#46;&#46;&#46;<\/p>\n","protected":false},"author":1,"featured_media":0,"comment_status":"closed","ping_status":"closed","sticky":false,"template":"","format":"standard","meta":{"_jetpack_memberships_contains_paid_content":false,"footnotes":""},"categories":[1],"tags":[],"class_list":["post-3343","post","type-post","status-publish","format-standard","hentry","category-ced"],"aioseo_notices":[],"jetpack_featured_media_url":"","jetpack_sharing_enabled":true,"jetpack-related-posts":[],"_links":{"self":[{"href":"http:\/\/www.ced.org.tr\/index.php?rest_route=\/wp\/v2\/posts\/3343","targetHints":{"allow":["GET"]}}],"collection":[{"href":"http:\/\/www.ced.org.tr\/index.php?rest_route=\/wp\/v2\/posts"}],"about":[{"href":"http:\/\/www.ced.org.tr\/index.php?rest_route=\/wp\/v2\/types\/post"}],"author":[{"embeddable":true,"href":"http:\/\/www.ced.org.tr\/index.php?rest_route=\/wp\/v2\/users\/1"}],"replies":[{"embeddable":true,"href":"http:\/\/www.ced.org.tr\/index.php?rest_route=%2Fwp%2Fv2%2Fcomments&post=3343"}],"version-history":[{"count":0,"href":"http:\/\/www.ced.org.tr\/index.php?rest_route=\/wp\/v2\/posts\/3343\/revisions"}],"wp:attachment":[{"href":"http:\/\/www.ced.org.tr\/index.php?rest_route=%2Fwp%2Fv2%2Fmedia&parent=3343"}],"wp:term":[{"taxonomy":"category","embeddable":true,"href":"http:\/\/www.ced.org.tr\/index.php?rest_route=%2Fwp%2Fv2%2Fcategories&post=3343"},{"taxonomy":"post_tag","embeddable":true,"href":"http:\/\/www.ced.org.tr\/index.php?rest_route=%2Fwp%2Fv2%2Ftags&post=3343"}],"curies":[{"name":"wp","href":"https:\/\/api.w.org\/{rel}","templated":true}]}}