{"id":3344,"date":"2008-01-14T17:47:24","date_gmt":"2008-01-14T15:47:24","guid":{"rendered":"http:\/\/www.ced.org.tr\/?p=3344"},"modified":"2008-01-14T17:47:24","modified_gmt":"2008-01-14T15:47:24","slug":"herkese-saglik-guvenli-gelecek-icin-binlerce-kisi-kadikoyde","status":"publish","type":"post","link":"http:\/\/www.ced.org.tr\/?p=3344","title":{"rendered":"HERKESE SA\u011eLIK, G\u00dcVENL\u0130 GELECEK \u0130\u00c7\u0130N B\u0130NLERCE K\u0130\u015e\u0130 KADIKOYDE"},"content":{"rendered":"<p>Herkese Sa\u011fl\u0131k G&uuml;venli Gelecek Platformu taraf\u0131ndan d&uuml;zenlenen kitlesel bas\u0131n a&ccedil;\u0131klamas\u0131 d&uuml;n Kad\u0131k&ouml;y&rsquo;de binlerce ki\u015finin kat\u0131l\u0131m\u0131yla yap\u0131ld\u0131.<\/p>\n<p>Odam\u0131z\u0131n da kat\u0131ld\u0131\u011f\u0131 eylemde Sosyal Sigortalar ve Genel Sa\u011fl\u0131k Sigortas\u0131 (SSGSS) yasa tasar\u0131s\u0131n\u0131n Meclis&rsquo;ten geri &ccedil;ekilmesi istendi. Alt\u0131yol&rsquo;dan \u0130skele Meydan\u0131&rsquo;na y&uuml;r&uuml;y&uuml;\u015fe izin vermeyen polisin tutumunun da k\u0131nand\u0131\u011f\u0131 eylemde konu\u015fan KESK \u015eubeler Platformu S&ouml;zc&uuml;s&uuml; Song&uuml;l Beydilli emek&ccedil;iler g&uuml;&ccedil;lerini birle\u015ftirdi\u011finde h&uuml;k&uuml;metin bu yasay\u0131 &ccedil;\u0131karsa bile uygulayamayaca\u011f\u0131n\u0131 s&ouml;yledi. T&uuml;rk Tabipleri Birli\u011fi Merkez Konseyi &uuml;yesi Ali &Ccedil;erkezo\u011flu da &ldquo;Sa\u011fl\u0131k ve sosyal g&uuml;venlik hakk\u0131na sahip &ccedil;\u0131kanlar\u0131n &ouml;n&uuml;n&uuml; kesenleri k\u0131n\u0131yoruz&rdquo; dedi.<\/p>\n<p>&nbsp;&nbsp;&nbsp;&nbsp;&Ccedil;e\u015fitli sendika, meslek &ouml;rg&uuml;t&uuml;, siyasi parti, dernek ve inisiyatifler taraf\u0131ndan olu\u015fturulan Herkese Sa\u011fl\u0131k G&uuml;venli Gelecek Platformu ad\u0131na bas\u0131n a&ccedil;\u0131klamas\u0131n\u0131 okuyan \u0130stanbul Tabip Odas\u0131 Y&ouml;netim Kurulu &uuml;yesi Nazmi Algan, yasa tasar\u0131s\u0131n\u0131n paras\u0131 olana paras\u0131 kadar sa\u011fl\u0131k ve emeklilik hakk\u0131 getirdi\u011fini belirtti. Yasan\u0131n en &ccedil;ok gen&ccedil;leri ve kad\u0131nlar\u0131 etkileyece\u011fini bildiren Algan, &ldquo;Kad\u0131nlar\u0131n ev i&ccedil;inde harcad\u0131\u011f\u0131 kar\u015f\u0131l\u0131ks\u0131z eme\u011fi yok sayan yasa tasar\u0131s\u0131 kad\u0131nlar\u0131, aileye, erken evlili\u011fe, koca eline bakmaya mahkum ediyor. B&uuml;t&uuml;n d&uuml;nyada anne s&uuml;t&uuml;n&uuml;n &ouml;nemi anla\u015f\u0131l\u0131r ve emzirme s&uuml;t&uuml; te\u015fvik edilirken T&uuml;rkiye&#39;de &ouml;nceki kanuna g&ouml;re do\u011fum yapan sigortal\u0131lara 6 ay s&uuml;reyle verilmesi gereken emzirme &ouml;dene\u011fi 1 defaya d&uuml;\u015f&uuml;r&uuml;lecek. Yeni i\u015fe ba\u015flayacak gen&ccedil;lerin emekli olmalar\u0131 da bu yasayla hayal olmaktad\u0131r&rdquo; dedi.<\/p>\n<p>&nbsp;&nbsp;&nbsp;&nbsp;H&uuml;k&uuml;metin &ldquo;reform&rdquo; diye kabul ettirmeye &ccedil;al\u0131\u015ft\u0131\u011f\u0131 de\u011fi\u015fikliklerin haklar\u0131 daraltt\u0131\u011f\u0131n\u0131 s&ouml;yleyen Algan \u015f&ouml;yle konu\u015ftu: &ldquo;B&uuml;t&uuml;n bu d&uuml;zenlemeler bizlerin iyili\u011fi i&ccedil;in de\u011fil, yerli ve yabanc\u0131 sermayedarlar istedi\u011fi i&ccedil;in yap\u0131l\u0131yor. Kabesi IMF, secdesi yerli patronlar olanlar\u0131n sa\u011fl\u0131k ve sosyal g&uuml;venlik haklar\u0131m\u0131z\u0131 tamam\u0131yla yok etme &ccedil;abas\u0131d\u0131r bu&rdquo;.<\/p>\n<p>&nbsp;&nbsp;&nbsp;&nbsp; &ldquo;Sa\u011fl\u0131k hakt\u0131r sat\u0131lamaz&rdquo;, &ldquo;\u0130\u015f&ccedil;i d&uuml;\u015fman\u0131 i\u015fbirlik&ccedil;i AKP&rdquo;, &ldquo;Sava\u015fa de\u011fil sa\u011fl\u0131\u011fa b&uuml;t&ccedil;e&rdquo; sloganlar\u0131n\u0131n at\u0131ld\u0131\u011f\u0131 eylem konu\u015fmalar\u0131n ard\u0131ndan sona erdi.<\/p>\n","protected":false},"excerpt":{"rendered":"<p>Herkese Sa\u011fl\u0131k G&uuml;venli Gelecek Platformu taraf\u0131ndan d&uuml;zenlenen kitlesel bas\u0131n a&ccedil;\u0131klamas\u0131 d&uuml;n Kad\u0131k&ouml;y&rsquo;de binlerce ki\u015finin kat\u0131l\u0131m\u0131yla yap\u0131ld\u0131. Odam\u0131z\u0131n da kat\u0131ld\u0131\u011f\u0131 eylemde&#46;&#46;&#46;<\/p>\n","protected":false},"author":1,"featured_media":0,"comment_status":"closed","ping_status":"closed","sticky":false,"template":"","format":"standard","meta":{"_jetpack_memberships_contains_paid_content":false,"footnotes":""},"categories":[1],"tags":[],"class_list":["post-3344","post","type-post","status-publish","format-standard","hentry","category-ced"],"aioseo_notices":[],"jetpack_featured_media_url":"","jetpack_sharing_enabled":true,"jetpack-related-posts":[],"_links":{"self":[{"href":"http:\/\/www.ced.org.tr\/index.php?rest_route=\/wp\/v2\/posts\/3344","targetHints":{"allow":["GET"]}}],"collection":[{"href":"http:\/\/www.ced.org.tr\/index.php?rest_route=\/wp\/v2\/posts"}],"about":[{"href":"http:\/\/www.ced.org.tr\/index.php?rest_route=\/wp\/v2\/types\/post"}],"author":[{"embeddable":true,"href":"http:\/\/www.ced.org.tr\/index.php?rest_route=\/wp\/v2\/users\/1"}],"replies":[{"embeddable":true,"href":"http:\/\/www.ced.org.tr\/index.php?rest_route=%2Fwp%2Fv2%2Fcomments&post=3344"}],"version-history":[{"count":0,"href":"http:\/\/www.ced.org.tr\/index.php?rest_route=\/wp\/v2\/posts\/3344\/revisions"}],"wp:attachment":[{"href":"http:\/\/www.ced.org.tr\/index.php?rest_route=%2Fwp%2Fv2%2Fmedia&parent=3344"}],"wp:term":[{"taxonomy":"category","embeddable":true,"href":"http:\/\/www.ced.org.tr\/index.php?rest_route=%2Fwp%2Fv2%2Fcategories&post=3344"},{"taxonomy":"post_tag","embeddable":true,"href":"http:\/\/www.ced.org.tr\/index.php?rest_route=%2Fwp%2Fv2%2Ftags&post=3344"}],"curies":[{"name":"wp","href":"https:\/\/api.w.org\/{rel}","templated":true}]}}