{"id":3347,"date":"2008-01-16T13:14:13","date_gmt":"2008-01-16T11:14:13","guid":{"rendered":"http:\/\/www.ced.org.tr\/?p=3347"},"modified":"2008-01-16T13:14:13","modified_gmt":"2008-01-16T11:14:13","slug":"cedde-basin-toplantisi","status":"publish","type":"post","link":"http:\/\/www.ced.org.tr\/?p=3347","title":{"rendered":"\u00c7ED&#8217;DE BASIN TOPLANTISI"},"content":{"rendered":"<p><img loading=\"lazy\" decoding=\"async\" style=\"width: 452px; height: 339px\" src=\"images\/stories\/dernek\/yatanhastabasin.jpg\" border=\"0\" alt=\"bas\u0131n toplant\u0131s\u0131\" title=\"bas\u0131n toplant\u0131s\u0131\" width=\"452\" height=\"339\" \/><\/p>\n<p>&nbsp;<\/p>\n<p style=\"margin: 0cm 0cm 0pt; line-height: 150%\" class=\"MsoNormal\"><font size=\"3\"><font color=\"#000000\"><font face=\"Times New Roman\"><strong>&Ccedil;ED&rsquo;DE BASIN TOPLANTISI<\/strong><\/font><\/font><\/font><\/p>\n<p><font size=\"3\"><font color=\"#000000\"><font face=\"Times New Roman\"><strong><\/p>\n<p>Derne\u011fimizce yatan hasta ila&ccedil;lar\u0131n\u0131n ve t\u0131bbi malzemelerinin hastaneler taraf\u0131ndan kar\u015f\u0131lanmas\u0131 g&uuml;ndemiyle ilgili olarak d&uuml;zenlenen bas\u0131n toplant\u0131s\u0131 bug&uuml;n (16 Ocak &Ccedil;ar\u015famba) &Ccedil;ED Genel Merkezi&rsquo;nde yap\u0131ld\u0131. Toplant\u0131da bas\u0131n mensuplar\u0131na yap\u0131lan a&ccedil;\u0131klamay\u0131 a\u015fa\u011f\u0131da bilginize sunar\u0131z.<\/p>\n<p>&nbsp;<\/p>\n<p><\/strong><\/p>\n<p>&nbsp;<\/p>\n<p><\/font><\/font><\/font><strong><font size=\"3\"><font color=\"#000000\"><font face=\"Times New Roman\">SA\u011eLIKTA &Ouml;ZELLE\u015eT\u0130RMEN\u0130N YEN\u0130 B\u0130R ADIMI:<\/font><\/font><\/font><\/strong><strong><font size=\"3\"><font color=\"#000000\"><font face=\"Times New Roman\">&ldquo;YATAN HASTA UYGULAMASI&rdquo;<\/font><\/font><\/font><\/strong><strong><font face=\"Times New Roman\" size=\"3\" color=\"#000000\">&nbsp;<\/font><\/strong> <\/p>\n<p style=\"margin: 0cm 0cm 0pt; line-height: 150%; text-align: right\" class=\"MsoNormal\" align=\"right\"><font face=\"Times New Roman\" size=\"3\" color=\"#000000\">16 Ocak 2008<\/font><\/p>\n<p><font face=\"Times New Roman\" size=\"3\" color=\"#000000\">&nbsp;<\/font> <\/p>\n<p style=\"margin: 0cm 0cm 0pt; text-indent: 26.95pt; text-align: justify\" class=\"MsoNormal\"><font face=\"Times New Roman\" size=\"3\" color=\"#000000\">Sa\u011fl\u0131k Uygulama Tebli\u011fi, uygulanmaya ba\u015flamas\u0131yla birlikte yatan hastalar\u0131n ila&ccedil;lar\u0131n\u0131n ve t\u0131bbi malzemelerinin kar\u015f\u0131lanmas\u0131 sorununu tam bir krize d&ouml;n&uuml;\u015ft&uuml;rd&uuml;.<\/font><\/p>\n<p style=\"margin: 0cm 0cm 0pt; text-indent: 26.95pt; text-align: justify\" class=\"MsoNormal\">&nbsp;<\/p>\n<p style=\"margin: 0cm 0cm 0pt; text-indent: 26.95pt; text-align: justify\" class=\"MsoNormal\"><font face=\"Times New Roman\" size=\"3\" color=\"#000000\">Bilindi\u011fi gibi; yatan hastalar\u0131n ila&ccedil;lar\u0131n\u0131n ve t\u0131bbi malzemelerinin kamu hastanelerinden kar\u015f\u0131lanmas\u0131na d&ouml;n&uuml;k y\u0131llar &ouml;ncesinden ba\u015flat\u0131lan sistem daha ba\u015flang\u0131&ccedil;ta sorunlu do\u011fdu. K&ouml;r topal y&uuml;r&uuml;yen sistem pek &ccedil;ok sorunu da i&ccedil;inde ta\u015f\u0131d\u0131. Sa\u011fl\u0131ktan ve ila&ccedil;tan rant sa\u011flamak isteyen &ccedil;evrelerin, sa\u011fl\u0131k tacirlerinin eli hep bu sistemin i&ccedil;inde oldu. Yatan hasta sistemi bas\u0131nda ve kamuoyunda hakl\u0131 olarak ele\u015ftirilerin boy hedefi haline geldi ve hep g&uuml;ndemde tutuldu. <\/font><\/p>\n<p style=\"margin: 0cm 0cm 0pt; text-indent: 26.95pt; text-align: justify\" class=\"MsoNormal\">&nbsp;<\/p>\n<p style=\"margin: 0cm 0cm 0pt; text-indent: 26.95pt; text-align: justify\" class=\"MsoNormal\"><font face=\"Times New Roman\" size=\"3\" color=\"#000000\">Etik d\u0131\u015f\u0131 ili\u015fkiler a\u011f\u0131 ile sarmalanan yatan hasta hizmeti, ba\u015fta vatanda\u015f olmak &uuml;zere hizmeti sa\u011fl\u0131kl\u0131 ve do\u011fru kanallardan y&uuml;r&uuml;tmek isteyen hekimi, eczac\u0131s\u0131 ve sa\u011fl\u0131k personeli de dahil etik &ccedil;al\u0131\u015fmak isteyen herkesi rahats\u0131z etti. \u0130nsan sa\u011fl\u0131\u011f\u0131 &uuml;zerinden rant sa\u011flayan sa\u011fl\u0131k bezirganlar\u0131n\u0131n sistemi daha fazla kirletmesini &ouml;nlemek i&ccedil;in eczac\u0131 odalar\u0131 taraf\u0131ndan geli\u015ftirilen yeni bir sistem Sa\u011fl\u0131k Bakanl\u0131\u011f\u0131&rsquo;n\u0131n ve Sosyal G&uuml;venlik Kurumu&rsquo;nun deste\u011fi ve onay\u0131 ile uygulamaya konuldu. Bu sistemin &ouml;z&uuml; hastane eczanelerinde olmayan yatan hasta ila&ccedil;lar\u0131n\u0131n eczac\u0131 odalar\u0131n\u0131n inisiyatifinde serbest eczanelerden kar\u015f\u0131lanmas\u0131na dayan\u0131yordu. &ldquo;Yatan hasta re&ccedil;etelerinin e\u015fit da\u011f\u0131l\u0131m\u0131&rdquo; ad\u0131 ile uygulanan bu sistem ile her bir kamu hastanesinde olu\u015fturulan eczac\u0131 odalar\u0131 b&uuml;rolar\u0131 arac\u0131l\u0131\u011f\u0131 ile yatan hastalar i&ccedil;in gerekli olan ila&ccedil;lar do\u011frudan hastaya ula\u015ft\u0131r\u0131labildi. Sistem sa\u011fl\u0131k tacirlerinin ve simsarlar\u0131n\u0131n arac\u0131l\u0131\u011f\u0131na izin vermeden sa\u011fl\u0131kl\u0131 bir \u015fekilde y&uuml;r&uuml;d&uuml;.<\/font><\/p>\n<p style=\"margin: 0cm 0cm 0pt; text-indent: 26.95pt; text-align: justify\" class=\"MsoNormal\">&nbsp;<\/p>\n<p style=\"margin: 0cm 0cm 0pt; text-indent: 26.95pt; text-align: justify\" class=\"MsoNormal\"><font face=\"Times New Roman\" size=\"3\" color=\"#000000\">Kamu hastaneleri ve hastane eczaneleri yeterli donan\u0131ma sahip olmad\u0131\u011f\u0131 i&ccedil;in sistemin eksikli\u011fi bu \u015fekilde tamamland\u0131 ve hi&ccedil;bir kaosa yol a&ccedil;madan yatan hasta sistemi sa\u011fl\u0131kl\u0131 bir \u015fekilde i\u015fledi. 15 Haziran 2007 tarihinde y&uuml;r&uuml;rl&uuml;\u011fe giren tebli\u011f yatan hastalar i&ccedil;in gerekli olan ila&ccedil;lar\u0131n ve t\u0131bbi malzemelerin do\u011frudan hastane eczanelerinden ve hastanelerden kar\u015f\u0131lanmas\u0131n\u0131 zorunlu hale getirdi. Uygulamaya 15 Ekim 2007 tarihinde ba\u015flanacakt\u0131 ancak, gerekli altyap\u0131 donan\u0131m\u0131 olmad\u0131\u011f\u0131 i&ccedil;in zorunlu olarak 1 Ocak 2008 tarihine ertelendi. &Ccedil;&uuml;nk&uuml; kamu hastaneleri ve eczaneleri bu &ouml;l&ccedil;ekteki ila&ccedil; ve t\u0131bbi malzeme ihtiyac\u0131n\u0131 kar\u015f\u0131layacak ne y&ouml;netsel bir kapasiteye ne de yeterli personel donan\u0131m\u0131na, parasal kayna\u011fa, teknik altyap\u0131ya, fiziki ko\u015fullara ve depolama olanaklar\u0131na sahiplerdi. <\/font><\/p>\n<p style=\"margin: 0cm 0cm 0pt; text-indent: 26.95pt; text-align: justify\" class=\"MsoNormal\">&nbsp;<\/p>\n<p style=\"margin: 0cm 0cm 0pt; text-indent: 26.95pt; text-align: justify\" class=\"MsoNormal\"><font face=\"Times New Roman\" size=\"3\" color=\"#000000\">Yatan hasta sistemi as\u0131l bu nedenle i\u015flemedi ve ortaya &ccedil;\u0131kan kaotik durumda yatan hastalar ve hasta yak\u0131nlar\u0131 ma\u011fdur oldu. Kanserli hastalar da dahil pek &ccedil;ok servis hastalar\u0131n\u0131 taburcu etmek zorunda kald\u0131. Uygulama tam bir sa\u011fl\u0131k &ccedil;ilesine d&ouml;n&uuml;\u015ft&uuml;. \u0130la&ccedil;lar\u0131n\u0131 hastane eczanelerinden kar\u015f\u0131layamayan vatanda\u015flar paras\u0131n\u0131 cebinden &ouml;deyerek temin etmek zorunda kald\u0131lar.<\/font><\/p>\n<p style=\"margin: 0cm 0cm 0pt; text-indent: 26.95pt; text-align: justify\" class=\"MsoNormal\">&nbsp;<\/p>\n<p style=\"margin: 0cm 0cm 0pt; text-indent: 26.95pt; text-align: justify\" class=\"MsoNormal\"><font face=\"Times New Roman\" size=\"3\" color=\"#000000\">\u015eimdi yan\u0131tlanmas\u0131 gereken soru \u015fu?<\/font><\/p>\n<p style=\"margin: 0cm 0cm 0pt; text-indent: 26.95pt; text-align: justify\" class=\"MsoNormal\">&nbsp;<\/p>\n<p style=\"margin: 0cm 0cm 0pt; text-indent: 26.95pt; text-align: justify\" class=\"MsoNormal\"><font face=\"Times New Roman\" size=\"3\" color=\"#000000\">Kamu hastanelerinin ve eczanelerinin yetersizli\u011finin bilinmesine ve i\u015fleyen bir yatan hasta sistemine ra\u011fmen Sa\u011fl\u0131k Uygulama Tebli\u011fi ile emrivaki olarak bu uygulama neden dayat\u0131ld\u0131. Sa\u011fl\u0131kta d&ouml;n&uuml;\u015f&uuml;m projesi, Sosyal Sigortalar ve Genel Sa\u011fl\u0131k Sigortas\u0131 Yasas\u0131, son d&ouml;nemde g&uuml;ndeme getirilen Kamu Hastaneleri Birli\u011fi Yasa Tasar\u0131s\u0131 kamu hastanelerinin &ouml;zel i\u015fletmelere d&ouml;n&uuml;\u015ft&uuml;r&uuml;lmesi ad\u0131mlar\u0131 ile siyasi iktidar niyetini a&ccedil;\u0131k&ccedil;a ortaya koyuyor. Sa\u011fl\u0131k Uygulama Tebli\u011fi ile g&uuml;ndemi getirilen yatan hasta ila&ccedil;lar\u0131n\u0131n do\u011frudan hastane eczanelerinden kar\u015f\u0131lanmas\u0131 uygulamas\u0131 da sa\u011fl\u0131kta &ouml;zelle\u015ftirmenin yeni bir ad\u0131m\u0131 olarak tasarlan\u0131yor. Sistemin arka plan\u0131nda yer alan temel ama&ccedil; kamu eczanelerinin tasfiye edilmesidir. Yatan hasta ila&ccedil;lar\u0131n\u0131n bug&uuml;nk&uuml; ko\u015fullarda hastane eczanelerinden kar\u015f\u0131lanamayaca\u011f\u0131n\u0131 sa\u011fl\u0131k otoriteleri ve siyasi iktidar &ccedil;ok iyi biliyor. Bile bile bu uygulamay\u0131 dayatarak sistemi i\u015flemez hale getirmek ve sonu&ccedil;ta &ccedil;&ouml;kertmek istiyorlar. Kamu hastanelerinin ve eczanelerinin alt yap\u0131 donan\u0131m\u0131na, personel istihdam\u0131na, parasal kayna\u011fa, &ouml;zetle her bak\u0131mdan deste\u011fe ihtiyac\u0131 var. Yatan hasta hizmetini bu kurumlar &uuml;zerinden y&uuml;r&uuml;tmek isteyen siyasi iktidar\u0131n ve sa\u011fl\u0131k otoritelerinin de bu deste\u011fi sunma sorumluluklar\u0131 vard\u0131r. Yatan hastalar\u0131n ila&ccedil; ve t\u0131bbi malzeme ihtiyac\u0131 ancak bu \u015fekilde ve sorunsuz kar\u015f\u0131lanabilir. <\/font><\/p>\n<p style=\"margin: 0cm 0cm 0pt; text-indent: 26.95pt; text-align: justify\" class=\"MsoNormal\">&nbsp;<\/p>\n<p style=\"margin: 0cm 0cm 0pt; text-indent: 26.95pt; text-align: justify\" class=\"MsoNormal\"><font face=\"Times New Roman\" size=\"3\" color=\"#000000\">Sa\u011fl\u0131k sorununa finansal bir sorun olarak yakla\u015fan AKP iktidar\u0131 asl\u0131nda kamu eczanelerini sistemin s\u0131rt\u0131nda bir kambur olarak g&ouml;r&uuml;yor, olu\u015fan bu kaos ortam\u0131ndan yararlanarak bu eczanelerden kurtulmak istiyor. Bunu ya kamu eczanelerinin i\u015fletmelerini &ouml;zel \u015firketlere, &ouml;zel da\u011f\u0131t\u0131m kanallar\u0131na devrederek ya da SSK eczanelerinde oldu\u011fu gibi do\u011frudan kapatarak yapacaklar. As\u0131l niyet budur.<\/font><\/p>\n<p style=\"margin: 0cm 0cm 0pt; text-indent: 26.95pt; text-align: justify\" class=\"MsoNormal\">&nbsp;<\/p>\n<p><strong><font face=\"Times New Roman\" size=\"3\" color=\"#000000\">&nbsp;<\/font><\/strong><strong><font size=\"3\"><font color=\"#000000\"><font face=\"Times New Roman\">Sonu&ccedil;:<\/font><\/font><\/font><\/strong> <\/p>\n<p style=\"margin: 0cm 0cm 0pt; text-indent: 26.95pt; text-align: justify\" class=\"MsoNormal\"><font face=\"Times New Roman\" size=\"3\" color=\"#000000\">Yatan hastalar i&ccedil;in gerekli ila&ccedil;lar\u0131n ve t\u0131bbi malzemelerin kamu eczanelerinden ve hastanelerden kar\u015f\u0131lanmas\u0131 uygulamas\u0131 ilkesel olarak do\u011fru bir yakla\u015f\u0131md\u0131r. Buna hi&ccedil;bir itiraz\u0131m\u0131z yok. Ve y\u0131llard\u0131r biz &Ccedil;a\u011fda\u015f Eczac\u0131lar taraf\u0131ndan savunulan bir ilkedir. Ancak bu dayatma ile olmaz. Bunun i&ccedil;in at\u0131lmas\u0131 gereken &ouml;ncelikli ad\u0131mlar var. <\/font><\/p>\n<p style=\"margin: 0cm 0cm 0pt; text-indent: 26.95pt; text-align: justify\" class=\"MsoNormal\">&nbsp;<\/p>\n<p style=\"margin: 0cm 0cm 0pt; text-indent: 26.95pt; text-align: justify\" class=\"MsoNormal\"><font face=\"Times New Roman\" size=\"3\" color=\"#000000\">&#8211; Eczac\u0131 ve yard\u0131mc\u0131 personel istihdam\u0131,<\/font><\/p>\n<p style=\"margin: 0cm 0cm 0pt; text-indent: 26.95pt; text-align: justify\" class=\"MsoNormal\"><font face=\"Times New Roman\" size=\"3\" color=\"#000000\">&#8211; Teknik donan\u0131m,<\/font><\/p>\n<p style=\"margin: 0cm 0cm 0pt; text-indent: 26.95pt; text-align: justify\" class=\"MsoNormal\"><font face=\"Times New Roman\" size=\"3\" color=\"#000000\">&#8211; Fiziki ko\u015fullar,<\/font><\/p>\n<p style=\"margin: 0cm 0cm 0pt; text-indent: 26.95pt; text-align: justify\" class=\"MsoNormal\"><font face=\"Times New Roman\" size=\"3\" color=\"#000000\">&#8211; Kamu hastanelerinin verdi\u011fi hizmetin bedelinin Sosyal G&uuml;venlik Kurumunca &ouml;ncelikle ve zaman\u0131nda &ouml;denmesi,<\/font><\/p>\n<p style=\"margin: 0cm 0cm 0pt; text-indent: 26.95pt; text-align: justify\" class=\"MsoNormal\"><font face=\"Times New Roman\" size=\"3\" color=\"#000000\">&#8211; Her bir &uuml;niversite hastanesinin, kamu hastanelerinin ihale sistemini y&ouml;netecek y&ouml;netsel bir kapasiteye ula\u015fmas\u0131,<\/font><\/p>\n<p style=\"margin: 0cm 0cm 0pt; text-indent: 26.95pt; text-align: justify\" class=\"MsoNormal\"><font face=\"Times New Roman\" size=\"3\" color=\"#000000\">&#8211; Depolama vb. altyap\u0131 donan\u0131mlar\u0131n\u0131n sa\u011flanmas\u0131 gerekiyor. <\/font><\/p>\n<p><font face=\"Times New Roman\" size=\"3\" color=\"#000000\">&nbsp;<\/font> <\/p>\n<p style=\"margin: 0cm 0cm 0pt; text-indent: 26.95pt; text-align: justify\" class=\"MsoNormal\"><font face=\"Times New Roman\" size=\"3\" color=\"#000000\">1000-1500 yatak kapasiteli bir &uuml;niversite hastanesi eczanesinde bir ya da iki eczac\u0131 istihdam ederek bu &ouml;l&ccedil;ekteki bir ila&ccedil; hizmetini kar\u015f\u0131lamak olanakl\u0131 de\u011fil. Bu ad\u0131mlar at\u0131lmadan Sa\u011fl\u0131k Uygulama Tebli\u011fi&rsquo;nin dayat\u0131lmas\u0131 bug&uuml;n ya\u015fan\u0131lan kaosu ortaya &ccedil;\u0131kard\u0131. Yatan hasta uygulamas\u0131 ile &ccedil;&ouml;z&uuml;ms&uuml;zl&uuml;\u011f&uuml; ve kaosu yaratan siyasi iktidard\u0131r ve bu uygulama kamu sa\u011fl\u0131k hizmetlerinin &ccedil;&ouml;kertilmesine yol a&ccedil;acakt\u0131r. <\/font><\/p>\n<p style=\"margin: 0cm 0cm 0pt; text-indent: 26.95pt; text-align: justify\" class=\"MsoNormal\">&nbsp;<\/p>\n<p style=\"margin: 0cm 0cm 0pt; text-indent: 26.95pt; text-align: justify\" class=\"MsoNormal\"><font face=\"Times New Roman\" size=\"3\" color=\"#000000\">&Ccedil;&ouml;z&uuml;m, kamu eczanelerinin ve hastanelerin altyap\u0131 donan\u0131mlar\u0131 sa\u011flan\u0131ncaya kadar, hastalar\u0131n ma\u011fduriyetini &ouml;nlemek i&ccedil;in eczac\u0131 odalar\u0131n\u0131n kontrol&uuml;nde y&uuml;r&uuml;yen yatan hasta uygulamas\u0131n\u0131n devam etmesidir.<\/font><\/p>\n<p style=\"margin: 0cm 0cm 0pt; text-indent: 26.95pt; text-align: justify\" class=\"MsoNormal\">&nbsp;<\/p>\n<p><strong><font size=\"3\"><font color=\"#000000\"><font face=\"Times New Roman\">&Ccedil;A\u011eDA\u015e ECZACILAR DERNE\u011e\u0130<br \/>&nbsp;&nbsp;&nbsp;&nbsp;&nbsp;&nbsp;&nbsp;&nbsp;&nbsp;&nbsp;&nbsp;&nbsp;&nbsp;&nbsp;&nbsp;&nbsp;&nbsp;&nbsp;&nbsp;&nbsp;&nbsp;&nbsp; Y&Ouml;NET\u0130M KURULU<\/font><\/font><\/font><\/strong><\/p>\n","protected":false},"excerpt":{"rendered":"<p>&nbsp; &Ccedil;ED&rsquo;DE BASIN TOPLANTISI Derne\u011fimizce yatan hasta ila&ccedil;lar\u0131n\u0131n ve t\u0131bbi malzemelerinin hastaneler taraf\u0131ndan kar\u015f\u0131lanmas\u0131 g&uuml;ndemiyle ilgili olarak d&uuml;zenlenen bas\u0131n toplant\u0131s\u0131&#46;&#46;&#46;<\/p>\n","protected":false},"author":1,"featured_media":0,"comment_status":"closed","ping_status":"closed","sticky":false,"template":"","format":"standard","meta":{"_jetpack_memberships_contains_paid_content":false,"footnotes":""},"categories":[1],"tags":[],"class_list":["post-3347","post","type-post","status-publish","format-standard","hentry","category-ced"],"aioseo_notices":[],"jetpack_featured_media_url":"","jetpack_sharing_enabled":true,"jetpack-related-posts":[],"_links":{"self":[{"href":"http:\/\/www.ced.org.tr\/index.php?rest_route=\/wp\/v2\/posts\/3347","targetHints":{"allow":["GET"]}}],"collection":[{"href":"http:\/\/www.ced.org.tr\/index.php?rest_route=\/wp\/v2\/posts"}],"about":[{"href":"http:\/\/www.ced.org.tr\/index.php?rest_route=\/wp\/v2\/types\/post"}],"author":[{"embeddable":true,"href":"http:\/\/www.ced.org.tr\/index.php?rest_route=\/wp\/v2\/users\/1"}],"replies":[{"embeddable":true,"href":"http:\/\/www.ced.org.tr\/index.php?rest_route=%2Fwp%2Fv2%2Fcomments&post=3347"}],"version-history":[{"count":0,"href":"http:\/\/www.ced.org.tr\/index.php?rest_route=\/wp\/v2\/posts\/3347\/revisions"}],"wp:attachment":[{"href":"http:\/\/www.ced.org.tr\/index.php?rest_route=%2Fwp%2Fv2%2Fmedia&parent=3347"}],"wp:term":[{"taxonomy":"category","embeddable":true,"href":"http:\/\/www.ced.org.tr\/index.php?rest_route=%2Fwp%2Fv2%2Fcategories&post=3347"},{"taxonomy":"post_tag","embeddable":true,"href":"http:\/\/www.ced.org.tr\/index.php?rest_route=%2Fwp%2Fv2%2Ftags&post=3347"}],"curies":[{"name":"wp","href":"https:\/\/api.w.org\/{rel}","templated":true}]}}